{"id":1522,"date":"2023-10-15T18:06:00","date_gmt":"2023-10-15T16:06:00","guid":{"rendered":"https:\/\/ilfoglio.info\/new\/?p=1522"},"modified":"2024-11-10T12:25:23","modified_gmt":"2024-11-10T11:25:23","slug":"registro-di-scuola-2022-2023-2pirandello-al-collegio-docenti","status":"publish","type":"post","link":"https:\/\/ilfoglio.info\/new\/registro-di-scuola-2022-2023-2pirandello-al-collegio-docenti\/","title":{"rendered":"Registro di scuola 2022-2023 \/ 2 Beckett al Collegio docenti"},"content":{"rendered":"\n<p><em>10 giugno<\/em><\/p>\n\n\n\n<p><strong>Un lungo silenzio. <\/strong>Durante il collegio dei docenti la dirigente avvia da remoto una votazione controversa sulle prove di recupero di settembre (o agosto?): non \u00e8 chiaro perch\u00e9 si debba votare per la tipologia ma non per le date di svolgimento, alcuni docenti chiedono per questo di non votare. Ma per alcuni lunghi minuti tutto tace: in video o in voce per una decina di minuti la dirigente non compare e solo dopo parecchi minuti compare il vicepreside (che forse \u00e8 andato in bagno). Un collega a un certo punto vince il silenzio e l&#8217;imbarazzo, e lamenta che nessuno sta conducendo il Collegio. All\u2019improvviso la dirigente interviene e, dopo aver urlato \u00abSono malata! Sono malata!\u00bb, nell&#8217;imbarazzo di tutti chiede al vicepreside di gestire lui il Collegio perch\u00e9 si sente male e, avendo una crisi, deve urgentemente uscire a comprare una medicina. Lamenta l\u2019inefficienza del vicepreside &#8211; con cui evidedentemente \u00e8 ai ferri corti &#8211; che non riesce o non vuole continuare il Collegio, facendo votare e viene cos\u00ec meno ai suoi compiti: \u00abMa allora per cosa ti paghiamo a fare!!\u00bb. Il vicepreside rientra facendo finta di non aver sentito, e si scusa per l\u2019assenza momentanea. Alla fine la dirigente comunica gli esiti della votazione e dichiara che le date verranno stabilite nel Collegio di giugno, quindi lascia la riunione che di qui in avanti viene presieduta dal vicepreside. Un pezzo di teatro dell&#8217;assurdo. Beckett avrebbe solo da imparare.<\/p>\n\n\n\n<p><\/p>\n\n\n\n<p><em>13 giugno<\/em><\/p>\n\n\n\n<p><strong>Educazione (in)civile<\/strong>. In una classe l\u2019allievo arriva allo scrutinio finale con un solo voto di educazione civica (le altre valutazioni le aveva elegantemente&#8230; glissate): quattro (4). Allo scrutinio il Consiglio di classe gli assegna nove (9). Credo che questo gesto pi\u00f9 di mille parole possa servire per insegnare al discente la giusta postura nei confronti della <em>polis<\/em>: <em>fottittene, <\/em>e ti ringrazieranno. Ora il nostro allievo \u00e8 davvero pronto a vivere da <em>civis <\/em>in questo nostro amato paese. Educazione civica non \u00e8 una materia, non ha un programma, non ha un docente. \u00c8 uno degli ultimi voti del tabellone che viene trattato come religione e condotta&#8230; Il voto alto \u00e8 un diritto. Passare dal 4 al 9 un obbligo. Serve per alzare la media.<\/p>\n\n\n\n<p><\/p>\n\n\n\n<p><em>19 giugno<\/em><\/p>\n\n\n\n<p><strong>Un po&#8217; pi\u00f9 di 3 euro<\/strong>. Ho mandato come di dovere la mia relazioncina sulla Commissione elettorale che indegnamente presiedo. Ho compilato anche il <em>time sheet<\/em> con il dettaglio di quanto fatto a ottobre: il lavoro dura da quando comincia la scuola alla fine di ottobre, quando si insedia il Consiglio di istituto e si fanno i primi Consigli di classe rinnovati nei rappresentanti. Senza le elezioni, infatti, la scuola non pu\u00f2 partire regolarmente. Ho voluto farmi del male calcolando le ore lavorate da me (e dai due colleghi: un numero di ore analogo), poi ho diviso la somma delle ore per il compenso assegnato: la cifra risultante \u00e8 pari a circa 5 euro \/ ora lorde (ovviamente!). Insomma 3 euro e mezzo, che verranno liquidati a ottobre prossimo. La paga \u00e8 forfettaria e non in rapporto alle ore lavorate: ergo la beffa suppletiva, oltre al danno, consiste nel far compilare questo <em>shit<\/em> di <em>time sheet<\/em> (e poi davvero bisogna dirlo in inglese? in italiano non ci sono parole per dirlo?).<\/p>\n\n\n\n<p><\/p>\n\n\n\n<p><em>21 giugno<\/em><\/p>\n\n\n\n<p><strong>Svacco<\/strong>. Una amica mi racconta che girando per fare assistenza durante le prove scritte si \u00e8 affacciata su un&#8217;aula dove tutti parlavano con tutti, la docente (interna con un&#8217;altra interna) diceva apertamente a tutti di approfittarne per copiare il copiabile, un allievo (forse disabile) si rivolgeva alla docente col &#8220;tu&#8221;, l&#8217;aria era di svacco totale. La giustificazione addotta \u00e8 che il livello di quella materia in quella classe era sotto zero\u2026Ma visto questo, la mia amica se ne \u00e8 andata facendo finta di non vedere e non sentire, se no quella classe doveva rifare l&#8217;esame. Come darle torto? O doveva fare la giansenista? Ma mi chiedeva se secondo me quella docente \u00e8\u2026 decente. Le ho risposto che dubito che fuori della scuola trovino un ambiente lavorativo che li accolga come quella professoressa li accoglie: come una mamma. \u00c8 questo il modo di educare gli allievi?<\/p>\n\n\n\n<p><\/p>\n\n\n\n<p><em>23 giugno<\/em><\/p>\n\n\n\n<p><strong>Cultura da cioccolatino<\/strong>. Un collega di filosofia le ha sgamate: alcune colleghe avevano citato Eraclito in una loro relazione. Peccato che quella frase il filosofo non l\u2019abbia mai scritta. Il controllo non \u00e8 difficile, dato che per fortuna di Eraclito ci restano solo frammenti! Ma questa mania \u00e8 diffusa: trovo spesso su documenti di scuola citazioni di filosofi, pensatori ecc. messi l\u00ec non si sa bene perch\u00e9. La cosa curiosa \u00e8 che spesso non hanno neanche una diretta pertinenza col testo che segue (o precede). Ma fa fine e non impegna. Questo uso \u201ccioccolatesco\u201d della cultura \u00e8 avvilente. Ma soprattutto \u00e8 quanto di meno educativo conosca: la scuola dovrebbe insegnare a non sprecare parole e nomi difficili per vanto, ma per diventare padroni delle parole, senza vantarsi. Preferisco i cafoncelli di periferia che cercano in rete le citazioni da mettere sotto le foto delle loro imprese su istagram a chi cita <em>ad minchiam<\/em> i classici.<\/p>\n","protected":false},"excerpt":{"rendered":"<p>10 giugno Un lungo silenzio. Durante il collegio dei docenti la dirigente avvia da remoto una votazione controversa sulle prove di recupero di settembre (o agosto?): non \u00e8 chiaro perch\u00e9 si debba votare per la tipologia ma non per le date di svolgimento, alcuni docenti chiedono per questo di non votare. Ma per alcuni lunghi [&hellip;]<\/p>\n","protected":false},"author":31,"featured_media":1718,"comment_status":"open","ping_status":"open","sticky":false,"template":"","format":"standard","meta":{"_et_pb_use_builder":"off","_et_pb_old_content":"","_et_gb_content_width":"","footnotes":""},"categories":[1,228],"tags":[],"class_list":["post-1522","post","type-post","status-publish","format-standard","has-post-thumbnail","hentry","category-news","category-zibaldone"],"yoast_head":"<!-- This site is optimized with the Yoast SEO plugin v26.4 - https:\/\/yoast.com\/wordpress\/plugins\/seo\/ -->\n<title>Registro di scuola 2022-2023 \/ 2 Beckett al Collegio docenti - Il Foglio<\/title>\n<meta name=\"robots\" content=\"index, follow, max-snippet:-1, max-image-preview:large, max-video-preview:-1\" \/>\n<link rel=\"canonical\" href=\"https:\/\/ilfoglio.info\/new\/registro-di-scuola-2022-2023-2pirandello-al-collegio-docenti\/\" \/>\n<meta property=\"og:locale\" content=\"it_IT\" \/>\n<meta property=\"og:type\" content=\"article\" \/>\n<meta property=\"og:title\" content=\"Registro di scuola 2022-2023 \/ 2 Beckett al Collegio docenti - Il Foglio\" \/>\n<meta property=\"og:description\" content=\"10 giugno Un lungo silenzio. Durante il collegio dei docenti la dirigente avvia da remoto una votazione controversa sulle prove di recupero di settembre (o agosto?): non \u00e8 chiaro perch\u00e9 si debba votare per la tipologia ma non per le date di svolgimento, alcuni docenti chiedono per questo di non votare. Ma per alcuni lunghi [&hellip;]\" \/>\n<meta property=\"og:url\" content=\"https:\/\/ilfoglio.info\/new\/registro-di-scuola-2022-2023-2pirandello-al-collegio-docenti\/\" \/>\n<meta property=\"og:site_name\" content=\"Il Foglio\" \/>\n<meta property=\"article:publisher\" content=\"https:\/\/www.facebook.com\/Francescane-Elisabettine-Pastorale-Giovanile-Vocazionale-403083793120929\" \/>\n<meta property=\"article:published_time\" content=\"2023-10-15T16:06:00+00:00\" \/>\n<meta property=\"article:modified_time\" content=\"2024-11-10T11:25:23+00:00\" \/>\n<meta property=\"og:image\" content=\"https:\/\/ilfoglio.info\/new\/wp-content\/uploads\/2023\/10\/baci-perugina.jpg\" \/>\n\t<meta property=\"og:image:width\" content=\"960\" \/>\n\t<meta property=\"og:image:height\" content=\"656\" \/>\n\t<meta property=\"og:image:type\" content=\"image\/jpeg\" \/>\n<meta name=\"author\" content=\"Savio Simoncini\" \/>\n<meta name=\"twitter:card\" content=\"summary_large_image\" \/>\n<meta name=\"twitter:label1\" content=\"Scritto da\" \/>\n\t<meta name=\"twitter:data1\" content=\"Savio Simoncini\" \/>\n\t<meta name=\"twitter:label2\" content=\"Tempo di lettura stimato\" \/>\n\t<meta name=\"twitter:data2\" content=\"5 minuti\" \/>\n<script type=\"application\/ld+json\" class=\"yoast-schema-graph\">{\"@context\":\"https:\/\/schema.org\",\"@graph\":[{\"@type\":\"Article\",\"@id\":\"https:\/\/ilfoglio.info\/new\/registro-di-scuola-2022-2023-2pirandello-al-collegio-docenti\/#article\",\"isPartOf\":{\"@id\":\"https:\/\/ilfoglio.info\/new\/registro-di-scuola-2022-2023-2pirandello-al-collegio-docenti\/\"},\"author\":{\"name\":\"Savio Simoncini\",\"@id\":\"https:\/\/ilfoglio.info\/new\/#\/schema\/person\/75c9ffb765b6f61bfb22c1558c3b3da5\"},\"headline\":\"Registro di scuola 2022-2023 \/ 2 Beckett al Collegio docenti\",\"datePublished\":\"2023-10-15T16:06:00+00:00\",\"dateModified\":\"2024-11-10T11:25:23+00:00\",\"mainEntityOfPage\":{\"@id\":\"https:\/\/ilfoglio.info\/new\/registro-di-scuola-2022-2023-2pirandello-al-collegio-docenti\/\"},\"wordCount\":832,\"commentCount\":0,\"publisher\":{\"@id\":\"https:\/\/ilfoglio.info\/new\/#organization\"},\"image\":{\"@id\":\"https:\/\/ilfoglio.info\/new\/registro-di-scuola-2022-2023-2pirandello-al-collegio-docenti\/#primaryimage\"},\"thumbnailUrl\":\"https:\/\/ilfoglio.info\/new\/wp-content\/uploads\/2023\/10\/baci-perugina.jpg\",\"articleSection\":[\"News\",\"Zibaldone\"],\"inLanguage\":\"it-IT\",\"potentialAction\":[{\"@type\":\"CommentAction\",\"name\":\"Comment\",\"target\":[\"https:\/\/ilfoglio.info\/new\/registro-di-scuola-2022-2023-2pirandello-al-collegio-docenti\/#respond\"]}]},{\"@type\":\"WebPage\",\"@id\":\"https:\/\/ilfoglio.info\/new\/registro-di-scuola-2022-2023-2pirandello-al-collegio-docenti\/\",\"url\":\"https:\/\/ilfoglio.info\/new\/registro-di-scuola-2022-2023-2pirandello-al-collegio-docenti\/\",\"name\":\"Registro di scuola 2022-2023 \/ 2 Beckett al Collegio docenti - Il Foglio\",\"isPartOf\":{\"@id\":\"https:\/\/ilfoglio.info\/new\/#website\"},\"primaryImageOfPage\":{\"@id\":\"https:\/\/ilfoglio.info\/new\/registro-di-scuola-2022-2023-2pirandello-al-collegio-docenti\/#primaryimage\"},\"image\":{\"@id\":\"https:\/\/ilfoglio.info\/new\/registro-di-scuola-2022-2023-2pirandello-al-collegio-docenti\/#primaryimage\"},\"thumbnailUrl\":\"https:\/\/ilfoglio.info\/new\/wp-content\/uploads\/2023\/10\/baci-perugina.jpg\",\"datePublished\":\"2023-10-15T16:06:00+00:00\",\"dateModified\":\"2024-11-10T11:25:23+00:00\",\"breadcrumb\":{\"@id\":\"https:\/\/ilfoglio.info\/new\/registro-di-scuola-2022-2023-2pirandello-al-collegio-docenti\/#breadcrumb\"},\"inLanguage\":\"it-IT\",\"potentialAction\":[{\"@type\":\"ReadAction\",\"target\":[\"https:\/\/ilfoglio.info\/new\/registro-di-scuola-2022-2023-2pirandello-al-collegio-docenti\/\"]}]},{\"@type\":\"ImageObject\",\"inLanguage\":\"it-IT\",\"@id\":\"https:\/\/ilfoglio.info\/new\/registro-di-scuola-2022-2023-2pirandello-al-collegio-docenti\/#primaryimage\",\"url\":\"https:\/\/ilfoglio.info\/new\/wp-content\/uploads\/2023\/10\/baci-perugina.jpg\",\"contentUrl\":\"https:\/\/ilfoglio.info\/new\/wp-content\/uploads\/2023\/10\/baci-perugina.jpg\",\"width\":960,\"height\":656},{\"@type\":\"BreadcrumbList\",\"@id\":\"https:\/\/ilfoglio.info\/new\/registro-di-scuola-2022-2023-2pirandello-al-collegio-docenti\/#breadcrumb\",\"itemListElement\":[{\"@type\":\"ListItem\",\"position\":1,\"name\":\"Home\",\"item\":\"https:\/\/ilfoglio.info\/new\/\"},{\"@type\":\"ListItem\",\"position\":2,\"name\":\"Registro di scuola 2022-2023 \/ 2 Beckett al Collegio docenti\"}]},{\"@type\":\"WebSite\",\"@id\":\"https:\/\/ilfoglio.info\/new\/#website\",\"url\":\"https:\/\/ilfoglio.info\/new\/\",\"name\":\"Il Foglio\",\"description\":\"\",\"publisher\":{\"@id\":\"https:\/\/ilfoglio.info\/new\/#organization\"},\"potentialAction\":[{\"@type\":\"SearchAction\",\"target\":{\"@type\":\"EntryPoint\",\"urlTemplate\":\"https:\/\/ilfoglio.info\/new\/?s={search_term_string}\"},\"query-input\":{\"@type\":\"PropertyValueSpecification\",\"valueRequired\":true,\"valueName\":\"search_term_string\"}}],\"inLanguage\":\"it-IT\"},{\"@type\":\"Organization\",\"@id\":\"https:\/\/ilfoglio.info\/new\/#organization\",\"name\":\"Istituto delle Suore Francescane Elisabettine\",\"url\":\"https:\/\/ilfoglio.info\/new\/\",\"logo\":{\"@type\":\"ImageObject\",\"inLanguage\":\"it-IT\",\"@id\":\"https:\/\/ilfoglio.info\/new\/#\/schema\/logo\/image\/\",\"url\":\"https:\/\/ilfoglio.info\/new\/wp-content\/uploads\/2022\/05\/logo-imm-profilo-fb-01.png\",\"contentUrl\":\"https:\/\/ilfoglio.info\/new\/wp-content\/uploads\/2022\/05\/logo-imm-profilo-fb-01.png\",\"width\":708,\"height\":708,\"caption\":\"Istituto delle Suore Francescane Elisabettine\"},\"image\":{\"@id\":\"https:\/\/ilfoglio.info\/new\/#\/schema\/logo\/image\/\"},\"sameAs\":[\"https:\/\/www.facebook.com\/Francescane-Elisabettine-Pastorale-Giovanile-Vocazionale-403083793120929\",\"https:\/\/www.instagram.com\/evocate__\/?hl=it\"]},{\"@type\":\"Person\",\"@id\":\"https:\/\/ilfoglio.info\/new\/#\/schema\/person\/75c9ffb765b6f61bfb22c1558c3b3da5\",\"name\":\"Savio Simoncini\",\"image\":{\"@type\":\"ImageObject\",\"inLanguage\":\"it-IT\",\"@id\":\"https:\/\/ilfoglio.info\/new\/#\/schema\/person\/image\/\",\"url\":\"https:\/\/secure.gravatar.com\/avatar\/19554233aea4ad8ea84fcb532b333306127e8b267c972e4d8de7a47e5d73ce37?s=96&d=mm&r=g\",\"contentUrl\":\"https:\/\/secure.gravatar.com\/avatar\/19554233aea4ad8ea84fcb532b333306127e8b267c972e4d8de7a47e5d73ce37?s=96&d=mm&r=g\",\"caption\":\"Savio Simoncini\"},\"url\":\"https:\/\/ilfoglio.info\/new\/author\/savio-simoncini\/\"}]}<\/script>\n<!-- \/ Yoast SEO plugin. -->","yoast_head_json":{"title":"Registro di scuola 2022-2023 \/ 2 Beckett al Collegio docenti - Il Foglio","robots":{"index":"index","follow":"follow","max-snippet":"max-snippet:-1","max-image-preview":"max-image-preview:large","max-video-preview":"max-video-preview:-1"},"canonical":"https:\/\/ilfoglio.info\/new\/registro-di-scuola-2022-2023-2pirandello-al-collegio-docenti\/","og_locale":"it_IT","og_type":"article","og_title":"Registro di scuola 2022-2023 \/ 2 Beckett al Collegio docenti - Il Foglio","og_description":"10 giugno Un lungo silenzio. Durante il collegio dei docenti la dirigente avvia da remoto una votazione controversa sulle prove di recupero di settembre (o agosto?): non \u00e8 chiaro perch\u00e9 si debba votare per la tipologia ma non per le date di svolgimento, alcuni docenti chiedono per questo di non votare. Ma per alcuni lunghi [&hellip;]","og_url":"https:\/\/ilfoglio.info\/new\/registro-di-scuola-2022-2023-2pirandello-al-collegio-docenti\/","og_site_name":"Il Foglio","article_publisher":"https:\/\/www.facebook.com\/Francescane-Elisabettine-Pastorale-Giovanile-Vocazionale-403083793120929","article_published_time":"2023-10-15T16:06:00+00:00","article_modified_time":"2024-11-10T11:25:23+00:00","og_image":[{"width":960,"height":656,"url":"https:\/\/ilfoglio.info\/new\/wp-content\/uploads\/2023\/10\/baci-perugina.jpg","type":"image\/jpeg"}],"author":"Savio Simoncini","twitter_card":"summary_large_image","twitter_misc":{"Scritto da":"Savio Simoncini","Tempo di lettura stimato":"5 minuti"},"schema":{"@context":"https:\/\/schema.org","@graph":[{"@type":"Article","@id":"https:\/\/ilfoglio.info\/new\/registro-di-scuola-2022-2023-2pirandello-al-collegio-docenti\/#article","isPartOf":{"@id":"https:\/\/ilfoglio.info\/new\/registro-di-scuola-2022-2023-2pirandello-al-collegio-docenti\/"},"author":{"name":"Savio Simoncini","@id":"https:\/\/ilfoglio.info\/new\/#\/schema\/person\/75c9ffb765b6f61bfb22c1558c3b3da5"},"headline":"Registro di scuola 2022-2023 \/ 2 Beckett al Collegio docenti","datePublished":"2023-10-15T16:06:00+00:00","dateModified":"2024-11-10T11:25:23+00:00","mainEntityOfPage":{"@id":"https:\/\/ilfoglio.info\/new\/registro-di-scuola-2022-2023-2pirandello-al-collegio-docenti\/"},"wordCount":832,"commentCount":0,"publisher":{"@id":"https:\/\/ilfoglio.info\/new\/#organization"},"image":{"@id":"https:\/\/ilfoglio.info\/new\/registro-di-scuola-2022-2023-2pirandello-al-collegio-docenti\/#primaryimage"},"thumbnailUrl":"https:\/\/ilfoglio.info\/new\/wp-content\/uploads\/2023\/10\/baci-perugina.jpg","articleSection":["News","Zibaldone"],"inLanguage":"it-IT","potentialAction":[{"@type":"CommentAction","name":"Comment","target":["https:\/\/ilfoglio.info\/new\/registro-di-scuola-2022-2023-2pirandello-al-collegio-docenti\/#respond"]}]},{"@type":"WebPage","@id":"https:\/\/ilfoglio.info\/new\/registro-di-scuola-2022-2023-2pirandello-al-collegio-docenti\/","url":"https:\/\/ilfoglio.info\/new\/registro-di-scuola-2022-2023-2pirandello-al-collegio-docenti\/","name":"Registro di scuola 2022-2023 \/ 2 Beckett al Collegio docenti - Il Foglio","isPartOf":{"@id":"https:\/\/ilfoglio.info\/new\/#website"},"primaryImageOfPage":{"@id":"https:\/\/ilfoglio.info\/new\/registro-di-scuola-2022-2023-2pirandello-al-collegio-docenti\/#primaryimage"},"image":{"@id":"https:\/\/ilfoglio.info\/new\/registro-di-scuola-2022-2023-2pirandello-al-collegio-docenti\/#primaryimage"},"thumbnailUrl":"https:\/\/ilfoglio.info\/new\/wp-content\/uploads\/2023\/10\/baci-perugina.jpg","datePublished":"2023-10-15T16:06:00+00:00","dateModified":"2024-11-10T11:25:23+00:00","breadcrumb":{"@id":"https:\/\/ilfoglio.info\/new\/registro-di-scuola-2022-2023-2pirandello-al-collegio-docenti\/#breadcrumb"},"inLanguage":"it-IT","potentialAction":[{"@type":"ReadAction","target":["https:\/\/ilfoglio.info\/new\/registro-di-scuola-2022-2023-2pirandello-al-collegio-docenti\/"]}]},{"@type":"ImageObject","inLanguage":"it-IT","@id":"https:\/\/ilfoglio.info\/new\/registro-di-scuola-2022-2023-2pirandello-al-collegio-docenti\/#primaryimage","url":"https:\/\/ilfoglio.info\/new\/wp-content\/uploads\/2023\/10\/baci-perugina.jpg","contentUrl":"https:\/\/ilfoglio.info\/new\/wp-content\/uploads\/2023\/10\/baci-perugina.jpg","width":960,"height":656},{"@type":"BreadcrumbList","@id":"https:\/\/ilfoglio.info\/new\/registro-di-scuola-2022-2023-2pirandello-al-collegio-docenti\/#breadcrumb","itemListElement":[{"@type":"ListItem","position":1,"name":"Home","item":"https:\/\/ilfoglio.info\/new\/"},{"@type":"ListItem","position":2,"name":"Registro di scuola 2022-2023 \/ 2 Beckett al Collegio docenti"}]},{"@type":"WebSite","@id":"https:\/\/ilfoglio.info\/new\/#website","url":"https:\/\/ilfoglio.info\/new\/","name":"Il Foglio","description":"","publisher":{"@id":"https:\/\/ilfoglio.info\/new\/#organization"},"potentialAction":[{"@type":"SearchAction","target":{"@type":"EntryPoint","urlTemplate":"https:\/\/ilfoglio.info\/new\/?s={search_term_string}"},"query-input":{"@type":"PropertyValueSpecification","valueRequired":true,"valueName":"search_term_string"}}],"inLanguage":"it-IT"},{"@type":"Organization","@id":"https:\/\/ilfoglio.info\/new\/#organization","name":"Istituto delle Suore Francescane Elisabettine","url":"https:\/\/ilfoglio.info\/new\/","logo":{"@type":"ImageObject","inLanguage":"it-IT","@id":"https:\/\/ilfoglio.info\/new\/#\/schema\/logo\/image\/","url":"https:\/\/ilfoglio.info\/new\/wp-content\/uploads\/2022\/05\/logo-imm-profilo-fb-01.png","contentUrl":"https:\/\/ilfoglio.info\/new\/wp-content\/uploads\/2022\/05\/logo-imm-profilo-fb-01.png","width":708,"height":708,"caption":"Istituto delle Suore Francescane Elisabettine"},"image":{"@id":"https:\/\/ilfoglio.info\/new\/#\/schema\/logo\/image\/"},"sameAs":["https:\/\/www.facebook.com\/Francescane-Elisabettine-Pastorale-Giovanile-Vocazionale-403083793120929","https:\/\/www.instagram.com\/evocate__\/?hl=it"]},{"@type":"Person","@id":"https:\/\/ilfoglio.info\/new\/#\/schema\/person\/75c9ffb765b6f61bfb22c1558c3b3da5","name":"Savio Simoncini","image":{"@type":"ImageObject","inLanguage":"it-IT","@id":"https:\/\/ilfoglio.info\/new\/#\/schema\/person\/image\/","url":"https:\/\/secure.gravatar.com\/avatar\/19554233aea4ad8ea84fcb532b333306127e8b267c972e4d8de7a47e5d73ce37?s=96&d=mm&r=g","contentUrl":"https:\/\/secure.gravatar.com\/avatar\/19554233aea4ad8ea84fcb532b333306127e8b267c972e4d8de7a47e5d73ce37?s=96&d=mm&r=g","caption":"Savio Simoncini"},"url":"https:\/\/ilfoglio.info\/new\/author\/savio-simoncini\/"}]}},"_links":{"self":[{"href":"https:\/\/ilfoglio.info\/new\/wp-json\/wp\/v2\/posts\/1522","targetHints":{"allow":["GET"]}}],"collection":[{"href":"https:\/\/ilfoglio.info\/new\/wp-json\/wp\/v2\/posts"}],"about":[{"href":"https:\/\/ilfoglio.info\/new\/wp-json\/wp\/v2\/types\/post"}],"author":[{"embeddable":true,"href":"https:\/\/ilfoglio.info\/new\/wp-json\/wp\/v2\/users\/31"}],"replies":[{"embeddable":true,"href":"https:\/\/ilfoglio.info\/new\/wp-json\/wp\/v2\/comments?post=1522"}],"version-history":[{"count":5,"href":"https:\/\/ilfoglio.info\/new\/wp-json\/wp\/v2\/posts\/1522\/revisions"}],"predecessor-version":[{"id":1720,"href":"https:\/\/ilfoglio.info\/new\/wp-json\/wp\/v2\/posts\/1522\/revisions\/1720"}],"wp:featuredmedia":[{"embeddable":true,"href":"https:\/\/ilfoglio.info\/new\/wp-json\/wp\/v2\/media\/1718"}],"wp:attachment":[{"href":"https:\/\/ilfoglio.info\/new\/wp-json\/wp\/v2\/media?parent=1522"}],"wp:term":[{"taxonomy":"category","embeddable":true,"href":"https:\/\/ilfoglio.info\/new\/wp-json\/wp\/v2\/categories?post=1522"},{"taxonomy":"post_tag","embeddable":true,"href":"https:\/\/ilfoglio.info\/new\/wp-json\/wp\/v2\/tags?post=1522"}],"curies":[{"name":"wp","href":"https:\/\/api.w.org\/{rel}","templated":true}]}}