{"id":1860,"date":"2024-02-17T08:00:00","date_gmt":"2024-02-17T07:00:00","guid":{"rendered":"https:\/\/ilfoglio.info\/new\/?p=1860"},"modified":"2024-04-02T19:12:58","modified_gmt":"2024-04-02T17:12:58","slug":"cinque-domande-che-agitano-la-chiesa-di-ignazio-ingrao","status":"publish","type":"post","link":"https:\/\/ilfoglio.info\/new\/cinque-domande-che-agitano-la-chiesa-di-ignazio-ingrao\/","title":{"rendered":"Domande sulla\/alla chiesa"},"content":{"rendered":"\n<p>Si \u00e8 svolto gioved\u00ec 15 febbraio al Polo Culturale <a href=\"https:\/\/cam.consolata.eu\/\">\u201cCultures And Mission\u201d<\/a> dei Missionari della Consolata l\u2019incontro \u00abLe sfide della Chiesa\u00bb con la partecipazione di Ignazio Ingrao e fratel Enzo Bianchi, moderati da Francesco Antonioli.<\/p>\n\n\n\n<p>Lo spunto di partenza \u00e8 stata la recente pubblicazione del libro di Ingrao, <a href=\"https:\/\/www.edizionisanpaolo.it\/varie_1\/attualita\/attualita--e-storia\/libro\/cinque-domande-che-agitano-la-chiesa.aspx\"><em>Cinque domande che agitano la chiesa<\/em><\/a> (Edizioni San Paolo): parla solo ad alcuni? perde frequentanti al nord del mondo, e ne acquista al sud? l&#8217;apertura a laici e donne \u00e8 solo di facciata? l&#8217;inizio e fine vita, la vecchiaia, il gender, la scienza, sono problemi che la chiesa sa affrontare? che fine faranno le riforme di Francesco con la fine del suo papato?<\/p>\n\n\n\n<p>Il dibattito, fruibile interamente anche sul <a href=\"https:\/\/www.youtube.com\/watch?v=hS6SJTFsUWM&amp;t=1s\">canale Youtube del CAM<\/a>, \u00e8 iniziato con un intervento di Enzo Bianchi: il papa \u00e8 profetico, evangelico, ma il popolo di Dio \u00e8 &#8220;religioso&#8221;, vuole i riti, ma non il vangelo: non sopporta i migranti, i poveri. I vescovi sono mediocri, non si vedono figure come Pellegrino e Martini. Francesco non mette in moto la realizzazione delle profezie: non adegua il diritto canonico al ruolo delle donne, non ha attuato il sinodo dell&#8217;Amazzonia, tutto di vescovi, che al 93% chiedeva l&#8217;ordinazione di&nbsp;<em>viri probati<\/em>. I preti sono vecchi e stanchi: sono assurdi gli accorpamenti che li impegnano a dire una messa dopo l&#8217;altra. Il pastore Francesco cammina, ma il gregge non lo segue: non approva le donne presbitere e la benedizione dei gay. C&#8217;\u00e8 crisi non di questo o quell&#8217;aspetto, ma della fede, nel popolo e nella gerarchia. La chiesa \u00e8 fede e fraternit\u00e0, oppure non esiste. Fede in Ges\u00f9 Cristo, non in un dio chiss\u00e0 dove.<\/p>\n\n\n\n<p>Ingrao ha fatto notare che il problema \u00e8 l&#8217;antropologia, prima della morale: chi \u00e8 l&#8217;uomo? chi siamo? Il primo nemico della fede \u00e8 la paura: della pandemia, delle guerre. La paura chiude nell&#8217;egoismo, contro la fraternit\u00e0. C&#8217;\u00e8 nostalgia del vangelo, ma ognuno percorre la sua via individuale. Nelle chiese si va a messa, ma non si fa l&#8217;esperienza della fraternit\u00e0, ha detto Enzo Bianchi. C&#8217;\u00e8 divisione sull&#8217;eucarestia: quelli che non accettano la riforma del Concilio! Non ci sono rotture, ma divisioni, proprio sull&#8217;eucarestia! Questo \u00e8 scisma non dichiarato! Il grande problema \u00e8 la cultura, le idee e tradizioni di una societ\u00e0, perch\u00e9 \u00e8 la cultura che fa la morale. I vescovi africani non accettano la benedizione agli omosessuali, data la cultura africana. Oggi Dio non interessa pi\u00f9: \u00e8 parola insufficiente e ambigua: bisogna portare la parola di Ges\u00f9 Cristo, \u00e8 lui che ci ha &#8220;spiegato&#8221; Dio (Gv 1,18) nella propria carne, come padre buono e misericordioso. N\u00e9 spiritualit\u00e0 n\u00e9 morale, ma Ges\u00f9 Cristo, lui che ha vinto la morte con l&#8217;amore infinito, l&#8217;amore che non muore.<\/p>\n\n\n\n<p>Mi \u00e8 parso di poter sintetizzare tanti aspetti gravi e difficili in queste semplici considerazioni. Per secoli la chiesa \u00e8 stata europea e si diffondeva nel mondo legata alle invasioni coloniali. Ora diventa universale se si fa multipolare, pluralista, ecumenica, non compatta se non nella carit\u00e0, nel rispetto delle differenze di vita, entro la fraternit\u00e0 universale. La fraternit\u00e0 che nasce dalla fede in Cristo libera dalla paura della morte che spinge ad armarci e ad uccidere i differenti, la cui differenza ci spaventa. La fraternit\u00e0 ispirata da Cristo ci libera dalla paura di essere dominati, per cui ci armiamo e ci facciamo dominatori imperiali. La fraternit\u00e0 cristiana ci rende capaci di avvicinare tutte le civilt\u00e0 senza suprematismi e disprezzo, ma riconoscendovi forme dell&#8217;umano che porta in tutti il segno di Dio, vita che d\u00e0 vita, in tante forme diverse, e ugualmente degne di vivere in pace sulla terra di tutti.<\/p>\n","protected":false},"excerpt":{"rendered":"<p>Si \u00e8 svolto gioved\u00ec 15 febbraio al Polo Culturale \u201cCultures And Mission\u201d dei Missionari della Consolata l\u2019incontro \u00abLe sfide della Chiesa\u00bb con la partecipazione di Ignazio Ingrao e fratel Enzo Bianchi, moderati da Francesco Antonioli. Lo spunto di partenza \u00e8 stata la recente pubblicazione del libro di Ingrao, Cinque domande che agitano la chiesa (Edizioni [&hellip;]<\/p>\n","protected":false},"author":24,"featured_media":1887,"comment_status":"open","ping_status":"open","sticky":false,"template":"","format":"standard","meta":{"_et_pb_use_builder":"off","_et_pb_old_content":"","_et_gb_content_width":"","footnotes":""},"categories":[226,1],"tags":[341,339,338,340,337,229,239],"class_list":["post-1860","post","type-post","status-publish","format-standard","has-post-thumbnail","hentry","category-chiesa","category-news","tag-antonioli","tag-cam","tag-concilio","tag-enzo-bianchi","tag-papa-francesco","tag-peyretti","tag-sinodo"],"yoast_head":"<!-- This site is optimized with the Yoast SEO plugin v26.4 - https:\/\/yoast.com\/wordpress\/plugins\/seo\/ -->\n<title>Domande sulla\/alla chiesa - Il Foglio<\/title>\n<meta name=\"robots\" content=\"index, follow, max-snippet:-1, max-image-preview:large, max-video-preview:-1\" \/>\n<link rel=\"canonical\" href=\"https:\/\/ilfoglio.info\/new\/cinque-domande-che-agitano-la-chiesa-di-ignazio-ingrao\/\" \/>\n<meta property=\"og:locale\" content=\"it_IT\" \/>\n<meta property=\"og:type\" content=\"article\" \/>\n<meta property=\"og:title\" content=\"Domande sulla\/alla chiesa - Il Foglio\" \/>\n<meta property=\"og:description\" content=\"Si \u00e8 svolto gioved\u00ec 15 febbraio al Polo Culturale \u201cCultures And Mission\u201d dei Missionari della Consolata l\u2019incontro \u00abLe sfide della Chiesa\u00bb con la partecipazione di Ignazio Ingrao e fratel Enzo Bianchi, moderati da Francesco Antonioli. Lo spunto di partenza \u00e8 stata la recente pubblicazione del libro di Ingrao, Cinque domande che agitano la chiesa (Edizioni [&hellip;]\" \/>\n<meta property=\"og:url\" content=\"https:\/\/ilfoglio.info\/new\/cinque-domande-che-agitano-la-chiesa-di-ignazio-ingrao\/\" \/>\n<meta property=\"og:site_name\" content=\"Il Foglio\" \/>\n<meta property=\"article:publisher\" content=\"https:\/\/www.facebook.com\/Francescane-Elisabettine-Pastorale-Giovanile-Vocazionale-403083793120929\" \/>\n<meta property=\"article:published_time\" content=\"2024-02-17T07:00:00+00:00\" \/>\n<meta property=\"article:modified_time\" content=\"2024-04-02T17:12:58+00:00\" \/>\n<meta property=\"og:image\" content=\"https:\/\/ilfoglio.info\/new\/wp-content\/uploads\/2024\/02\/domande-chiesa.jpg\" \/>\n\t<meta property=\"og:image:width\" content=\"1600\" \/>\n\t<meta property=\"og:image:height\" content=\"1066\" \/>\n\t<meta property=\"og:image:type\" content=\"image\/jpeg\" \/>\n<meta name=\"author\" content=\"Enrico Peyretti\" \/>\n<meta name=\"twitter:card\" content=\"summary_large_image\" \/>\n<meta name=\"twitter:label1\" content=\"Scritto da\" \/>\n\t<meta name=\"twitter:data1\" content=\"Enrico Peyretti\" \/>\n\t<meta name=\"twitter:label2\" content=\"Tempo di lettura stimato\" \/>\n\t<meta name=\"twitter:data2\" content=\"4 minuti\" \/>\n<script type=\"application\/ld+json\" class=\"yoast-schema-graph\">{\"@context\":\"https:\/\/schema.org\",\"@graph\":[{\"@type\":\"Article\",\"@id\":\"https:\/\/ilfoglio.info\/new\/cinque-domande-che-agitano-la-chiesa-di-ignazio-ingrao\/#article\",\"isPartOf\":{\"@id\":\"https:\/\/ilfoglio.info\/new\/cinque-domande-che-agitano-la-chiesa-di-ignazio-ingrao\/\"},\"author\":{\"name\":\"Enrico Peyretti\",\"@id\":\"https:\/\/ilfoglio.info\/new\/#\/schema\/person\/90c282645fca9508e6eec42e22092569\"},\"headline\":\"Domande sulla\/alla chiesa\",\"datePublished\":\"2024-02-17T07:00:00+00:00\",\"dateModified\":\"2024-04-02T17:12:58+00:00\",\"mainEntityOfPage\":{\"@id\":\"https:\/\/ilfoglio.info\/new\/cinque-domande-che-agitano-la-chiesa-di-ignazio-ingrao\/\"},\"wordCount\":601,\"commentCount\":0,\"publisher\":{\"@id\":\"https:\/\/ilfoglio.info\/new\/#organization\"},\"image\":{\"@id\":\"https:\/\/ilfoglio.info\/new\/cinque-domande-che-agitano-la-chiesa-di-ignazio-ingrao\/#primaryimage\"},\"thumbnailUrl\":\"https:\/\/ilfoglio.info\/new\/wp-content\/uploads\/2024\/02\/domande-chiesa.jpg\",\"keywords\":[\"antonioli\",\"cam\",\"concilio\",\"enzo bianchi\",\"papa Francesco\",\"peyretti\",\"sinodo\"],\"articleSection\":[\"Chiesa\",\"News\"],\"inLanguage\":\"it-IT\",\"potentialAction\":[{\"@type\":\"CommentAction\",\"name\":\"Comment\",\"target\":[\"https:\/\/ilfoglio.info\/new\/cinque-domande-che-agitano-la-chiesa-di-ignazio-ingrao\/#respond\"]}]},{\"@type\":\"WebPage\",\"@id\":\"https:\/\/ilfoglio.info\/new\/cinque-domande-che-agitano-la-chiesa-di-ignazio-ingrao\/\",\"url\":\"https:\/\/ilfoglio.info\/new\/cinque-domande-che-agitano-la-chiesa-di-ignazio-ingrao\/\",\"name\":\"Domande sulla\/alla chiesa - Il Foglio\",\"isPartOf\":{\"@id\":\"https:\/\/ilfoglio.info\/new\/#website\"},\"primaryImageOfPage\":{\"@id\":\"https:\/\/ilfoglio.info\/new\/cinque-domande-che-agitano-la-chiesa-di-ignazio-ingrao\/#primaryimage\"},\"image\":{\"@id\":\"https:\/\/ilfoglio.info\/new\/cinque-domande-che-agitano-la-chiesa-di-ignazio-ingrao\/#primaryimage\"},\"thumbnailUrl\":\"https:\/\/ilfoglio.info\/new\/wp-content\/uploads\/2024\/02\/domande-chiesa.jpg\",\"datePublished\":\"2024-02-17T07:00:00+00:00\",\"dateModified\":\"2024-04-02T17:12:58+00:00\",\"breadcrumb\":{\"@id\":\"https:\/\/ilfoglio.info\/new\/cinque-domande-che-agitano-la-chiesa-di-ignazio-ingrao\/#breadcrumb\"},\"inLanguage\":\"it-IT\",\"potentialAction\":[{\"@type\":\"ReadAction\",\"target\":[\"https:\/\/ilfoglio.info\/new\/cinque-domande-che-agitano-la-chiesa-di-ignazio-ingrao\/\"]}]},{\"@type\":\"ImageObject\",\"inLanguage\":\"it-IT\",\"@id\":\"https:\/\/ilfoglio.info\/new\/cinque-domande-che-agitano-la-chiesa-di-ignazio-ingrao\/#primaryimage\",\"url\":\"https:\/\/ilfoglio.info\/new\/wp-content\/uploads\/2024\/02\/domande-chiesa.jpg\",\"contentUrl\":\"https:\/\/ilfoglio.info\/new\/wp-content\/uploads\/2024\/02\/domande-chiesa.jpg\",\"width\":1600,\"height\":1066},{\"@type\":\"BreadcrumbList\",\"@id\":\"https:\/\/ilfoglio.info\/new\/cinque-domande-che-agitano-la-chiesa-di-ignazio-ingrao\/#breadcrumb\",\"itemListElement\":[{\"@type\":\"ListItem\",\"position\":1,\"name\":\"Home\",\"item\":\"https:\/\/ilfoglio.info\/new\/\"},{\"@type\":\"ListItem\",\"position\":2,\"name\":\"Domande sulla\/alla chiesa\"}]},{\"@type\":\"WebSite\",\"@id\":\"https:\/\/ilfoglio.info\/new\/#website\",\"url\":\"https:\/\/ilfoglio.info\/new\/\",\"name\":\"Il Foglio\",\"description\":\"\",\"publisher\":{\"@id\":\"https:\/\/ilfoglio.info\/new\/#organization\"},\"potentialAction\":[{\"@type\":\"SearchAction\",\"target\":{\"@type\":\"EntryPoint\",\"urlTemplate\":\"https:\/\/ilfoglio.info\/new\/?s={search_term_string}\"},\"query-input\":{\"@type\":\"PropertyValueSpecification\",\"valueRequired\":true,\"valueName\":\"search_term_string\"}}],\"inLanguage\":\"it-IT\"},{\"@type\":\"Organization\",\"@id\":\"https:\/\/ilfoglio.info\/new\/#organization\",\"name\":\"Istituto delle Suore Francescane Elisabettine\",\"url\":\"https:\/\/ilfoglio.info\/new\/\",\"logo\":{\"@type\":\"ImageObject\",\"inLanguage\":\"it-IT\",\"@id\":\"https:\/\/ilfoglio.info\/new\/#\/schema\/logo\/image\/\",\"url\":\"https:\/\/ilfoglio.info\/new\/wp-content\/uploads\/2022\/05\/logo-imm-profilo-fb-01.png\",\"contentUrl\":\"https:\/\/ilfoglio.info\/new\/wp-content\/uploads\/2022\/05\/logo-imm-profilo-fb-01.png\",\"width\":708,\"height\":708,\"caption\":\"Istituto delle Suore Francescane Elisabettine\"},\"image\":{\"@id\":\"https:\/\/ilfoglio.info\/new\/#\/schema\/logo\/image\/\"},\"sameAs\":[\"https:\/\/www.facebook.com\/Francescane-Elisabettine-Pastorale-Giovanile-Vocazionale-403083793120929\",\"https:\/\/www.instagram.com\/evocate__\/?hl=it\"]},{\"@type\":\"Person\",\"@id\":\"https:\/\/ilfoglio.info\/new\/#\/schema\/person\/90c282645fca9508e6eec42e22092569\",\"name\":\"Enrico Peyretti\",\"image\":{\"@type\":\"ImageObject\",\"inLanguage\":\"it-IT\",\"@id\":\"https:\/\/ilfoglio.info\/new\/#\/schema\/person\/image\/\",\"url\":\"https:\/\/secure.gravatar.com\/avatar\/b42658ab8955d87d0036580854a688fe882375e50948fa9306e2b80ead300011?s=96&d=mm&r=g\",\"contentUrl\":\"https:\/\/secure.gravatar.com\/avatar\/b42658ab8955d87d0036580854a688fe882375e50948fa9306e2b80ead300011?s=96&d=mm&r=g\",\"caption\":\"Enrico Peyretti\"},\"url\":\"https:\/\/ilfoglio.info\/new\/author\/enrico-peyretti\/\"}]}<\/script>\n<!-- \/ Yoast SEO plugin. -->","yoast_head_json":{"title":"Domande sulla\/alla chiesa - Il Foglio","robots":{"index":"index","follow":"follow","max-snippet":"max-snippet:-1","max-image-preview":"max-image-preview:large","max-video-preview":"max-video-preview:-1"},"canonical":"https:\/\/ilfoglio.info\/new\/cinque-domande-che-agitano-la-chiesa-di-ignazio-ingrao\/","og_locale":"it_IT","og_type":"article","og_title":"Domande sulla\/alla chiesa - Il Foglio","og_description":"Si \u00e8 svolto gioved\u00ec 15 febbraio al Polo Culturale \u201cCultures And Mission\u201d dei Missionari della Consolata l\u2019incontro \u00abLe sfide della Chiesa\u00bb con la partecipazione di Ignazio Ingrao e fratel Enzo Bianchi, moderati da Francesco Antonioli. Lo spunto di partenza \u00e8 stata la recente pubblicazione del libro di Ingrao, Cinque domande che agitano la chiesa (Edizioni [&hellip;]","og_url":"https:\/\/ilfoglio.info\/new\/cinque-domande-che-agitano-la-chiesa-di-ignazio-ingrao\/","og_site_name":"Il Foglio","article_publisher":"https:\/\/www.facebook.com\/Francescane-Elisabettine-Pastorale-Giovanile-Vocazionale-403083793120929","article_published_time":"2024-02-17T07:00:00+00:00","article_modified_time":"2024-04-02T17:12:58+00:00","og_image":[{"width":1600,"height":1066,"url":"https:\/\/ilfoglio.info\/new\/wp-content\/uploads\/2024\/02\/domande-chiesa.jpg","type":"image\/jpeg"}],"author":"Enrico Peyretti","twitter_card":"summary_large_image","twitter_misc":{"Scritto da":"Enrico Peyretti","Tempo di lettura stimato":"4 minuti"},"schema":{"@context":"https:\/\/schema.org","@graph":[{"@type":"Article","@id":"https:\/\/ilfoglio.info\/new\/cinque-domande-che-agitano-la-chiesa-di-ignazio-ingrao\/#article","isPartOf":{"@id":"https:\/\/ilfoglio.info\/new\/cinque-domande-che-agitano-la-chiesa-di-ignazio-ingrao\/"},"author":{"name":"Enrico Peyretti","@id":"https:\/\/ilfoglio.info\/new\/#\/schema\/person\/90c282645fca9508e6eec42e22092569"},"headline":"Domande sulla\/alla chiesa","datePublished":"2024-02-17T07:00:00+00:00","dateModified":"2024-04-02T17:12:58+00:00","mainEntityOfPage":{"@id":"https:\/\/ilfoglio.info\/new\/cinque-domande-che-agitano-la-chiesa-di-ignazio-ingrao\/"},"wordCount":601,"commentCount":0,"publisher":{"@id":"https:\/\/ilfoglio.info\/new\/#organization"},"image":{"@id":"https:\/\/ilfoglio.info\/new\/cinque-domande-che-agitano-la-chiesa-di-ignazio-ingrao\/#primaryimage"},"thumbnailUrl":"https:\/\/ilfoglio.info\/new\/wp-content\/uploads\/2024\/02\/domande-chiesa.jpg","keywords":["antonioli","cam","concilio","enzo bianchi","papa Francesco","peyretti","sinodo"],"articleSection":["Chiesa","News"],"inLanguage":"it-IT","potentialAction":[{"@type":"CommentAction","name":"Comment","target":["https:\/\/ilfoglio.info\/new\/cinque-domande-che-agitano-la-chiesa-di-ignazio-ingrao\/#respond"]}]},{"@type":"WebPage","@id":"https:\/\/ilfoglio.info\/new\/cinque-domande-che-agitano-la-chiesa-di-ignazio-ingrao\/","url":"https:\/\/ilfoglio.info\/new\/cinque-domande-che-agitano-la-chiesa-di-ignazio-ingrao\/","name":"Domande sulla\/alla chiesa - Il Foglio","isPartOf":{"@id":"https:\/\/ilfoglio.info\/new\/#website"},"primaryImageOfPage":{"@id":"https:\/\/ilfoglio.info\/new\/cinque-domande-che-agitano-la-chiesa-di-ignazio-ingrao\/#primaryimage"},"image":{"@id":"https:\/\/ilfoglio.info\/new\/cinque-domande-che-agitano-la-chiesa-di-ignazio-ingrao\/#primaryimage"},"thumbnailUrl":"https:\/\/ilfoglio.info\/new\/wp-content\/uploads\/2024\/02\/domande-chiesa.jpg","datePublished":"2024-02-17T07:00:00+00:00","dateModified":"2024-04-02T17:12:58+00:00","breadcrumb":{"@id":"https:\/\/ilfoglio.info\/new\/cinque-domande-che-agitano-la-chiesa-di-ignazio-ingrao\/#breadcrumb"},"inLanguage":"it-IT","potentialAction":[{"@type":"ReadAction","target":["https:\/\/ilfoglio.info\/new\/cinque-domande-che-agitano-la-chiesa-di-ignazio-ingrao\/"]}]},{"@type":"ImageObject","inLanguage":"it-IT","@id":"https:\/\/ilfoglio.info\/new\/cinque-domande-che-agitano-la-chiesa-di-ignazio-ingrao\/#primaryimage","url":"https:\/\/ilfoglio.info\/new\/wp-content\/uploads\/2024\/02\/domande-chiesa.jpg","contentUrl":"https:\/\/ilfoglio.info\/new\/wp-content\/uploads\/2024\/02\/domande-chiesa.jpg","width":1600,"height":1066},{"@type":"BreadcrumbList","@id":"https:\/\/ilfoglio.info\/new\/cinque-domande-che-agitano-la-chiesa-di-ignazio-ingrao\/#breadcrumb","itemListElement":[{"@type":"ListItem","position":1,"name":"Home","item":"https:\/\/ilfoglio.info\/new\/"},{"@type":"ListItem","position":2,"name":"Domande sulla\/alla chiesa"}]},{"@type":"WebSite","@id":"https:\/\/ilfoglio.info\/new\/#website","url":"https:\/\/ilfoglio.info\/new\/","name":"Il Foglio","description":"","publisher":{"@id":"https:\/\/ilfoglio.info\/new\/#organization"},"potentialAction":[{"@type":"SearchAction","target":{"@type":"EntryPoint","urlTemplate":"https:\/\/ilfoglio.info\/new\/?s={search_term_string}"},"query-input":{"@type":"PropertyValueSpecification","valueRequired":true,"valueName":"search_term_string"}}],"inLanguage":"it-IT"},{"@type":"Organization","@id":"https:\/\/ilfoglio.info\/new\/#organization","name":"Istituto delle Suore Francescane Elisabettine","url":"https:\/\/ilfoglio.info\/new\/","logo":{"@type":"ImageObject","inLanguage":"it-IT","@id":"https:\/\/ilfoglio.info\/new\/#\/schema\/logo\/image\/","url":"https:\/\/ilfoglio.info\/new\/wp-content\/uploads\/2022\/05\/logo-imm-profilo-fb-01.png","contentUrl":"https:\/\/ilfoglio.info\/new\/wp-content\/uploads\/2022\/05\/logo-imm-profilo-fb-01.png","width":708,"height":708,"caption":"Istituto delle Suore Francescane Elisabettine"},"image":{"@id":"https:\/\/ilfoglio.info\/new\/#\/schema\/logo\/image\/"},"sameAs":["https:\/\/www.facebook.com\/Francescane-Elisabettine-Pastorale-Giovanile-Vocazionale-403083793120929","https:\/\/www.instagram.com\/evocate__\/?hl=it"]},{"@type":"Person","@id":"https:\/\/ilfoglio.info\/new\/#\/schema\/person\/90c282645fca9508e6eec42e22092569","name":"Enrico Peyretti","image":{"@type":"ImageObject","inLanguage":"it-IT","@id":"https:\/\/ilfoglio.info\/new\/#\/schema\/person\/image\/","url":"https:\/\/secure.gravatar.com\/avatar\/b42658ab8955d87d0036580854a688fe882375e50948fa9306e2b80ead300011?s=96&d=mm&r=g","contentUrl":"https:\/\/secure.gravatar.com\/avatar\/b42658ab8955d87d0036580854a688fe882375e50948fa9306e2b80ead300011?s=96&d=mm&r=g","caption":"Enrico Peyretti"},"url":"https:\/\/ilfoglio.info\/new\/author\/enrico-peyretti\/"}]}},"_links":{"self":[{"href":"https:\/\/ilfoglio.info\/new\/wp-json\/wp\/v2\/posts\/1860","targetHints":{"allow":["GET"]}}],"collection":[{"href":"https:\/\/ilfoglio.info\/new\/wp-json\/wp\/v2\/posts"}],"about":[{"href":"https:\/\/ilfoglio.info\/new\/wp-json\/wp\/v2\/types\/post"}],"author":[{"embeddable":true,"href":"https:\/\/ilfoglio.info\/new\/wp-json\/wp\/v2\/users\/24"}],"replies":[{"embeddable":true,"href":"https:\/\/ilfoglio.info\/new\/wp-json\/wp\/v2\/comments?post=1860"}],"version-history":[{"count":3,"href":"https:\/\/ilfoglio.info\/new\/wp-json\/wp\/v2\/posts\/1860\/revisions"}],"predecessor-version":[{"id":1908,"href":"https:\/\/ilfoglio.info\/new\/wp-json\/wp\/v2\/posts\/1860\/revisions\/1908"}],"wp:featuredmedia":[{"embeddable":true,"href":"https:\/\/ilfoglio.info\/new\/wp-json\/wp\/v2\/media\/1887"}],"wp:attachment":[{"href":"https:\/\/ilfoglio.info\/new\/wp-json\/wp\/v2\/media?parent=1860"}],"wp:term":[{"taxonomy":"category","embeddable":true,"href":"https:\/\/ilfoglio.info\/new\/wp-json\/wp\/v2\/categories?post=1860"},{"taxonomy":"post_tag","embeddable":true,"href":"https:\/\/ilfoglio.info\/new\/wp-json\/wp\/v2\/tags?post=1860"}],"curies":[{"name":"wp","href":"https:\/\/api.w.org\/{rel}","templated":true}]}}