{"id":2205,"date":"2024-05-11T08:00:00","date_gmt":"2024-05-11T06:00:00","guid":{"rendered":"https:\/\/ilfoglio.info\/new\/?p=2205"},"modified":"2024-06-14T09:42:58","modified_gmt":"2024-06-14T07:42:58","slug":"censura-e-contestazione-non-sono-sinonimi","status":"publish","type":"post","link":"https:\/\/ilfoglio.info\/new\/censura-e-contestazione-non-sono-sinonimi\/","title":{"rendered":"Censura e contestazione non sono sinonimi"},"content":{"rendered":"\n<p><em>Sull\u2019episodio della ministra per le pari opportunit\u00e0 e la famiglia, Eugenia Maria Roccella,<\/em> <em>contestata il 9 maggio alla IV edizione degli Stati Generali della Natalit\u00e0 a Roma pubblichiamo due brevi pezzi: uno sul merito di Enrico Peyretti, in altro articolo, e uno sul metodo di Paola Merlo.<\/em><\/p>\n\n\n\n<p><\/p>\n\n\n\n<p>La ministra Roccella si duole di essere stata sottoposta \u00aba censura\u00bb, ma o ha uno scadente dizionario di italiano, o cerca di giocare con l&#8217;ignoranza della gente. Leggiamo sul dizionario Treccani la voce CENSURA: \u00abEsame, da parte dell\u2019autorit\u00e0 pubblica (<em>c<\/em>. <em>politica<\/em>) o dell\u2019autorit\u00e0 ecclesiastica (<em>c<\/em>. <em>ecclesiastica<\/em>), degli scritti o giornali da stamparsi, dei manifesti o avvisi da affiggere in pubblico, delle opere teatrali o pellicole da rappresentare e sim., che ha lo scopo di permetterne o vietarne la pubblicazione, l\u2019affissione, la rappresentazione, ecc., secondo che rispondano o no alle leggi o ad altre prescrizioni\u00bb.<\/p>\n\n\n\n<p>Nella vicenda Roccella il termine giusto sarebbe stato CONTESTAZIONE (sempre definizione della Treccani): \u00abcon accezione pi\u00f9 recente, sottoporre a critica radicale sia singole persone e il loro operato o comportamento, sia organi, istituzioni, provvedimenti, programmi, ecc., soprattutto come forma di protesta e di lotta da parte dei giovani o di gruppi determinati, i quali, non riconoscendo come valide le strutture culturali, politiche e sociali di un dato sistema, mirano a metterle in crisi per ottenerne il superamento o la sostituzione\u00bb.<\/p>\n\n\n\n<p>Tra le due parole c&#8217;\u00e8 un abisso dovuto alla posizione di forza. La censura c&#8217;\u00e8 quando un potere dall&#8217;alto limita. La contestazione c&#8217;\u00e8 invece quando il tentativo (spesso bloccato dall&#8217;alto con la forza) parte dal basso. Io quando fossi incarognita con una autorit\u00e0 non vado a censurarla, vado a contestarla. La ministra Roccella, buona figlia di Berlusconi, ha da lui molto probabilmente imparato l&#8217;uso strumentale delle parole e del vantaggio che questo comporta.<\/p>\n","protected":false},"excerpt":{"rendered":"<p>Sull\u2019episodio della ministra per le pari opportunit\u00e0 e la famiglia, Eugenia Maria Roccella, contestata il 9 maggio alla IV edizione degli Stati Generali della Natalit\u00e0 a Roma pubblichiamo due brevi pezzi: uno sul merito di Enrico Peyretti, in altro articolo, e uno sul metodo di Paola Merlo. La ministra Roccella si duole di essere stata [&hellip;]<\/p>\n","protected":false},"author":16,"featured_media":2206,"comment_status":"open","ping_status":"open","sticky":false,"template":"","format":"standard","meta":{"_et_pb_use_builder":"off","_et_pb_old_content":"","_et_gb_content_width":"","footnotes":""},"categories":[1,222],"tags":[],"class_list":["post-2205","post","type-post","status-publish","format-standard","has-post-thumbnail","hentry","category-news","category-societa"],"yoast_head":"<!-- This site is optimized with the Yoast SEO plugin v26.4 - https:\/\/yoast.com\/wordpress\/plugins\/seo\/ -->\n<title>Censura e contestazione non sono sinonimi - Il Foglio<\/title>\n<meta name=\"robots\" content=\"index, follow, max-snippet:-1, max-image-preview:large, max-video-preview:-1\" \/>\n<link rel=\"canonical\" href=\"https:\/\/ilfoglio.info\/new\/censura-e-contestazione-non-sono-sinonimi\/\" \/>\n<meta property=\"og:locale\" content=\"it_IT\" \/>\n<meta property=\"og:type\" content=\"article\" \/>\n<meta property=\"og:title\" content=\"Censura e contestazione non sono sinonimi - Il Foglio\" \/>\n<meta property=\"og:description\" content=\"Sull\u2019episodio della ministra per le pari opportunit\u00e0 e la famiglia, Eugenia Maria Roccella, contestata il 9 maggio alla IV edizione degli Stati Generali della Natalit\u00e0 a Roma pubblichiamo due brevi pezzi: uno sul merito di Enrico Peyretti, in altro articolo, e uno sul metodo di Paola Merlo. La ministra Roccella si duole di essere stata [&hellip;]\" \/>\n<meta property=\"og:url\" content=\"https:\/\/ilfoglio.info\/new\/censura-e-contestazione-non-sono-sinonimi\/\" \/>\n<meta property=\"og:site_name\" content=\"Il Foglio\" \/>\n<meta property=\"article:publisher\" content=\"https:\/\/www.facebook.com\/Francescane-Elisabettine-Pastorale-Giovanile-Vocazionale-403083793120929\" \/>\n<meta property=\"article:published_time\" content=\"2024-05-11T06:00:00+00:00\" \/>\n<meta property=\"article:modified_time\" content=\"2024-06-14T07:42:58+00:00\" \/>\n<meta property=\"og:image\" content=\"https:\/\/ilfoglio.info\/new\/wp-content\/uploads\/2024\/05\/Censored_rubber_stamp.svg_.png\" \/>\n\t<meta property=\"og:image:width\" content=\"1024\" \/>\n\t<meta property=\"og:image:height\" content=\"892\" \/>\n\t<meta property=\"og:image:type\" content=\"image\/png\" \/>\n<meta name=\"author\" content=\"Paola Merlo\" \/>\n<meta name=\"twitter:card\" content=\"summary_large_image\" \/>\n<meta name=\"twitter:label1\" content=\"Scritto da\" \/>\n\t<meta name=\"twitter:data1\" content=\"Paola Merlo\" \/>\n\t<meta name=\"twitter:label2\" content=\"Tempo di lettura stimato\" \/>\n\t<meta name=\"twitter:data2\" content=\"2 minuti\" \/>\n<script type=\"application\/ld+json\" class=\"yoast-schema-graph\">{\"@context\":\"https:\/\/schema.org\",\"@graph\":[{\"@type\":\"Article\",\"@id\":\"https:\/\/ilfoglio.info\/new\/censura-e-contestazione-non-sono-sinonimi\/#article\",\"isPartOf\":{\"@id\":\"https:\/\/ilfoglio.info\/new\/censura-e-contestazione-non-sono-sinonimi\/\"},\"author\":{\"name\":\"Paola Merlo\",\"@id\":\"https:\/\/ilfoglio.info\/new\/#\/schema\/person\/11d04834ee705410595b0fa79ed15e52\"},\"headline\":\"Censura e contestazione non sono sinonimi\",\"datePublished\":\"2024-05-11T06:00:00+00:00\",\"dateModified\":\"2024-06-14T07:42:58+00:00\",\"mainEntityOfPage\":{\"@id\":\"https:\/\/ilfoglio.info\/new\/censura-e-contestazione-non-sono-sinonimi\/\"},\"wordCount\":307,\"commentCount\":0,\"publisher\":{\"@id\":\"https:\/\/ilfoglio.info\/new\/#organization\"},\"image\":{\"@id\":\"https:\/\/ilfoglio.info\/new\/censura-e-contestazione-non-sono-sinonimi\/#primaryimage\"},\"thumbnailUrl\":\"https:\/\/ilfoglio.info\/new\/wp-content\/uploads\/2024\/05\/Censored_rubber_stamp.svg_.png\",\"articleSection\":[\"News\",\"Societ\u00e0\"],\"inLanguage\":\"it-IT\",\"potentialAction\":[{\"@type\":\"CommentAction\",\"name\":\"Comment\",\"target\":[\"https:\/\/ilfoglio.info\/new\/censura-e-contestazione-non-sono-sinonimi\/#respond\"]}]},{\"@type\":\"WebPage\",\"@id\":\"https:\/\/ilfoglio.info\/new\/censura-e-contestazione-non-sono-sinonimi\/\",\"url\":\"https:\/\/ilfoglio.info\/new\/censura-e-contestazione-non-sono-sinonimi\/\",\"name\":\"Censura e contestazione non sono sinonimi - Il Foglio\",\"isPartOf\":{\"@id\":\"https:\/\/ilfoglio.info\/new\/#website\"},\"primaryImageOfPage\":{\"@id\":\"https:\/\/ilfoglio.info\/new\/censura-e-contestazione-non-sono-sinonimi\/#primaryimage\"},\"image\":{\"@id\":\"https:\/\/ilfoglio.info\/new\/censura-e-contestazione-non-sono-sinonimi\/#primaryimage\"},\"thumbnailUrl\":\"https:\/\/ilfoglio.info\/new\/wp-content\/uploads\/2024\/05\/Censored_rubber_stamp.svg_.png\",\"datePublished\":\"2024-05-11T06:00:00+00:00\",\"dateModified\":\"2024-06-14T07:42:58+00:00\",\"breadcrumb\":{\"@id\":\"https:\/\/ilfoglio.info\/new\/censura-e-contestazione-non-sono-sinonimi\/#breadcrumb\"},\"inLanguage\":\"it-IT\",\"potentialAction\":[{\"@type\":\"ReadAction\",\"target\":[\"https:\/\/ilfoglio.info\/new\/censura-e-contestazione-non-sono-sinonimi\/\"]}]},{\"@type\":\"ImageObject\",\"inLanguage\":\"it-IT\",\"@id\":\"https:\/\/ilfoglio.info\/new\/censura-e-contestazione-non-sono-sinonimi\/#primaryimage\",\"url\":\"https:\/\/ilfoglio.info\/new\/wp-content\/uploads\/2024\/05\/Censored_rubber_stamp.svg_.png\",\"contentUrl\":\"https:\/\/ilfoglio.info\/new\/wp-content\/uploads\/2024\/05\/Censored_rubber_stamp.svg_.png\",\"width\":1024,\"height\":892},{\"@type\":\"BreadcrumbList\",\"@id\":\"https:\/\/ilfoglio.info\/new\/censura-e-contestazione-non-sono-sinonimi\/#breadcrumb\",\"itemListElement\":[{\"@type\":\"ListItem\",\"position\":1,\"name\":\"Home\",\"item\":\"https:\/\/ilfoglio.info\/new\/\"},{\"@type\":\"ListItem\",\"position\":2,\"name\":\"Censura e contestazione non sono sinonimi\"}]},{\"@type\":\"WebSite\",\"@id\":\"https:\/\/ilfoglio.info\/new\/#website\",\"url\":\"https:\/\/ilfoglio.info\/new\/\",\"name\":\"Il Foglio\",\"description\":\"\",\"publisher\":{\"@id\":\"https:\/\/ilfoglio.info\/new\/#organization\"},\"potentialAction\":[{\"@type\":\"SearchAction\",\"target\":{\"@type\":\"EntryPoint\",\"urlTemplate\":\"https:\/\/ilfoglio.info\/new\/?s={search_term_string}\"},\"query-input\":{\"@type\":\"PropertyValueSpecification\",\"valueRequired\":true,\"valueName\":\"search_term_string\"}}],\"inLanguage\":\"it-IT\"},{\"@type\":\"Organization\",\"@id\":\"https:\/\/ilfoglio.info\/new\/#organization\",\"name\":\"Istituto delle Suore Francescane Elisabettine\",\"url\":\"https:\/\/ilfoglio.info\/new\/\",\"logo\":{\"@type\":\"ImageObject\",\"inLanguage\":\"it-IT\",\"@id\":\"https:\/\/ilfoglio.info\/new\/#\/schema\/logo\/image\/\",\"url\":\"https:\/\/ilfoglio.info\/new\/wp-content\/uploads\/2022\/05\/logo-imm-profilo-fb-01.png\",\"contentUrl\":\"https:\/\/ilfoglio.info\/new\/wp-content\/uploads\/2022\/05\/logo-imm-profilo-fb-01.png\",\"width\":708,\"height\":708,\"caption\":\"Istituto delle Suore Francescane Elisabettine\"},\"image\":{\"@id\":\"https:\/\/ilfoglio.info\/new\/#\/schema\/logo\/image\/\"},\"sameAs\":[\"https:\/\/www.facebook.com\/Francescane-Elisabettine-Pastorale-Giovanile-Vocazionale-403083793120929\",\"https:\/\/www.instagram.com\/evocate__\/?hl=it\"]},{\"@type\":\"Person\",\"@id\":\"https:\/\/ilfoglio.info\/new\/#\/schema\/person\/11d04834ee705410595b0fa79ed15e52\",\"name\":\"Paola Merlo\",\"image\":{\"@type\":\"ImageObject\",\"inLanguage\":\"it-IT\",\"@id\":\"https:\/\/ilfoglio.info\/new\/#\/schema\/person\/image\/\",\"url\":\"https:\/\/secure.gravatar.com\/avatar\/ed55e7cccf6bf8e73ab2912bec80715c2a10b3ba63e0ac559d0462f23ddea09f?s=96&d=mm&r=g\",\"contentUrl\":\"https:\/\/secure.gravatar.com\/avatar\/ed55e7cccf6bf8e73ab2912bec80715c2a10b3ba63e0ac559d0462f23ddea09f?s=96&d=mm&r=g\",\"caption\":\"Paola Merlo\"},\"url\":\"https:\/\/ilfoglio.info\/new\/author\/paola-merlo\/\"}]}<\/script>\n<!-- \/ Yoast SEO plugin. -->","yoast_head_json":{"title":"Censura e contestazione non sono sinonimi - Il Foglio","robots":{"index":"index","follow":"follow","max-snippet":"max-snippet:-1","max-image-preview":"max-image-preview:large","max-video-preview":"max-video-preview:-1"},"canonical":"https:\/\/ilfoglio.info\/new\/censura-e-contestazione-non-sono-sinonimi\/","og_locale":"it_IT","og_type":"article","og_title":"Censura e contestazione non sono sinonimi - Il Foglio","og_description":"Sull\u2019episodio della ministra per le pari opportunit\u00e0 e la famiglia, Eugenia Maria Roccella, contestata il 9 maggio alla IV edizione degli Stati Generali della Natalit\u00e0 a Roma pubblichiamo due brevi pezzi: uno sul merito di Enrico Peyretti, in altro articolo, e uno sul metodo di Paola Merlo. La ministra Roccella si duole di essere stata [&hellip;]","og_url":"https:\/\/ilfoglio.info\/new\/censura-e-contestazione-non-sono-sinonimi\/","og_site_name":"Il Foglio","article_publisher":"https:\/\/www.facebook.com\/Francescane-Elisabettine-Pastorale-Giovanile-Vocazionale-403083793120929","article_published_time":"2024-05-11T06:00:00+00:00","article_modified_time":"2024-06-14T07:42:58+00:00","og_image":[{"width":1024,"height":892,"url":"https:\/\/ilfoglio.info\/new\/wp-content\/uploads\/2024\/05\/Censored_rubber_stamp.svg_.png","type":"image\/png"}],"author":"Paola Merlo","twitter_card":"summary_large_image","twitter_misc":{"Scritto da":"Paola Merlo","Tempo di lettura stimato":"2 minuti"},"schema":{"@context":"https:\/\/schema.org","@graph":[{"@type":"Article","@id":"https:\/\/ilfoglio.info\/new\/censura-e-contestazione-non-sono-sinonimi\/#article","isPartOf":{"@id":"https:\/\/ilfoglio.info\/new\/censura-e-contestazione-non-sono-sinonimi\/"},"author":{"name":"Paola Merlo","@id":"https:\/\/ilfoglio.info\/new\/#\/schema\/person\/11d04834ee705410595b0fa79ed15e52"},"headline":"Censura e contestazione non sono sinonimi","datePublished":"2024-05-11T06:00:00+00:00","dateModified":"2024-06-14T07:42:58+00:00","mainEntityOfPage":{"@id":"https:\/\/ilfoglio.info\/new\/censura-e-contestazione-non-sono-sinonimi\/"},"wordCount":307,"commentCount":0,"publisher":{"@id":"https:\/\/ilfoglio.info\/new\/#organization"},"image":{"@id":"https:\/\/ilfoglio.info\/new\/censura-e-contestazione-non-sono-sinonimi\/#primaryimage"},"thumbnailUrl":"https:\/\/ilfoglio.info\/new\/wp-content\/uploads\/2024\/05\/Censored_rubber_stamp.svg_.png","articleSection":["News","Societ\u00e0"],"inLanguage":"it-IT","potentialAction":[{"@type":"CommentAction","name":"Comment","target":["https:\/\/ilfoglio.info\/new\/censura-e-contestazione-non-sono-sinonimi\/#respond"]}]},{"@type":"WebPage","@id":"https:\/\/ilfoglio.info\/new\/censura-e-contestazione-non-sono-sinonimi\/","url":"https:\/\/ilfoglio.info\/new\/censura-e-contestazione-non-sono-sinonimi\/","name":"Censura e contestazione non sono sinonimi - Il Foglio","isPartOf":{"@id":"https:\/\/ilfoglio.info\/new\/#website"},"primaryImageOfPage":{"@id":"https:\/\/ilfoglio.info\/new\/censura-e-contestazione-non-sono-sinonimi\/#primaryimage"},"image":{"@id":"https:\/\/ilfoglio.info\/new\/censura-e-contestazione-non-sono-sinonimi\/#primaryimage"},"thumbnailUrl":"https:\/\/ilfoglio.info\/new\/wp-content\/uploads\/2024\/05\/Censored_rubber_stamp.svg_.png","datePublished":"2024-05-11T06:00:00+00:00","dateModified":"2024-06-14T07:42:58+00:00","breadcrumb":{"@id":"https:\/\/ilfoglio.info\/new\/censura-e-contestazione-non-sono-sinonimi\/#breadcrumb"},"inLanguage":"it-IT","potentialAction":[{"@type":"ReadAction","target":["https:\/\/ilfoglio.info\/new\/censura-e-contestazione-non-sono-sinonimi\/"]}]},{"@type":"ImageObject","inLanguage":"it-IT","@id":"https:\/\/ilfoglio.info\/new\/censura-e-contestazione-non-sono-sinonimi\/#primaryimage","url":"https:\/\/ilfoglio.info\/new\/wp-content\/uploads\/2024\/05\/Censored_rubber_stamp.svg_.png","contentUrl":"https:\/\/ilfoglio.info\/new\/wp-content\/uploads\/2024\/05\/Censored_rubber_stamp.svg_.png","width":1024,"height":892},{"@type":"BreadcrumbList","@id":"https:\/\/ilfoglio.info\/new\/censura-e-contestazione-non-sono-sinonimi\/#breadcrumb","itemListElement":[{"@type":"ListItem","position":1,"name":"Home","item":"https:\/\/ilfoglio.info\/new\/"},{"@type":"ListItem","position":2,"name":"Censura e contestazione non sono sinonimi"}]},{"@type":"WebSite","@id":"https:\/\/ilfoglio.info\/new\/#website","url":"https:\/\/ilfoglio.info\/new\/","name":"Il Foglio","description":"","publisher":{"@id":"https:\/\/ilfoglio.info\/new\/#organization"},"potentialAction":[{"@type":"SearchAction","target":{"@type":"EntryPoint","urlTemplate":"https:\/\/ilfoglio.info\/new\/?s={search_term_string}"},"query-input":{"@type":"PropertyValueSpecification","valueRequired":true,"valueName":"search_term_string"}}],"inLanguage":"it-IT"},{"@type":"Organization","@id":"https:\/\/ilfoglio.info\/new\/#organization","name":"Istituto delle Suore Francescane Elisabettine","url":"https:\/\/ilfoglio.info\/new\/","logo":{"@type":"ImageObject","inLanguage":"it-IT","@id":"https:\/\/ilfoglio.info\/new\/#\/schema\/logo\/image\/","url":"https:\/\/ilfoglio.info\/new\/wp-content\/uploads\/2022\/05\/logo-imm-profilo-fb-01.png","contentUrl":"https:\/\/ilfoglio.info\/new\/wp-content\/uploads\/2022\/05\/logo-imm-profilo-fb-01.png","width":708,"height":708,"caption":"Istituto delle Suore Francescane Elisabettine"},"image":{"@id":"https:\/\/ilfoglio.info\/new\/#\/schema\/logo\/image\/"},"sameAs":["https:\/\/www.facebook.com\/Francescane-Elisabettine-Pastorale-Giovanile-Vocazionale-403083793120929","https:\/\/www.instagram.com\/evocate__\/?hl=it"]},{"@type":"Person","@id":"https:\/\/ilfoglio.info\/new\/#\/schema\/person\/11d04834ee705410595b0fa79ed15e52","name":"Paola Merlo","image":{"@type":"ImageObject","inLanguage":"it-IT","@id":"https:\/\/ilfoglio.info\/new\/#\/schema\/person\/image\/","url":"https:\/\/secure.gravatar.com\/avatar\/ed55e7cccf6bf8e73ab2912bec80715c2a10b3ba63e0ac559d0462f23ddea09f?s=96&d=mm&r=g","contentUrl":"https:\/\/secure.gravatar.com\/avatar\/ed55e7cccf6bf8e73ab2912bec80715c2a10b3ba63e0ac559d0462f23ddea09f?s=96&d=mm&r=g","caption":"Paola Merlo"},"url":"https:\/\/ilfoglio.info\/new\/author\/paola-merlo\/"}]}},"_links":{"self":[{"href":"https:\/\/ilfoglio.info\/new\/wp-json\/wp\/v2\/posts\/2205","targetHints":{"allow":["GET"]}}],"collection":[{"href":"https:\/\/ilfoglio.info\/new\/wp-json\/wp\/v2\/posts"}],"about":[{"href":"https:\/\/ilfoglio.info\/new\/wp-json\/wp\/v2\/types\/post"}],"author":[{"embeddable":true,"href":"https:\/\/ilfoglio.info\/new\/wp-json\/wp\/v2\/users\/16"}],"replies":[{"embeddable":true,"href":"https:\/\/ilfoglio.info\/new\/wp-json\/wp\/v2\/comments?post=2205"}],"version-history":[{"count":4,"href":"https:\/\/ilfoglio.info\/new\/wp-json\/wp\/v2\/posts\/2205\/revisions"}],"predecessor-version":[{"id":2330,"href":"https:\/\/ilfoglio.info\/new\/wp-json\/wp\/v2\/posts\/2205\/revisions\/2330"}],"wp:featuredmedia":[{"embeddable":true,"href":"https:\/\/ilfoglio.info\/new\/wp-json\/wp\/v2\/media\/2206"}],"wp:attachment":[{"href":"https:\/\/ilfoglio.info\/new\/wp-json\/wp\/v2\/media?parent=2205"}],"wp:term":[{"taxonomy":"category","embeddable":true,"href":"https:\/\/ilfoglio.info\/new\/wp-json\/wp\/v2\/categories?post=2205"},{"taxonomy":"post_tag","embeddable":true,"href":"https:\/\/ilfoglio.info\/new\/wp-json\/wp\/v2\/tags?post=2205"}],"curies":[{"name":"wp","href":"https:\/\/api.w.org\/{rel}","templated":true}]}}