{"id":2263,"date":"2024-05-31T08:00:00","date_gmt":"2024-05-31T06:00:00","guid":{"rendered":"https:\/\/ilfoglio.info\/new\/?p=2263"},"modified":"2024-06-05T06:43:18","modified_gmt":"2024-06-05T04:43:18","slug":"vangelo-del-corpus-domini-marco-1412-16-22-26","status":"publish","type":"post","link":"https:\/\/ilfoglio.info\/new\/vangelo-del-corpus-domini-marco-1412-16-22-26\/","title":{"rendered":"Vangelo del Corpus Domini (Marco 14,12-16.22-26)"},"content":{"rendered":"\n<p>La nostra tesi rivoluzionaria \u00e8 che l&#8217;odierna solennit\u00e0 debba essere quella del corpo di Cristo, ma non del suo sangue, perch\u00e9 nell&#8217;ultima cena e nei vangeli originari non v&#8217;\u00e8 alcun sangue sacrificale espiatorio, bens\u00ec solo il vino escatologico: \u00abNon berr\u00f2 pi\u00f9 del frutto della vite fino al giorno in cui lo berr\u00f2 [con voi] nuovo nel regno di Dio\u00bb (Mc 14,25 e par.).<\/p>\n\n\n\n<p>Per questo sono da <em>dimenticare<\/em> sia la prima (Esodo 24,3-8) che la seconda lettura (Ebrei 9,11-15), tutte imperniate sull&#8217;ideologia sacrificale. \u00c8 da cassare in buona parte pure la sequenza: \u00abSi trasforma il pane in carne, si fa sangue il vino&#8230; Mangi carne, bevi sangue; ma rimane Cristo intero in ciascuna specie; chi ne mangia non lo spezza, n\u00e9 separa n\u00e9 divide: intatto lo riceve\u00bb. \u00c8 terribile: viene tutto inteso in un senso cos\u00ec iper-realistico da dover chiarire che le ostie spezzate non dividono il Cristo! Da cassare \u00e8 pure la prima parte del vangelo [14,12-16, opera del Marco II, autore della 2\u00aa ediz. romana], in cui Ges\u00f9, inviando i due discepoli, predice loro cosa dir\u00e0 il padrone di casa, oltre al fatto che mostrer\u00e0 loro al piano superiore una grande sala, arredata e gi\u00e0 pronta per la cena pasquale: oggi \u00e8 indigeribile questa prescienza del futuro da parte di Cristo.<\/p>\n\n\n\n<p>Qualche lettore sar\u00e0 forse indispettito da questa nostra \u201cpulizia\u201d radicale, ma la richiede l&#8217;onest\u00e0 intellettuale del metodo storico-critico. Si salvano le parole sul pane \u00abQuesto \u00e8 il mio corpo\u00bb (14,22), che \u00e8 comunque una meccanica e barbara traduzione dall&#8217;aramaico in cui significava \u00abQui ci sono io\u00bb [nel pane spezzato condiviso], nel senso di una sacramentale presenza spirituale e non fisica, e men che meno nel senso di una transustanziazione del pane in carne (come non c&#8217;\u00e8 stata nessuna trasformazione chimica dell&#8217;acqua in vino a Cana). Solo il pane \u00e8 sacramentale nella comunione; bisogna quindi omettere il 14,24: \u00abQuesto \u00e8 il mio sangue dell&#8217;alleanza versato per molti\u00bb; un&#8217;aggiunta super-tardiva del Marco III, autore finale che, oltre a salvare il pi\u00f9 possibile fondendo il Marco I (1\u00aa ediz.) col Marco II, ha \u201credazionato\u201d coi propri ritocchi aggiuntivi non sempre felici.<\/p>\n\n\n\n<p>Passiamo ora alla dimostrazione, cominciando dal vangelo di Luca di cui abbiamo pure l&#8217;inconfutabile testimonianza dei manoscritti. Infatti il testo corto e originario di Luca saltava dal 22,19a \u00abQuesto \u00e8 il mio corpo\u00bb (stop) al 21 sul traditore, senza il 19b (\u00abdato per voi: fate questo in memoria di me) e soprattutto senza il 20: \u00abQuesto calice \u00e8 la nuova alleanza nel mio sangue [versato per voi]\u00bb. Ci\u00f2 \u00e8 testimoniato dal codice D, dal Vercellese, Veronese, Palatino di Trento ecc. Il testo attuale lungo di Luca \u00e8 il frutto di un copia-incolla dalla 1Corinti 11,23ss, diverso da quello di Marco. Occorre tener presente che in genere i redattori post-finali aggiungevano ma raramente toglievano; \u00e8 difficile pensare che un glossatore possa aver cassato quasi due versetti di quell&#8217;importanza (\u00abfate questo in mia memoria\u00bb, e le parole sul calice-sangue).<\/p>\n\n\n\n<p>Cos\u00ec non c\u2019\u00e8 alcun vino-sangue, bens\u00ec solo del vino in Lc 22,17-18 in un senso pi\u00f9 sobrio e frugale. Il giro di calice \u00e8 uno solo, ma quello iniziale nient&#8217;affatto sacrale: \u00e8 la promessa escatologica pura sul vino rilevata gi\u00e0 da Albert Schweitzer, senza ancora uno scenario sacramental-rituale: probabilmente per sopperire a questa mancanza \u00e8 stato inserito il testo lungo ripreso dal quadro misterico-ellenistico di Paolo.<\/p>\n\n\n\n<p>Lc 22,20 \u00e8 quindi un&#8217;aggiunta come il 14,24 di Marco: Mc 14,23 si conclude con \u00abNe <em>bevvero<\/em> tutti\u00bb; essendo il vino gi\u00e0 nell&#8217;esofago e nello stomaco dei discepoli e discepole e non pi\u00f9 visibile sulla tavola, \u00e8 fuori luogo affermare che \u201cquesto\u201d sia il sangue dell&#8217;alleanza. Matteo infatti, che copia da Marco, ha visto l&#8217;inghippo e l&#8217;ha posto nel discorso diretto: \u00ab<em>Bevetene<\/em> tutti&#8230;\u00bb (Mt 26,27s); col vino ancora sulla mensa ha senso dire: \u00abperch\u00e9 questo \u00e8 il mio sangue\u00bb, con la sua ulteriore aggiunta di \u00abin remissione dei peccati\u00bb. Nel cattolicesimo \u00e8 stato centrale Matteo con la sua ossessione per il giudizio, presente in modo massiccio nelle parabole che si trovano <em>solo<\/em> nel <em>suo<\/em> vangelo: zizzania, rete dei pesci, servo spietato, dieci vergini, giudizio universale; sembravano contare solo i Novissimi: morte, giudizio, inferno, paradiso.<\/p>\n\n\n\n<p>Concludendo, anche in Marco (come in Luca dal 22,19a al 21) occorre saltare dal 14,23 al v. 25, appunto sul vino escatologico: \u00abNon berr\u00f2 pi\u00f9 del frutto della vite&#8230;\u00bb. Cos\u00ec il sangue non c&#8217;\u00e8 nell&#8217;ultima cena e nei vangeli originari; il sangue c&#8217;\u00e8 solo in Paolo (e in qualche passo volante del NT sul sacrificio espiatorio); ma da Paolo, che non ha conosciuto il Ges\u00f9 storico e non era presente nell&#8217;ultima cena, ci possiamo tranquillamente dissociare: le sue parole non sono vincolanti.<\/p>\n\n\n\n<p>Solo in Paolo c&#8217;\u00e8 pure il \u00abfate questo in memoria di me\u00bb (e di conseguenza anche nella sua trascrizione in Luca), mentre esso \u00e8 incredibilmente <em>assente<\/em> in Mc e Mt (il quarto vangelo \u00e8 fuori quadro, poich\u00e9 in esso non c&#8217;\u00e8 il racconto dell&#8217;istituzione). Abbiamo tuttavia nel lungo cap. 6 giovanneo (che verr\u00e0 letto in pi\u00f9 domeniche quest&#8217;estate) l&#8217;ampio discorso sul pane di vita: infatti solo il pane \u00e8 sacramentale (fra l&#8217;altro in 2000 anni di storia la comunione \u00e8 stata ricevuta sotto una sola specie). \u00abChi mangia la mia carne e beve il mio sangue\u00bb (Gv 6,51-56) \u00e8 un&#8217;infelice aggiunta tardiva: il Ges\u00f9 storico non avrebbe mai potuto pronunciare quelle parole perch\u00e9 sarebbero state fraintese come antropofagia cannibalistica.<\/p>\n\n\n\n<p>Allora perch\u00e9 introdurre il vino-sangue e l&#8217;ideologia sacrificale? Non dobbiamo mai dimenticare che \u201cronzava\u201d in continuazione nelle orecchie e nella mente dei giudeo-cristiani l&#8217;obiezione micidiale degli ebrei: \u00abVoi dite che Ges\u00f9 \u00e8 il Cristo-Messia: ma come pu\u00f2 il potente Messia davidico crepare in quel modo da maledetto appeso al legno?\u00bb. Avrebbero desiderato che Ges\u00f9 si sottraesse a quel destino terribile, non necessariamente attraverso la violenza ma \u201cdileguandosi\u201d, come aveva gi\u00e0 fatto in Lc 4,28-30 quando i suoi compaesani volevano gettarlo gi\u00f9 dal precipizio: una scomparsa leggendaria, ma tale racconto \u00e8 pervenuto (solo) a Luca, che l&#8217;ha forse ritenuto storico. Dato che s&#8217;aspettavano un Messia potente, dovevano in qualche modo spiegare il tremendo smacco della crocifissione che sembrava negare fra l&#8217;altro l&#8217;onnipotenza divina. Per salvarla hanno dovuto ripiegare sulla redenzione riparatoria. Quindi la morte sacrificale divenne \u201cobbligata\u201d (sottolineata dal verbo <em>(e)dei<\/em>: era <em>necessaria<\/em>, <em>doveva<\/em> andare cos\u00ec), perch\u00e9 incredibilmente pianificata e orchestrata dal Padre medesimo, che in modo masochista si autosoddisfa col sangue versato addirittura da suo Figlio!<\/p>\n\n\n\n<p>Basta con questi ritornelli, che non sono solo assurdit\u00e0 logiche bens\u00ec delle vere bestemmie che dicono il falso su Dio. Negano infatti la sua Grazia, per cui il perdono dei peccati (previo l&#8217;ovvio ravvedimento) \u00e8 <em>gratis<\/em>, non legato a immolazioni, riscatti, e penali con lo \u201csconto\u201d delle indulgenze.<\/p>\n\n\n\n<p>Nel Marco I (1\u00aa ediz.) in 14,35 Ges\u00f9 prega di allontanare da lui quell&#8217;ora, cio\u00e8 fa di tutto per opporsi a quel destino infame. Il Marco II (2\u00aa ediz.), imbarazzato da tale acerrima resistenza, aggiunge: \u00abNon per\u00f2 ci\u00f2 che voglio io, ma ci\u00f2 che vuoi tu\u00bb, inventandosi una volont\u00e0 esplicita e diretta del Padre al riguardo. Ma non \u00e8 mai esistita alcuna volont\u00e0 divina originariamente indirizzata a quella fine orribile, e men che meno in senso sacrificale; anche se tale orrore prodotto dagli uomini \u00e8 stato sub\u00ecto nella nonviolenza con l&#8217;affrontare la morte e vincerla senza essere annientato (cfr il nostro commento al vangelo di Pasqua e del 5 Maggio, VI di Pasqua).<\/p>\n\n\n\n<p>Va categoricamente rifiutata l&#8217;ideologia del sangue sparso, proseguita nei secoli ad es. con gli \u201cstigmatizzati\u201d: emorragie fisiologiche causate da autosuggestione isterica (se non frode); coi crocefissi sanguinanti e le madonne che lacrimano (sangue; questi ultimi due sicuramente fraudolenti).<\/p>\n\n\n\n<p><\/p>\n\n\n\n<p>1lf0gl107123!?<\/p>\n","protected":false},"excerpt":{"rendered":"<p>La nostra tesi rivoluzionaria \u00e8 che l&#8217;odierna solennit\u00e0 debba essere quella del corpo di Cristo, ma non del suo sangue, perch\u00e9 nell&#8217;ultima cena e nei vangeli originari non v&#8217;\u00e8 alcun sangue sacrificale espiatorio, bens\u00ec solo il vino escatologico: \u00abNon berr\u00f2 pi\u00f9 del frutto della vite fino al giorno in cui lo berr\u00f2 [con voi] nuovo [&hellip;]<\/p>\n","protected":false},"author":29,"featured_media":2264,"comment_status":"open","ping_status":"open","sticky":false,"template":"","format":"standard","meta":{"_et_pb_use_builder":"off","_et_pb_old_content":"","_et_gb_content_width":"","footnotes":""},"categories":[220,1],"tags":[],"class_list":["post-2263","post","type-post","status-publish","format-standard","has-post-thumbnail","hentry","category-bibbia-teologia-religioni","category-news"],"yoast_head":"<!-- This site is optimized with the Yoast SEO plugin v26.4 - https:\/\/yoast.com\/wordpress\/plugins\/seo\/ -->\n<title>Vangelo del Corpus Domini (Marco 14,12-16.22-26) - Il Foglio<\/title>\n<meta name=\"robots\" content=\"index, follow, max-snippet:-1, max-image-preview:large, max-video-preview:-1\" \/>\n<link rel=\"canonical\" href=\"https:\/\/ilfoglio.info\/new\/vangelo-del-corpus-domini-marco-1412-16-22-26\/\" \/>\n<meta property=\"og:locale\" content=\"it_IT\" \/>\n<meta property=\"og:type\" content=\"article\" \/>\n<meta property=\"og:title\" content=\"Vangelo del Corpus Domini (Marco 14,12-16.22-26) - Il Foglio\" \/>\n<meta property=\"og:description\" content=\"La nostra tesi rivoluzionaria \u00e8 che l&#8217;odierna solennit\u00e0 debba essere quella del corpo di Cristo, ma non del suo sangue, perch\u00e9 nell&#8217;ultima cena e nei vangeli originari non v&#8217;\u00e8 alcun sangue sacrificale espiatorio, bens\u00ec solo il vino escatologico: \u00abNon berr\u00f2 pi\u00f9 del frutto della vite fino al giorno in cui lo berr\u00f2 [con voi] nuovo [&hellip;]\" \/>\n<meta property=\"og:url\" content=\"https:\/\/ilfoglio.info\/new\/vangelo-del-corpus-domini-marco-1412-16-22-26\/\" \/>\n<meta property=\"og:site_name\" content=\"Il Foglio\" \/>\n<meta property=\"article:publisher\" content=\"https:\/\/www.facebook.com\/Francescane-Elisabettine-Pastorale-Giovanile-Vocazionale-403083793120929\" \/>\n<meta property=\"article:published_time\" content=\"2024-05-31T06:00:00+00:00\" \/>\n<meta property=\"article:modified_time\" content=\"2024-06-05T04:43:18+00:00\" \/>\n<meta property=\"og:image\" content=\"https:\/\/ilfoglio.info\/new\/wp-content\/uploads\/2024\/05\/Pane_sciapo_di_Terni.jpg\" \/>\n\t<meta property=\"og:image:width\" content=\"1920\" \/>\n\t<meta property=\"og:image:height\" content=\"1080\" \/>\n\t<meta property=\"og:image:type\" content=\"image\/jpeg\" \/>\n<meta name=\"author\" content=\"Mauro Pedrazzoli\" \/>\n<meta name=\"twitter:card\" content=\"summary_large_image\" \/>\n<meta name=\"twitter:label1\" content=\"Scritto da\" \/>\n\t<meta name=\"twitter:data1\" content=\"Mauro Pedrazzoli\" \/>\n\t<meta name=\"twitter:label2\" content=\"Tempo di lettura stimato\" \/>\n\t<meta name=\"twitter:data2\" content=\"7 minuti\" \/>\n<script type=\"application\/ld+json\" class=\"yoast-schema-graph\">{\"@context\":\"https:\/\/schema.org\",\"@graph\":[{\"@type\":\"Article\",\"@id\":\"https:\/\/ilfoglio.info\/new\/vangelo-del-corpus-domini-marco-1412-16-22-26\/#article\",\"isPartOf\":{\"@id\":\"https:\/\/ilfoglio.info\/new\/vangelo-del-corpus-domini-marco-1412-16-22-26\/\"},\"author\":{\"name\":\"Mauro Pedrazzoli\",\"@id\":\"https:\/\/ilfoglio.info\/new\/#\/schema\/person\/5150427490ca6594c569bc8c02001918\"},\"headline\":\"Vangelo del Corpus Domini (Marco 14,12-16.22-26)\",\"datePublished\":\"2024-05-31T06:00:00+00:00\",\"dateModified\":\"2024-06-05T04:43:18+00:00\",\"mainEntityOfPage\":{\"@id\":\"https:\/\/ilfoglio.info\/new\/vangelo-del-corpus-domini-marco-1412-16-22-26\/\"},\"wordCount\":1248,\"commentCount\":0,\"publisher\":{\"@id\":\"https:\/\/ilfoglio.info\/new\/#organization\"},\"image\":{\"@id\":\"https:\/\/ilfoglio.info\/new\/vangelo-del-corpus-domini-marco-1412-16-22-26\/#primaryimage\"},\"thumbnailUrl\":\"https:\/\/ilfoglio.info\/new\/wp-content\/uploads\/2024\/05\/Pane_sciapo_di_Terni.jpg\",\"articleSection\":[\"Bibbia, teologia e religioni\",\"News\"],\"inLanguage\":\"it-IT\",\"potentialAction\":[{\"@type\":\"CommentAction\",\"name\":\"Comment\",\"target\":[\"https:\/\/ilfoglio.info\/new\/vangelo-del-corpus-domini-marco-1412-16-22-26\/#respond\"]}]},{\"@type\":\"WebPage\",\"@id\":\"https:\/\/ilfoglio.info\/new\/vangelo-del-corpus-domini-marco-1412-16-22-26\/\",\"url\":\"https:\/\/ilfoglio.info\/new\/vangelo-del-corpus-domini-marco-1412-16-22-26\/\",\"name\":\"Vangelo del Corpus Domini (Marco 14,12-16.22-26) - Il Foglio\",\"isPartOf\":{\"@id\":\"https:\/\/ilfoglio.info\/new\/#website\"},\"primaryImageOfPage\":{\"@id\":\"https:\/\/ilfoglio.info\/new\/vangelo-del-corpus-domini-marco-1412-16-22-26\/#primaryimage\"},\"image\":{\"@id\":\"https:\/\/ilfoglio.info\/new\/vangelo-del-corpus-domini-marco-1412-16-22-26\/#primaryimage\"},\"thumbnailUrl\":\"https:\/\/ilfoglio.info\/new\/wp-content\/uploads\/2024\/05\/Pane_sciapo_di_Terni.jpg\",\"datePublished\":\"2024-05-31T06:00:00+00:00\",\"dateModified\":\"2024-06-05T04:43:18+00:00\",\"breadcrumb\":{\"@id\":\"https:\/\/ilfoglio.info\/new\/vangelo-del-corpus-domini-marco-1412-16-22-26\/#breadcrumb\"},\"inLanguage\":\"it-IT\",\"potentialAction\":[{\"@type\":\"ReadAction\",\"target\":[\"https:\/\/ilfoglio.info\/new\/vangelo-del-corpus-domini-marco-1412-16-22-26\/\"]}]},{\"@type\":\"ImageObject\",\"inLanguage\":\"it-IT\",\"@id\":\"https:\/\/ilfoglio.info\/new\/vangelo-del-corpus-domini-marco-1412-16-22-26\/#primaryimage\",\"url\":\"https:\/\/ilfoglio.info\/new\/wp-content\/uploads\/2024\/05\/Pane_sciapo_di_Terni.jpg\",\"contentUrl\":\"https:\/\/ilfoglio.info\/new\/wp-content\/uploads\/2024\/05\/Pane_sciapo_di_Terni.jpg\",\"width\":1920,\"height\":1080},{\"@type\":\"BreadcrumbList\",\"@id\":\"https:\/\/ilfoglio.info\/new\/vangelo-del-corpus-domini-marco-1412-16-22-26\/#breadcrumb\",\"itemListElement\":[{\"@type\":\"ListItem\",\"position\":1,\"name\":\"Home\",\"item\":\"https:\/\/ilfoglio.info\/new\/\"},{\"@type\":\"ListItem\",\"position\":2,\"name\":\"Vangelo del Corpus Domini (Marco 14,12-16.22-26)\"}]},{\"@type\":\"WebSite\",\"@id\":\"https:\/\/ilfoglio.info\/new\/#website\",\"url\":\"https:\/\/ilfoglio.info\/new\/\",\"name\":\"Il Foglio\",\"description\":\"\",\"publisher\":{\"@id\":\"https:\/\/ilfoglio.info\/new\/#organization\"},\"potentialAction\":[{\"@type\":\"SearchAction\",\"target\":{\"@type\":\"EntryPoint\",\"urlTemplate\":\"https:\/\/ilfoglio.info\/new\/?s={search_term_string}\"},\"query-input\":{\"@type\":\"PropertyValueSpecification\",\"valueRequired\":true,\"valueName\":\"search_term_string\"}}],\"inLanguage\":\"it-IT\"},{\"@type\":\"Organization\",\"@id\":\"https:\/\/ilfoglio.info\/new\/#organization\",\"name\":\"Istituto delle Suore Francescane Elisabettine\",\"url\":\"https:\/\/ilfoglio.info\/new\/\",\"logo\":{\"@type\":\"ImageObject\",\"inLanguage\":\"it-IT\",\"@id\":\"https:\/\/ilfoglio.info\/new\/#\/schema\/logo\/image\/\",\"url\":\"https:\/\/ilfoglio.info\/new\/wp-content\/uploads\/2022\/05\/logo-imm-profilo-fb-01.png\",\"contentUrl\":\"https:\/\/ilfoglio.info\/new\/wp-content\/uploads\/2022\/05\/logo-imm-profilo-fb-01.png\",\"width\":708,\"height\":708,\"caption\":\"Istituto delle Suore Francescane Elisabettine\"},\"image\":{\"@id\":\"https:\/\/ilfoglio.info\/new\/#\/schema\/logo\/image\/\"},\"sameAs\":[\"https:\/\/www.facebook.com\/Francescane-Elisabettine-Pastorale-Giovanile-Vocazionale-403083793120929\",\"https:\/\/www.instagram.com\/evocate__\/?hl=it\"]},{\"@type\":\"Person\",\"@id\":\"https:\/\/ilfoglio.info\/new\/#\/schema\/person\/5150427490ca6594c569bc8c02001918\",\"name\":\"Mauro Pedrazzoli\",\"image\":{\"@type\":\"ImageObject\",\"inLanguage\":\"it-IT\",\"@id\":\"https:\/\/ilfoglio.info\/new\/#\/schema\/person\/image\/\",\"url\":\"https:\/\/secure.gravatar.com\/avatar\/27fa5c25bf3dd76657fb8ddb6dcf11fae23ce588752530e85d42262437504ef8?s=96&d=mm&r=g\",\"contentUrl\":\"https:\/\/secure.gravatar.com\/avatar\/27fa5c25bf3dd76657fb8ddb6dcf11fae23ce588752530e85d42262437504ef8?s=96&d=mm&r=g\",\"caption\":\"Mauro Pedrazzoli\"},\"url\":\"https:\/\/ilfoglio.info\/new\/author\/mauro-pedrazzoli\/\"}]}<\/script>\n<!-- \/ Yoast SEO plugin. -->","yoast_head_json":{"title":"Vangelo del Corpus Domini (Marco 14,12-16.22-26) - Il Foglio","robots":{"index":"index","follow":"follow","max-snippet":"max-snippet:-1","max-image-preview":"max-image-preview:large","max-video-preview":"max-video-preview:-1"},"canonical":"https:\/\/ilfoglio.info\/new\/vangelo-del-corpus-domini-marco-1412-16-22-26\/","og_locale":"it_IT","og_type":"article","og_title":"Vangelo del Corpus Domini (Marco 14,12-16.22-26) - Il Foglio","og_description":"La nostra tesi rivoluzionaria \u00e8 che l&#8217;odierna solennit\u00e0 debba essere quella del corpo di Cristo, ma non del suo sangue, perch\u00e9 nell&#8217;ultima cena e nei vangeli originari non v&#8217;\u00e8 alcun sangue sacrificale espiatorio, bens\u00ec solo il vino escatologico: \u00abNon berr\u00f2 pi\u00f9 del frutto della vite fino al giorno in cui lo berr\u00f2 [con voi] nuovo [&hellip;]","og_url":"https:\/\/ilfoglio.info\/new\/vangelo-del-corpus-domini-marco-1412-16-22-26\/","og_site_name":"Il Foglio","article_publisher":"https:\/\/www.facebook.com\/Francescane-Elisabettine-Pastorale-Giovanile-Vocazionale-403083793120929","article_published_time":"2024-05-31T06:00:00+00:00","article_modified_time":"2024-06-05T04:43:18+00:00","og_image":[{"width":1920,"height":1080,"url":"https:\/\/ilfoglio.info\/new\/wp-content\/uploads\/2024\/05\/Pane_sciapo_di_Terni.jpg","type":"image\/jpeg"}],"author":"Mauro Pedrazzoli","twitter_card":"summary_large_image","twitter_misc":{"Scritto da":"Mauro Pedrazzoli","Tempo di lettura stimato":"7 minuti"},"schema":{"@context":"https:\/\/schema.org","@graph":[{"@type":"Article","@id":"https:\/\/ilfoglio.info\/new\/vangelo-del-corpus-domini-marco-1412-16-22-26\/#article","isPartOf":{"@id":"https:\/\/ilfoglio.info\/new\/vangelo-del-corpus-domini-marco-1412-16-22-26\/"},"author":{"name":"Mauro Pedrazzoli","@id":"https:\/\/ilfoglio.info\/new\/#\/schema\/person\/5150427490ca6594c569bc8c02001918"},"headline":"Vangelo del Corpus Domini (Marco 14,12-16.22-26)","datePublished":"2024-05-31T06:00:00+00:00","dateModified":"2024-06-05T04:43:18+00:00","mainEntityOfPage":{"@id":"https:\/\/ilfoglio.info\/new\/vangelo-del-corpus-domini-marco-1412-16-22-26\/"},"wordCount":1248,"commentCount":0,"publisher":{"@id":"https:\/\/ilfoglio.info\/new\/#organization"},"image":{"@id":"https:\/\/ilfoglio.info\/new\/vangelo-del-corpus-domini-marco-1412-16-22-26\/#primaryimage"},"thumbnailUrl":"https:\/\/ilfoglio.info\/new\/wp-content\/uploads\/2024\/05\/Pane_sciapo_di_Terni.jpg","articleSection":["Bibbia, teologia e religioni","News"],"inLanguage":"it-IT","potentialAction":[{"@type":"CommentAction","name":"Comment","target":["https:\/\/ilfoglio.info\/new\/vangelo-del-corpus-domini-marco-1412-16-22-26\/#respond"]}]},{"@type":"WebPage","@id":"https:\/\/ilfoglio.info\/new\/vangelo-del-corpus-domini-marco-1412-16-22-26\/","url":"https:\/\/ilfoglio.info\/new\/vangelo-del-corpus-domini-marco-1412-16-22-26\/","name":"Vangelo del Corpus Domini (Marco 14,12-16.22-26) - Il Foglio","isPartOf":{"@id":"https:\/\/ilfoglio.info\/new\/#website"},"primaryImageOfPage":{"@id":"https:\/\/ilfoglio.info\/new\/vangelo-del-corpus-domini-marco-1412-16-22-26\/#primaryimage"},"image":{"@id":"https:\/\/ilfoglio.info\/new\/vangelo-del-corpus-domini-marco-1412-16-22-26\/#primaryimage"},"thumbnailUrl":"https:\/\/ilfoglio.info\/new\/wp-content\/uploads\/2024\/05\/Pane_sciapo_di_Terni.jpg","datePublished":"2024-05-31T06:00:00+00:00","dateModified":"2024-06-05T04:43:18+00:00","breadcrumb":{"@id":"https:\/\/ilfoglio.info\/new\/vangelo-del-corpus-domini-marco-1412-16-22-26\/#breadcrumb"},"inLanguage":"it-IT","potentialAction":[{"@type":"ReadAction","target":["https:\/\/ilfoglio.info\/new\/vangelo-del-corpus-domini-marco-1412-16-22-26\/"]}]},{"@type":"ImageObject","inLanguage":"it-IT","@id":"https:\/\/ilfoglio.info\/new\/vangelo-del-corpus-domini-marco-1412-16-22-26\/#primaryimage","url":"https:\/\/ilfoglio.info\/new\/wp-content\/uploads\/2024\/05\/Pane_sciapo_di_Terni.jpg","contentUrl":"https:\/\/ilfoglio.info\/new\/wp-content\/uploads\/2024\/05\/Pane_sciapo_di_Terni.jpg","width":1920,"height":1080},{"@type":"BreadcrumbList","@id":"https:\/\/ilfoglio.info\/new\/vangelo-del-corpus-domini-marco-1412-16-22-26\/#breadcrumb","itemListElement":[{"@type":"ListItem","position":1,"name":"Home","item":"https:\/\/ilfoglio.info\/new\/"},{"@type":"ListItem","position":2,"name":"Vangelo del Corpus Domini (Marco 14,12-16.22-26)"}]},{"@type":"WebSite","@id":"https:\/\/ilfoglio.info\/new\/#website","url":"https:\/\/ilfoglio.info\/new\/","name":"Il Foglio","description":"","publisher":{"@id":"https:\/\/ilfoglio.info\/new\/#organization"},"potentialAction":[{"@type":"SearchAction","target":{"@type":"EntryPoint","urlTemplate":"https:\/\/ilfoglio.info\/new\/?s={search_term_string}"},"query-input":{"@type":"PropertyValueSpecification","valueRequired":true,"valueName":"search_term_string"}}],"inLanguage":"it-IT"},{"@type":"Organization","@id":"https:\/\/ilfoglio.info\/new\/#organization","name":"Istituto delle Suore Francescane Elisabettine","url":"https:\/\/ilfoglio.info\/new\/","logo":{"@type":"ImageObject","inLanguage":"it-IT","@id":"https:\/\/ilfoglio.info\/new\/#\/schema\/logo\/image\/","url":"https:\/\/ilfoglio.info\/new\/wp-content\/uploads\/2022\/05\/logo-imm-profilo-fb-01.png","contentUrl":"https:\/\/ilfoglio.info\/new\/wp-content\/uploads\/2022\/05\/logo-imm-profilo-fb-01.png","width":708,"height":708,"caption":"Istituto delle Suore Francescane Elisabettine"},"image":{"@id":"https:\/\/ilfoglio.info\/new\/#\/schema\/logo\/image\/"},"sameAs":["https:\/\/www.facebook.com\/Francescane-Elisabettine-Pastorale-Giovanile-Vocazionale-403083793120929","https:\/\/www.instagram.com\/evocate__\/?hl=it"]},{"@type":"Person","@id":"https:\/\/ilfoglio.info\/new\/#\/schema\/person\/5150427490ca6594c569bc8c02001918","name":"Mauro Pedrazzoli","image":{"@type":"ImageObject","inLanguage":"it-IT","@id":"https:\/\/ilfoglio.info\/new\/#\/schema\/person\/image\/","url":"https:\/\/secure.gravatar.com\/avatar\/27fa5c25bf3dd76657fb8ddb6dcf11fae23ce588752530e85d42262437504ef8?s=96&d=mm&r=g","contentUrl":"https:\/\/secure.gravatar.com\/avatar\/27fa5c25bf3dd76657fb8ddb6dcf11fae23ce588752530e85d42262437504ef8?s=96&d=mm&r=g","caption":"Mauro Pedrazzoli"},"url":"https:\/\/ilfoglio.info\/new\/author\/mauro-pedrazzoli\/"}]}},"_links":{"self":[{"href":"https:\/\/ilfoglio.info\/new\/wp-json\/wp\/v2\/posts\/2263","targetHints":{"allow":["GET"]}}],"collection":[{"href":"https:\/\/ilfoglio.info\/new\/wp-json\/wp\/v2\/posts"}],"about":[{"href":"https:\/\/ilfoglio.info\/new\/wp-json\/wp\/v2\/types\/post"}],"author":[{"embeddable":true,"href":"https:\/\/ilfoglio.info\/new\/wp-json\/wp\/v2\/users\/29"}],"replies":[{"embeddable":true,"href":"https:\/\/ilfoglio.info\/new\/wp-json\/wp\/v2\/comments?post=2263"}],"version-history":[{"count":1,"href":"https:\/\/ilfoglio.info\/new\/wp-json\/wp\/v2\/posts\/2263\/revisions"}],"predecessor-version":[{"id":2265,"href":"https:\/\/ilfoglio.info\/new\/wp-json\/wp\/v2\/posts\/2263\/revisions\/2265"}],"wp:featuredmedia":[{"embeddable":true,"href":"https:\/\/ilfoglio.info\/new\/wp-json\/wp\/v2\/media\/2264"}],"wp:attachment":[{"href":"https:\/\/ilfoglio.info\/new\/wp-json\/wp\/v2\/media?parent=2263"}],"wp:term":[{"taxonomy":"category","embeddable":true,"href":"https:\/\/ilfoglio.info\/new\/wp-json\/wp\/v2\/categories?post=2263"},{"taxonomy":"post_tag","embeddable":true,"href":"https:\/\/ilfoglio.info\/new\/wp-json\/wp\/v2\/tags?post=2263"}],"curies":[{"name":"wp","href":"https:\/\/api.w.org\/{rel}","templated":true}]}}