{"id":2294,"date":"2024-06-29T08:00:05","date_gmt":"2024-06-29T06:00:05","guid":{"rendered":"https:\/\/ilfoglio.info\/new\/?p=2294"},"modified":"2024-06-21T22:24:40","modified_gmt":"2024-06-21T20:24:40","slug":"la-cena-il-sacrificio-e-il-metodo-storico-critico","status":"publish","type":"post","link":"https:\/\/ilfoglio.info\/new\/la-cena-il-sacrificio-e-il-metodo-storico-critico\/","title":{"rendered":"La cena, il sacrificio e il metodo storico-critico"},"content":{"rendered":"\n<p><em>Riceviamo da Giovanni Ferretti della Facolt\u00e0 teologica di Torino questo intervento che volentieri pubblichiamo.<\/em><\/p>\n\n\n\n<p><\/p>\n\n\n\n<p>Cara redazione, del <a href=\"https:\/\/ilfoglio.info\/new\/vangelo-del-corpus-domini-marco-1412-16-22-26\/\">testo di Pedrazzoli sul Corpus Domini<\/a> condivido la lettura non sacrificale della Eucaristia e anche della Croce (i protestanti in generale criticano la prima, tradizionalmente dei cattolici, ma sono fermi nel sostenere la seconda), soprattutto se intesa come sacrificio espiatorio nel senso proposto da sant\u2019Anselmo, ovvero quale soddisfazione in sangue da dare a Dio al posto nostro, per riparare l\u2019offesa dei peccati e ottenerci il perdono. L\u2019unica categoria di sacrificio che Pedrazzoli sembra aver presente nella sua critica, anche se nel NT il sacrificio presenta altre configurazioni.<\/p>\n\n\n\n<p>Resto per\u00f2 molto perplesso circa il suo uso teologico e liturgico del metodo storico-critico, anche se lo applica correttamente in quanto tale al nostro caso. Le sue conclusioni quanto alla genesi letteraria del testo di Marco sulla \u201cistituzione\u201d dell\u2019Eucaristia si ritrovano tali e quali anche nella celebre <em>Synopse des quatre vangile<\/em> di P. Benoit e M.-\u00c8. Boismard, che normalmente consulto a tale scopo.<\/p>\n\n\n\n<p>Mi stupisce, ad esempio, la certezza di raggiungere, risalendo a fonti o redazioni pi\u00f9 originali dei Vangeli (fonte Q o primo Marco) la cronaca dei fatti e della parole precise di Ges\u00f9, da ritenere le uniche normative per noi oggi. Come se le prime stesure letterarie delle tradizioni evangeliche fossero resoconti storici nel senso odierno e non anch\u2019esse annunci di fede, e della fede quale interpretazione dell\u2019intera vicenda di Ges\u00f9, e soprattutto della sua morte scandalosa, alla luce della risurrezione e del dono dello Spirito. Come se, quali corrette espressioni della fede da cui \u00e8 nato il cristianesimo, il primo Marco fosse pi\u00f9 affidabile di Paolo o degli altri evangelisti. Senza contare che Paolo, probabilmente, scrivendo nella Prima Corinti della istituzione dell\u2019Eucaristia, ha scritto prima di lui o forse ha tramandato un kerigma ancor pi\u00f9 primitivo della fonte Q da cui attinge Marco. Ma al di l\u00e0 di questo discutibile primato letterario, forse che entrambi non cercavano di spiegare il senso della cena eucaristica, lo \u201cspezzare il pane\u201d che caratterizzava fin dai primordi la prassi della comunit\u00e0 cristiana ed era in uso gi\u00e0 prima di loro?<\/p>\n\n\n\n<p>Le mie perplessit\u00e0 su questo uso del metodo storico-critico derivano poi dal presupposto che anima alcuni suoi utilizzatori, come qui Pedrazzoli (ma non gli esegeti Benoit e Boismard sopra citati), di considerare inventato ed eliminabile tutto ci\u00f2 che non risulta letterariamente primitivo o addirittura attribuibile direttamente a Ges\u00f9, come se tutto ci\u00f2 che nel NT \u00e8 venuto dopo non fosse un\u2019interpretazione che penetra sempre pi\u00f9 profondamente nel mistero della vita e morte di Ges\u00f9 (che non cessiamo di approfondire ancora noi oggi) e che il NT ha fissato in modo paradigmatico per la fede della comunit\u00e0 cristiana.<\/p>\n\n\n\n<p>Quanto al voler escludere la menzione del sangue dalla nostra Eucaristia, perch\u00e9 sarebbe fuorviante del suo senso, mi sembra una proposta molto strana: forse che il corpo di Cristo in croce non ha versato il suo sangue? Il gesto di Ges\u00f9 nell\u2019ultima Cena \u00e8 generalmente a giusto titolo inteso come un\u2019anticipata interpretazione simbolica del senso della croce. \u00abCorpo dato e sangue versato per voi, per amore vostro\u00bb. Non certo per soddisfare la giustizia punitiva del Padre. Ma per essere fedele alla testimonianza del suo amore incondizionato, che continua ad amare anche i nemici che lo mettono in croce La nostra prassi eucaristica non \u00e8 forse il memoriale di tale dono della vita per amore?<\/p>\n\n\n\n<p>Che quel \u00abper voi\u00bb non sia da intendere in senso sacrificale, non significa che la morte in croce di Cristo, conclusione della sua intera vita, non sia da ritenere la fonte della nostra salvezza, come nelle primitive espressioni del Kerygma cristiano. Morte non voluta n\u00e9 da Ges\u00f9 n\u00e9 dal Padre, ma affrontata in quel modo per non tradire il messaggio di amore e non violenza di Dio, che si mantiene anche nel portare su di s\u00e9 il rifiuto e la ingiustizia pi\u00f9 violenta. Da questa interpretazione della croce \u00e8 nata la fede cristiana e si radica anche la nostra fede.<\/p>\n\n\n\n<p>Che poi alcuni scrittori del NT abbiano interpretato quell\u2019evento con le categorie del sacrificio non ci deve stupire. Erano le pi\u00f9 a portata di mano per interpretare un evento cos\u00ec inatteso e di difficile comprensione con le loro categorie. Anche se da subito le hanno profondamente modificate per adeguarle all\u2019evento storico reale della passione e morte di Ges\u00f9 in croce. E non sono mancate altre categorie interpretative, come in Giovanni, che mai usa la categoria di sacrificio ma, ad esempio, quella di \u201cdonare la vita\u201d per gli amici come espressione dell\u2019amore pi\u00f9 grande o quella di martirio.<\/p>\n\n\n\n<p>Oggi i teologi pi\u00f9 avvertiti, per salvare la categoria di sacrificio (o forse solo il nome tradizionale?), dicono che la croce va intesa come sacrificio perch\u00e9 in essa si \u00e8 raggiunto quel fine di comunione o alleanza con Dio cui tendevano i sacrifici antichi. Ma in essa non andrebbe vista alcuna mentalit\u00e0 sacrificale, che intende la sofferenza come meritoria, gradita a Dio o espiatoria come tale. La croce infatti, anche per tali teologi, va intesa come un puro dono di amore, espressione di grazia e perdono donati gratuitamente e non \u201cmeritati\u201d.<\/p>\n\n\n\n<p>Non ho difficolt\u00e0 ad accogliere questa interpretazione del sacrificio della croce, e della Cena che ne esprime il senso, anche se mi sembra che non sia sufficiente dire che se un&#8217;azione raggiunge lo stesso fine dei sacrifici antichi sia per gi\u00e0 stesso un sacrificio. Lo stesso fine si pu\u00f2 raggiungere infatti anche per altre vie, come mi pare sia avvenuto in Ges\u00f9. Non per nulla nei racconti della passione e morte di Ges\u00f9 non vi \u00e8 alcun cenno a una interpretazione sacrificale della sua morte, anche se ben si descrive come l\u2019abbia affrontata, senza ribellione n\u00e9 odio, ma perdonando i crocifissori, certo di fare cos\u00ec la volont\u00e0 di Dio che \u2013 come gi\u00e0 detto \u2012 non riguarda certamente la volont\u00e0 di quella morte ingiusta e crudele ma la volont\u00e0 di quella testimonianza del suo amore incondizionato.<\/p>\n\n\n\n<p>Scusatemi la lunghezza della risposta e una certa confusione espositiva.<\/p>\n\n\n\n<p>Sulla Eucaristia come evento non \u201cfisico\u201d ma reale ho scritto nel capitolo \u201cSecolarizzazione ed Eucaristia\u201d del mio libro <em>Il grande compito<\/em>. <em>Tradurre la fede nello spazio pubblico secolare<\/em> (Cittadella 2013, pp. 89-115), dove ripenso le classiche categorie eucaristiche di \u201cpresenza reale\u201d, \u201ctransustanziazione\u201d e \u201csacrificio\u201d. Sulla croce come evento non sacrificale, ho scritto nel capitolo \u201cSalvati a caro prezzo? Per un \u2018superamento\u2019 della categoria di sacrificio\u201d, nel mio <em>Spiritualit\u00e0 cristiana nel mondo moderno. Per un superamento della mentalit\u00e0 sacrificale<\/em> (Cittadella 2016, pp. 81-128).<\/p>\n\n\n\n<p>Un cordiale e amichevole abbraccio.<\/p>\n\n\n\n<p class=\"has-text-align-right\"><em>Giovanni Ferretti<\/em><\/p>\n\n\n\n<p><\/p>\n","protected":false},"excerpt":{"rendered":"<p>Riceviamo da Giovanni Ferretti della Facolt\u00e0 teologica di Torino questo intervento che volentieri pubblichiamo. Cara redazione, del testo di Pedrazzoli sul Corpus Domini condivido la lettura non sacrificale della Eucaristia e anche della Croce (i protestanti in generale criticano la prima, tradizionalmente dei cattolici, ma sono fermi nel sostenere la seconda), soprattutto se intesa come [&hellip;]<\/p>\n","protected":false},"author":7,"featured_media":2296,"comment_status":"open","ping_status":"open","sticky":false,"template":"","format":"standard","meta":{"_et_pb_use_builder":"off","_et_pb_old_content":"","_et_gb_content_width":"","footnotes":""},"categories":[220,1],"tags":[],"class_list":["post-2294","post","type-post","status-publish","format-standard","has-post-thumbnail","hentry","category-bibbia-teologia-religioni","category-news"],"yoast_head":"<!-- This site is optimized with the Yoast SEO plugin v26.4 - https:\/\/yoast.com\/wordpress\/plugins\/seo\/ -->\n<title>La cena, il sacrificio e il metodo storico-critico - Il Foglio<\/title>\n<meta name=\"robots\" content=\"index, follow, max-snippet:-1, max-image-preview:large, max-video-preview:-1\" \/>\n<link rel=\"canonical\" href=\"https:\/\/ilfoglio.info\/new\/la-cena-il-sacrificio-e-il-metodo-storico-critico\/\" \/>\n<meta property=\"og:locale\" content=\"it_IT\" \/>\n<meta property=\"og:type\" content=\"article\" \/>\n<meta property=\"og:title\" content=\"La cena, il sacrificio e il metodo storico-critico - Il Foglio\" \/>\n<meta property=\"og:description\" content=\"Riceviamo da Giovanni Ferretti della Facolt\u00e0 teologica di Torino questo intervento che volentieri pubblichiamo. Cara redazione, del testo di Pedrazzoli sul Corpus Domini condivido la lettura non sacrificale della Eucaristia e anche della Croce (i protestanti in generale criticano la prima, tradizionalmente dei cattolici, ma sono fermi nel sostenere la seconda), soprattutto se intesa come [&hellip;]\" \/>\n<meta property=\"og:url\" content=\"https:\/\/ilfoglio.info\/new\/la-cena-il-sacrificio-e-il-metodo-storico-critico\/\" \/>\n<meta property=\"og:site_name\" content=\"Il Foglio\" \/>\n<meta property=\"article:publisher\" content=\"https:\/\/www.facebook.com\/Francescane-Elisabettine-Pastorale-Giovanile-Vocazionale-403083793120929\" \/>\n<meta property=\"article:published_time\" content=\"2024-06-29T06:00:05+00:00\" \/>\n<meta property=\"og:image\" content=\"https:\/\/ilfoglio.info\/new\/wp-content\/uploads\/2024\/06\/altare.jpg\" \/>\n\t<meta property=\"og:image:width\" content=\"260\" \/>\n\t<meta property=\"og:image:height\" content=\"194\" \/>\n\t<meta property=\"og:image:type\" content=\"image\/jpeg\" \/>\n<meta name=\"author\" content=\"redazione\" \/>\n<meta name=\"twitter:card\" content=\"summary_large_image\" \/>\n<meta name=\"twitter:label1\" content=\"Scritto da\" \/>\n\t<meta name=\"twitter:data1\" content=\"redazione\" \/>\n\t<meta name=\"twitter:label2\" content=\"Tempo di lettura stimato\" \/>\n\t<meta name=\"twitter:data2\" content=\"6 minuti\" \/>\n<script type=\"application\/ld+json\" class=\"yoast-schema-graph\">{\"@context\":\"https:\/\/schema.org\",\"@graph\":[{\"@type\":\"Article\",\"@id\":\"https:\/\/ilfoglio.info\/new\/la-cena-il-sacrificio-e-il-metodo-storico-critico\/#article\",\"isPartOf\":{\"@id\":\"https:\/\/ilfoglio.info\/new\/la-cena-il-sacrificio-e-il-metodo-storico-critico\/\"},\"author\":{\"name\":\"redazione\",\"@id\":\"https:\/\/ilfoglio.info\/new\/#\/schema\/person\/cf0af2b9f7dde04a8daab4a480320180\"},\"headline\":\"La cena, il sacrificio e il metodo storico-critico\",\"datePublished\":\"2024-06-29T06:00:05+00:00\",\"mainEntityOfPage\":{\"@id\":\"https:\/\/ilfoglio.info\/new\/la-cena-il-sacrificio-e-il-metodo-storico-critico\/\"},\"wordCount\":1100,\"commentCount\":0,\"publisher\":{\"@id\":\"https:\/\/ilfoglio.info\/new\/#organization\"},\"image\":{\"@id\":\"https:\/\/ilfoglio.info\/new\/la-cena-il-sacrificio-e-il-metodo-storico-critico\/#primaryimage\"},\"thumbnailUrl\":\"https:\/\/ilfoglio.info\/new\/wp-content\/uploads\/2024\/06\/altare.jpg\",\"articleSection\":[\"Bibbia, teologia e religioni\",\"News\"],\"inLanguage\":\"it-IT\",\"potentialAction\":[{\"@type\":\"CommentAction\",\"name\":\"Comment\",\"target\":[\"https:\/\/ilfoglio.info\/new\/la-cena-il-sacrificio-e-il-metodo-storico-critico\/#respond\"]}]},{\"@type\":\"WebPage\",\"@id\":\"https:\/\/ilfoglio.info\/new\/la-cena-il-sacrificio-e-il-metodo-storico-critico\/\",\"url\":\"https:\/\/ilfoglio.info\/new\/la-cena-il-sacrificio-e-il-metodo-storico-critico\/\",\"name\":\"La cena, il sacrificio e il metodo storico-critico - Il Foglio\",\"isPartOf\":{\"@id\":\"https:\/\/ilfoglio.info\/new\/#website\"},\"primaryImageOfPage\":{\"@id\":\"https:\/\/ilfoglio.info\/new\/la-cena-il-sacrificio-e-il-metodo-storico-critico\/#primaryimage\"},\"image\":{\"@id\":\"https:\/\/ilfoglio.info\/new\/la-cena-il-sacrificio-e-il-metodo-storico-critico\/#primaryimage\"},\"thumbnailUrl\":\"https:\/\/ilfoglio.info\/new\/wp-content\/uploads\/2024\/06\/altare.jpg\",\"datePublished\":\"2024-06-29T06:00:05+00:00\",\"breadcrumb\":{\"@id\":\"https:\/\/ilfoglio.info\/new\/la-cena-il-sacrificio-e-il-metodo-storico-critico\/#breadcrumb\"},\"inLanguage\":\"it-IT\",\"potentialAction\":[{\"@type\":\"ReadAction\",\"target\":[\"https:\/\/ilfoglio.info\/new\/la-cena-il-sacrificio-e-il-metodo-storico-critico\/\"]}]},{\"@type\":\"ImageObject\",\"inLanguage\":\"it-IT\",\"@id\":\"https:\/\/ilfoglio.info\/new\/la-cena-il-sacrificio-e-il-metodo-storico-critico\/#primaryimage\",\"url\":\"https:\/\/ilfoglio.info\/new\/wp-content\/uploads\/2024\/06\/altare.jpg\",\"contentUrl\":\"https:\/\/ilfoglio.info\/new\/wp-content\/uploads\/2024\/06\/altare.jpg\",\"width\":260,\"height\":194},{\"@type\":\"BreadcrumbList\",\"@id\":\"https:\/\/ilfoglio.info\/new\/la-cena-il-sacrificio-e-il-metodo-storico-critico\/#breadcrumb\",\"itemListElement\":[{\"@type\":\"ListItem\",\"position\":1,\"name\":\"Home\",\"item\":\"https:\/\/ilfoglio.info\/new\/\"},{\"@type\":\"ListItem\",\"position\":2,\"name\":\"La cena, il sacrificio e il metodo storico-critico\"}]},{\"@type\":\"WebSite\",\"@id\":\"https:\/\/ilfoglio.info\/new\/#website\",\"url\":\"https:\/\/ilfoglio.info\/new\/\",\"name\":\"Il Foglio\",\"description\":\"\",\"publisher\":{\"@id\":\"https:\/\/ilfoglio.info\/new\/#organization\"},\"potentialAction\":[{\"@type\":\"SearchAction\",\"target\":{\"@type\":\"EntryPoint\",\"urlTemplate\":\"https:\/\/ilfoglio.info\/new\/?s={search_term_string}\"},\"query-input\":{\"@type\":\"PropertyValueSpecification\",\"valueRequired\":true,\"valueName\":\"search_term_string\"}}],\"inLanguage\":\"it-IT\"},{\"@type\":\"Organization\",\"@id\":\"https:\/\/ilfoglio.info\/new\/#organization\",\"name\":\"Istituto delle Suore Francescane Elisabettine\",\"url\":\"https:\/\/ilfoglio.info\/new\/\",\"logo\":{\"@type\":\"ImageObject\",\"inLanguage\":\"it-IT\",\"@id\":\"https:\/\/ilfoglio.info\/new\/#\/schema\/logo\/image\/\",\"url\":\"https:\/\/ilfoglio.info\/new\/wp-content\/uploads\/2022\/05\/logo-imm-profilo-fb-01.png\",\"contentUrl\":\"https:\/\/ilfoglio.info\/new\/wp-content\/uploads\/2022\/05\/logo-imm-profilo-fb-01.png\",\"width\":708,\"height\":708,\"caption\":\"Istituto delle Suore Francescane Elisabettine\"},\"image\":{\"@id\":\"https:\/\/ilfoglio.info\/new\/#\/schema\/logo\/image\/\"},\"sameAs\":[\"https:\/\/www.facebook.com\/Francescane-Elisabettine-Pastorale-Giovanile-Vocazionale-403083793120929\",\"https:\/\/www.instagram.com\/evocate__\/?hl=it\"]},{\"@type\":\"Person\",\"@id\":\"https:\/\/ilfoglio.info\/new\/#\/schema\/person\/cf0af2b9f7dde04a8daab4a480320180\",\"name\":\"redazione\",\"image\":{\"@type\":\"ImageObject\",\"inLanguage\":\"it-IT\",\"@id\":\"https:\/\/ilfoglio.info\/new\/#\/schema\/person\/image\/\",\"url\":\"https:\/\/secure.gravatar.com\/avatar\/9cd86858744b0e9f361c4e121853b97f580a5df7e5778052669bbd5efe6ca49a?s=96&d=mm&r=g\",\"contentUrl\":\"https:\/\/secure.gravatar.com\/avatar\/9cd86858744b0e9f361c4e121853b97f580a5df7e5778052669bbd5efe6ca49a?s=96&d=mm&r=g\",\"caption\":\"redazione\"},\"url\":\"https:\/\/ilfoglio.info\/new\/author\/redazione\/\"}]}<\/script>\n<!-- \/ Yoast SEO plugin. -->","yoast_head_json":{"title":"La cena, il sacrificio e il metodo storico-critico - Il Foglio","robots":{"index":"index","follow":"follow","max-snippet":"max-snippet:-1","max-image-preview":"max-image-preview:large","max-video-preview":"max-video-preview:-1"},"canonical":"https:\/\/ilfoglio.info\/new\/la-cena-il-sacrificio-e-il-metodo-storico-critico\/","og_locale":"it_IT","og_type":"article","og_title":"La cena, il sacrificio e il metodo storico-critico - Il Foglio","og_description":"Riceviamo da Giovanni Ferretti della Facolt\u00e0 teologica di Torino questo intervento che volentieri pubblichiamo. Cara redazione, del testo di Pedrazzoli sul Corpus Domini condivido la lettura non sacrificale della Eucaristia e anche della Croce (i protestanti in generale criticano la prima, tradizionalmente dei cattolici, ma sono fermi nel sostenere la seconda), soprattutto se intesa come [&hellip;]","og_url":"https:\/\/ilfoglio.info\/new\/la-cena-il-sacrificio-e-il-metodo-storico-critico\/","og_site_name":"Il Foglio","article_publisher":"https:\/\/www.facebook.com\/Francescane-Elisabettine-Pastorale-Giovanile-Vocazionale-403083793120929","article_published_time":"2024-06-29T06:00:05+00:00","og_image":[{"width":260,"height":194,"url":"https:\/\/ilfoglio.info\/new\/wp-content\/uploads\/2024\/06\/altare.jpg","type":"image\/jpeg"}],"author":"redazione","twitter_card":"summary_large_image","twitter_misc":{"Scritto da":"redazione","Tempo di lettura stimato":"6 minuti"},"schema":{"@context":"https:\/\/schema.org","@graph":[{"@type":"Article","@id":"https:\/\/ilfoglio.info\/new\/la-cena-il-sacrificio-e-il-metodo-storico-critico\/#article","isPartOf":{"@id":"https:\/\/ilfoglio.info\/new\/la-cena-il-sacrificio-e-il-metodo-storico-critico\/"},"author":{"name":"redazione","@id":"https:\/\/ilfoglio.info\/new\/#\/schema\/person\/cf0af2b9f7dde04a8daab4a480320180"},"headline":"La cena, il sacrificio e il metodo storico-critico","datePublished":"2024-06-29T06:00:05+00:00","mainEntityOfPage":{"@id":"https:\/\/ilfoglio.info\/new\/la-cena-il-sacrificio-e-il-metodo-storico-critico\/"},"wordCount":1100,"commentCount":0,"publisher":{"@id":"https:\/\/ilfoglio.info\/new\/#organization"},"image":{"@id":"https:\/\/ilfoglio.info\/new\/la-cena-il-sacrificio-e-il-metodo-storico-critico\/#primaryimage"},"thumbnailUrl":"https:\/\/ilfoglio.info\/new\/wp-content\/uploads\/2024\/06\/altare.jpg","articleSection":["Bibbia, teologia e religioni","News"],"inLanguage":"it-IT","potentialAction":[{"@type":"CommentAction","name":"Comment","target":["https:\/\/ilfoglio.info\/new\/la-cena-il-sacrificio-e-il-metodo-storico-critico\/#respond"]}]},{"@type":"WebPage","@id":"https:\/\/ilfoglio.info\/new\/la-cena-il-sacrificio-e-il-metodo-storico-critico\/","url":"https:\/\/ilfoglio.info\/new\/la-cena-il-sacrificio-e-il-metodo-storico-critico\/","name":"La cena, il sacrificio e il metodo storico-critico - Il Foglio","isPartOf":{"@id":"https:\/\/ilfoglio.info\/new\/#website"},"primaryImageOfPage":{"@id":"https:\/\/ilfoglio.info\/new\/la-cena-il-sacrificio-e-il-metodo-storico-critico\/#primaryimage"},"image":{"@id":"https:\/\/ilfoglio.info\/new\/la-cena-il-sacrificio-e-il-metodo-storico-critico\/#primaryimage"},"thumbnailUrl":"https:\/\/ilfoglio.info\/new\/wp-content\/uploads\/2024\/06\/altare.jpg","datePublished":"2024-06-29T06:00:05+00:00","breadcrumb":{"@id":"https:\/\/ilfoglio.info\/new\/la-cena-il-sacrificio-e-il-metodo-storico-critico\/#breadcrumb"},"inLanguage":"it-IT","potentialAction":[{"@type":"ReadAction","target":["https:\/\/ilfoglio.info\/new\/la-cena-il-sacrificio-e-il-metodo-storico-critico\/"]}]},{"@type":"ImageObject","inLanguage":"it-IT","@id":"https:\/\/ilfoglio.info\/new\/la-cena-il-sacrificio-e-il-metodo-storico-critico\/#primaryimage","url":"https:\/\/ilfoglio.info\/new\/wp-content\/uploads\/2024\/06\/altare.jpg","contentUrl":"https:\/\/ilfoglio.info\/new\/wp-content\/uploads\/2024\/06\/altare.jpg","width":260,"height":194},{"@type":"BreadcrumbList","@id":"https:\/\/ilfoglio.info\/new\/la-cena-il-sacrificio-e-il-metodo-storico-critico\/#breadcrumb","itemListElement":[{"@type":"ListItem","position":1,"name":"Home","item":"https:\/\/ilfoglio.info\/new\/"},{"@type":"ListItem","position":2,"name":"La cena, il sacrificio e il metodo storico-critico"}]},{"@type":"WebSite","@id":"https:\/\/ilfoglio.info\/new\/#website","url":"https:\/\/ilfoglio.info\/new\/","name":"Il Foglio","description":"","publisher":{"@id":"https:\/\/ilfoglio.info\/new\/#organization"},"potentialAction":[{"@type":"SearchAction","target":{"@type":"EntryPoint","urlTemplate":"https:\/\/ilfoglio.info\/new\/?s={search_term_string}"},"query-input":{"@type":"PropertyValueSpecification","valueRequired":true,"valueName":"search_term_string"}}],"inLanguage":"it-IT"},{"@type":"Organization","@id":"https:\/\/ilfoglio.info\/new\/#organization","name":"Istituto delle Suore Francescane Elisabettine","url":"https:\/\/ilfoglio.info\/new\/","logo":{"@type":"ImageObject","inLanguage":"it-IT","@id":"https:\/\/ilfoglio.info\/new\/#\/schema\/logo\/image\/","url":"https:\/\/ilfoglio.info\/new\/wp-content\/uploads\/2022\/05\/logo-imm-profilo-fb-01.png","contentUrl":"https:\/\/ilfoglio.info\/new\/wp-content\/uploads\/2022\/05\/logo-imm-profilo-fb-01.png","width":708,"height":708,"caption":"Istituto delle Suore Francescane Elisabettine"},"image":{"@id":"https:\/\/ilfoglio.info\/new\/#\/schema\/logo\/image\/"},"sameAs":["https:\/\/www.facebook.com\/Francescane-Elisabettine-Pastorale-Giovanile-Vocazionale-403083793120929","https:\/\/www.instagram.com\/evocate__\/?hl=it"]},{"@type":"Person","@id":"https:\/\/ilfoglio.info\/new\/#\/schema\/person\/cf0af2b9f7dde04a8daab4a480320180","name":"redazione","image":{"@type":"ImageObject","inLanguage":"it-IT","@id":"https:\/\/ilfoglio.info\/new\/#\/schema\/person\/image\/","url":"https:\/\/secure.gravatar.com\/avatar\/9cd86858744b0e9f361c4e121853b97f580a5df7e5778052669bbd5efe6ca49a?s=96&d=mm&r=g","contentUrl":"https:\/\/secure.gravatar.com\/avatar\/9cd86858744b0e9f361c4e121853b97f580a5df7e5778052669bbd5efe6ca49a?s=96&d=mm&r=g","caption":"redazione"},"url":"https:\/\/ilfoglio.info\/new\/author\/redazione\/"}]}},"_links":{"self":[{"href":"https:\/\/ilfoglio.info\/new\/wp-json\/wp\/v2\/posts\/2294","targetHints":{"allow":["GET"]}}],"collection":[{"href":"https:\/\/ilfoglio.info\/new\/wp-json\/wp\/v2\/posts"}],"about":[{"href":"https:\/\/ilfoglio.info\/new\/wp-json\/wp\/v2\/types\/post"}],"author":[{"embeddable":true,"href":"https:\/\/ilfoglio.info\/new\/wp-json\/wp\/v2\/users\/7"}],"replies":[{"embeddable":true,"href":"https:\/\/ilfoglio.info\/new\/wp-json\/wp\/v2\/comments?post=2294"}],"version-history":[{"count":2,"href":"https:\/\/ilfoglio.info\/new\/wp-json\/wp\/v2\/posts\/2294\/revisions"}],"predecessor-version":[{"id":2297,"href":"https:\/\/ilfoglio.info\/new\/wp-json\/wp\/v2\/posts\/2294\/revisions\/2297"}],"wp:featuredmedia":[{"embeddable":true,"href":"https:\/\/ilfoglio.info\/new\/wp-json\/wp\/v2\/media\/2296"}],"wp:attachment":[{"href":"https:\/\/ilfoglio.info\/new\/wp-json\/wp\/v2\/media?parent=2294"}],"wp:term":[{"taxonomy":"category","embeddable":true,"href":"https:\/\/ilfoglio.info\/new\/wp-json\/wp\/v2\/categories?post=2294"},{"taxonomy":"post_tag","embeddable":true,"href":"https:\/\/ilfoglio.info\/new\/wp-json\/wp\/v2\/tags?post=2294"}],"curies":[{"name":"wp","href":"https:\/\/api.w.org\/{rel}","templated":true}]}}