{"id":2640,"date":"2024-10-14T08:00:00","date_gmt":"2024-10-14T06:00:00","guid":{"rendered":"https:\/\/ilfoglio.info\/new\/?p=2640"},"modified":"2024-11-10T12:27:36","modified_gmt":"2024-11-10T11:27:36","slug":"a-scuola-non-si-puo-stare-male","status":"publish","type":"post","link":"https:\/\/ilfoglio.info\/new\/a-scuola-non-si-puo-stare-male\/","title":{"rendered":"A scuola non si pu\u00f2 stare male"},"content":{"rendered":"\n<p><strong>Registro di classe 2023-24 \/ 4\u00aa<\/strong> <strong>puntata<\/strong><\/p>\n\n\n\n<p><\/p>\n\n\n\n<p class=\"has-text-align-right\"><em>28 marzo<\/em><\/p>\n\n\n\n<p><strong>Un fallimento che va bene per tutti<\/strong>. Non ho ancora finito di fare l&#8217;appello, che in tre o quattro stanno gi\u00e0 giocando ai videogiochi con lo smartphone. Ieri, infatti, ultimo giorno di scuola prima delle vacanze pasquali, c&#8217;era autogestione (o giornata dello studente: chiamiamola come vogliamo). Tutti a zonzo per i corridoi o al bar o in auditorium a ballare. Con tutto quello che sta capitando nel mondo, ogni giorno. Un esorcismo collettivo, dunque. I giovani chiedono di discutere \u2212 leggo sui giornali. So di un gruppo che ha discusso di <em>ghosting<\/em>, di un altro che voleva discutere attorno a un articolo di PPP, ma \u00e8 abortito, di un gruppo che doveva parlare di fascismo (ma l&#8217;ha fatto? io non l\u2019ho visto), di uno che parlava di astrofisica. Ma girando per la scuola si vedeva piuttosto: ping pong in classe, forse scacchi, e poi ballo con centinaia di persone ammassate in luoghi non consoni (purtroppo la pioggia ha dato una mano&#8230;), un paio di film, sempre gli stessi&#8230; (e forse neanche visti fino alla fine per insopportabilit\u00e0 fisica e problemi tecnici).<\/p>\n\n\n\n<p>Mi chiedo chi ha &#8220;sbagliato&#8221;. Ci sar\u00e0 una responsabilit\u00e0 per questo fallimento. Dei rappresentanti di istituto, vien da dire in prima battuta. S\u00ec, probabilmente, ma non solo. Dei ragazzi (che ne hanno combinate parecchie su cui sorvolo)? S\u00ec, ma non solo. Della dirigenza? S\u00ec, certo, ma non solo. Certo, chi ha il coltello dalla parte del manico pu\u00f2 indirizzare da una parte o dall&#8217;altra. Pu\u00f2 spingere, non pu\u00f2 imporre, ovviamente, visto che l&#8217;iniziativa \u00e8 degli studenti. Ma credo occorra fare anche <em>mea culpa<\/em> per gli insegnanti. Non \u00e8 possibile che non ci siano responsabilit\u00e0 anche di questa componente della scuola. Siamo persone che \u2013 spesso\u2026 \u2212 stanno coi ragazzi pi\u00f9 di quanto ci stiano i loro genitori. Quale segno abbiamo lasciato in loro? Le sale insegnanti erano piene di insegnanti che correggevano&#8230; In fondo&#8230; E allargando il circolo, colpa anche ovviamente della societ\u00e0 che sta intorno alla scuola, a cui questo obnubilamento, questa afasia, questa anestetizzazione va bene. Anzi benone.<\/p>\n\n\n\n<p>Non una discussione sul tema mediorientale (lo avranno tutti affrontato in classe?), sull&#8217;Ucraina, sull&#8217;Europa (i quintini devono votare e se chiedi in una classe al massimo c&#8217;\u00e8 uno o due ragazzi che sanno cos\u2019\u00e8 il Pnnr: tireranno i dadi nel momento di votare?), sulla transizione ecologica ecc. Forse tutti questi argomenti sono stati ampiamente trattati in orario curricolare? Mi permetto di dubitarne.<\/p>\n\n\n\n<p>Il problema mi pare sia ampio e di difficile soluzione. Ma il sintomo \u00e8 evidente. Il mondo va in fiamme, e noi (studenti, presidi, insegnati, operatori culturali, intellettuali&#8230;) balliamo. Balliamo e balliamo e sballiamo. Mi ci metto anche io (anche se non so ballare\u2026). Sperando di non bruciare insieme al mondo. Magari ci va bene cos\u00ec?<\/p>\n\n\n\n<p>Raccolgo due commenti. Il primo, di un collega, tocca il livello politico: \u00abDa quando ministri, dirigenti e docenti (almeno 25 anni fa) hanno incominciato ad esser ossessionati dalla misurabilit\u00e0 statistica, dalla rendicontazione aziendale, dall&#8217;<em>employability<\/em> (mondo del lavoro e orientamento) e dalla digitalizzazione, gli studenti hanno perso una importante figura di riferimento: il &#8220;maestro&#8221;. Oggi i ragazzi hanno a che fare con facilitatori, orientatori, tutor, coach che semplicemente applicano protocolli stabiliti in altri luoghi e per ragioni che nulla hanno a che vedere con la trasmissione della conoscenza e la diffusione di modelli positivi per il bene dell\u2019individuo e della societ\u00e0. Forse sarebbe pi\u00f9 opportuno fare ciascuno un passo indietro, aprire le orecchie e ragionare sul senso della scuola oggi (posto che ve ne sia ancora uno), anzich\u00e9 accendere lanterne in pieno giorno per cercare i responsabili di una cos\u00ec pervicace deriva inter-generazionale&#8230;\u00bb.<\/p>\n\n\n\n<p>Una exallieva uscita da poco riflette lucidamente sulla sua esperienza: \u00abHo passato cinque anni in questa scuola, ho tanti bei ricordi dei tre che ho effettivamente passato sui banchi e lei e le sue lezioni sono tra questi. Con lei abbiamo parlato di politica, di medio oriente, di guerra e lo abbiamo spesso fatto usando come pretesto i programmi ministeriali. Purtroppo per\u00f2 non posso dire lo stesso di altri suoi colleghi per cui l\u2019argomento della lezione in s\u00e9 era pi\u00f9 importante di quello che gli studenti capivano o di come a loro veniva spiegato determinato argomento. Lei mi ha insegnato tante cose, ma la pi\u00f9 utile e vera \u00e8 l\u2019ideale dell\u2019ostrica. Sono profondamente convinta che tanti suoi colleghi siano profondamente ancorati a questo scoglio che \u00e8 il programma, sono convinti che parlare di cosa succeda oggi sia dannoso oltre che inutile. La maggior parte dei ragazzi che frequentano questa scuola non sono figli di manager, imprenditori, avvocati, medici, o \u201cbanalmente\u201d persone laureate, non sono figli di persone che la sera a casa parlano di letteratura, arte, storia, cinema o \u201cbanalmente\u201d guardano il tg. La maggior parte dei ragazzi che frequentano questa scuola ha come unico luogo di ritrovo la scuola stessa (e le panchine dei parchi in zona dove anche io come loro mi fumavo le canne). Se \u00e8 la scuola il loro luogo di ritrovo, \u00e8 compito di chi ci lavora garantirgli la realt\u00e0, l\u2019oggi e il domani. \u00c8 compito degli insegnanti delle scuole superiori parlare guerra e politica. Questo \u00e8 il paese con meno laureati d\u2019Europa perch\u00e9 nessuno ha fatto credere a questi ragazzi di essere in grado di andare all\u2019universit\u00e0. Il fallimento \u00e8 di chi dietro a una cattedra si rifiuta di parlare di attualit\u00e0 perch\u00e9 \u201cnon spetta a lui\u201d. Il fallimento \u00e8 di chi si aspetta una \u201crichiesta da parte degli studenti\u201d per parlare di attualit\u00e0. L\u2019autogestione (secondo me) dovrebbe essere una giornata di condivisione di idee, un momento in cui conoscere altri studenti e scoprire qualcosa di nuovo, ma affinch\u00e9 questo avvenga gli argomenti vanno affrontati e sviscerati durante le lezioni (altrimenti a cosa serve la scuola?). Gli studenti ballano perch\u00e9 evidentemente nessuno gli ha dato qualcosa di pi\u00f9 interessante da fare. Gli studenti ballano perch\u00e9 i professori correggono i compiti durante l\u2019autogestione. Perch\u00e9 vi aspettate che un ragazzino vi guardi negli occhi se voi guardate un foglio? Lavarsene le mani e dire \u201cio ho fatto io il mio\u201d \u00e8 di fatto la banalit\u00e0 del nulla. Mi chiedo e vi chiedo sinceramente perch\u00e9 a 19 anni avete scelto di fare i professori? Eravate studenti e siete diventati professori, perch\u00e9 nel mentre non avete continuato a essere dalla parte degli studenti?\u00bb.<\/p>\n\n\n\n<p><\/p>\n\n\n\n<p class=\"has-text-align-right\"><em>5 aprile<\/em><\/p>\n\n\n\n<p><strong>Cessi e turche<\/strong>. Mario, un collega, per la seconda volta di quest\u2019anno scolastico si \u00e8 sentito male a scuola. Ha scritto una mail a tutti i colleghi e alla dirigenza in cui si chiede per quale motivo abbia dovuto andare a destra e a manca a elemosinare la chiave di un bagno chiuso nel luogo in cui lavora e in cui, a volte, vive (viviamo) anche 12 ore al giorno se ci sono attivit\u00e0 o riunioni pomeridiane. Inoltre, nei bagni dei professori (il maschile \u00e8 d&#8217;obbligo) sono presenti solo ed esclusivamente le turche (e se devi vomitare, che fai?). Non \u00e8 previsto che un professore possa stare male a scuola: deve andare immediatamente a casa. Per questo Mario ha chiesto ufficialmente di ristrutturare i bagni del nostro Istituto, facendo collocare almeno una tazza nel bagno degli uomini.<\/p>\n\n\n\n<p>Siamo uomini, non caporali. Per quanto nessuno di noi docenti maschi abbia da temere alcunch\u00e9 dai suoi colleghi, confesso che l\u2019idea che mentre sono impegnato a svolgere le funzioni corporali un collega apra la porta non mi piace. Cosa che mi \u00e8 successa, ovviamente.<\/p>\n\n\n\n<p>A distanza di circa un mese la richiesta \u00e8 stata ottemperata sostituendo una delle due turche del bagno dei docenti con una tazza. Purtroppo\u2026 la chiave rimane latitante, e con la tazza la cosa diventa ancora pi\u00f9 \u201cpericolosa\u201d&#8230; Mi \u00e8 venuta una volta la tentazione di portare via l\u2019unica chiave esistente e andare in ferramenta a comprarla, data l\u2019estrema difficolt\u00e0 della scuola nel fare altrettanto. Un collega mi ha fermato in tempo, serio: \u00abPer carit\u00e0, non farlo! Ti denunciano! Noi non possiamo toccare nulla delle dotazioni della scuola, non possiamo aggiustare nulla! Una volta ho ricevuto una reprimenda perch\u00e9 ho provato ad aggiustare una tapparella! Ti prego: non farlo!\u00bb. Va bene, continueremo a correre il rischio, sperando che sia libero il cesso con la chiave.<\/p>\n\n\n\n<p><\/p>\n\n\n\n<p class=\"has-text-align-right\"><em>13 aprile<\/em><\/p>\n\n\n\n<p><strong>Aristotele e la cucina<\/strong>. Una allieva di quinta, dopo la verifica su alcuni racconti del Novecento italiano, in un cui avevo fatto una domanda sul rapporto tra letteratura e storia, mi chiede di approfondire un po\u2019 perch\u00e9 non ha ben capito cosa doveva rispondere. Dato che avevo due ore consecutive le rispondo molto volentieri: e mi arrampico su un discorso che mi ha sempre affascinato, su cui ho anche letto un po\u2019, su cui ho ragionato da tempo. Forse mi lascio prendere un po\u2019 la mano, cito Aristotele, mi allargo oltre alla storia al rapporto tra letteratura e filosofia. Divago, come faccio spesso: il filo dentro la mia testa c\u2019\u00e8, ma sapranno coglierlo quelli che ascoltano? Eppure non penso di dire cose incomprensibili, anche se so che non sono alla portata di tutti. Di Antonio, in prima fila, in particolare. Basta guardarlo per capire che non sta capendo niente. \u00c8 insofferente. Sa bene che quel che sto dicendo\u2026 non \u00e8 in programma e quindi non occorre stare particolarmente attenti. Uscendo lo avvicino e gli chiedo a bruciapelo: \u00abAntonio, hai capito qualcosa?\u00bb. Antonio, che \u00e8 un bravo ragazzo, risponde: \u00abNo, prof. Mi sono perso, non ho capito niente\u00bb. Lo immaginavo. Pochi giorni prima avevamo avuto il colloquio con la madre, preoccupata per l\u2019Esame prossimo venturo. Fino a poco fa, in quarta, le \u00e8 sempre stata molto dietro (una volta per scherzo, ma fino a un certo punto, gli ho detto per un tema fatto a casa: \u00abTua madre scrive molto bene!\u00bb). \u00c8 una signora in gamba e simpatica. Ci chiediamo insieme se Antonio abbia qualche interesse, una passione davvero sua. La madre racconta che da qualche tempo Antonio si \u201cdiverte\u201d in cucina a preparare le cose per loro, i genitori. Lo fa con gusto, non solo per dovere. L\u2019occasione \u00e8 ghiotta per scambiare qualche parola con Antonio, con cui \u00e8 difficile avere una vera e propria conversazione. In un certo senso sembra ancora \u201cinfantile\u201d, anche nell\u2019aspetto fisico, non fosse per un velo di barba. \u00abHo iniziato semplicemente cucinando quando tornavo a casa da scuola. Conosco gente che quando torna a casa dice: \u201cChe balle, devo cucinare\u201d, mentre io lo vedo come un passatempo\u00bb. \u00abBene, ho scoperto un aspetto del tuo modo di essere che non conoscevo!\u00bb. In casi come questo, ti chiedi se la richiesta forse troppo alta che viene dalla famiglia non abbia impedito al ragazzo di essere s\u00e9 stesso, di potersi sperimentare in qualcosa di pi\u00f9 consono alle sue attitudini. Ma quali? Forse sarebbe servito un riorientamento in prima (vietato dal covid\u2026)? Chi lo pu\u00f2 dire. Intanto la meta \u00e8 una sola: prendere il diploma, poi si (se la) vedr\u00e0.<\/p>\n","protected":false},"excerpt":{"rendered":"<p>Registro di classe 2023-24 \/ 4\u00aa puntata 28 marzo Un fallimento che va bene per tutti. Non ho ancora finito di fare l&#8217;appello, che in tre o quattro stanno gi\u00e0 giocando ai videogiochi con lo smartphone. Ieri, infatti, ultimo giorno di scuola prima delle vacanze pasquali, c&#8217;era autogestione (o giornata dello studente: chiamiamola come vogliamo). [&hellip;]<\/p>\n","protected":false},"author":31,"featured_media":2641,"comment_status":"open","ping_status":"open","sticky":false,"template":"","format":"standard","meta":{"_et_pb_use_builder":"off","_et_pb_old_content":"","_et_gb_content_width":"","footnotes":""},"categories":[1,228],"tags":[491,394,360],"class_list":["post-2640","post","type-post","status-publish","format-standard","has-post-thumbnail","hentry","category-news","category-zibaldone","tag-registro-di-scuola","tag-scuola","tag-simoncini"],"yoast_head":"<!-- This site is optimized with the Yoast SEO plugin v26.4 - https:\/\/yoast.com\/wordpress\/plugins\/seo\/ -->\n<title>A scuola non si pu\u00f2 stare male - Il Foglio<\/title>\n<meta name=\"robots\" content=\"index, follow, max-snippet:-1, max-image-preview:large, max-video-preview:-1\" \/>\n<link rel=\"canonical\" href=\"https:\/\/ilfoglio.info\/new\/a-scuola-non-si-puo-stare-male\/\" \/>\n<meta property=\"og:locale\" content=\"it_IT\" \/>\n<meta property=\"og:type\" content=\"article\" \/>\n<meta property=\"og:title\" content=\"A scuola non si pu\u00f2 stare male - Il Foglio\" \/>\n<meta property=\"og:description\" content=\"Registro di classe 2023-24 \/ 4\u00aa puntata 28 marzo Un fallimento che va bene per tutti. Non ho ancora finito di fare l&#8217;appello, che in tre o quattro stanno gi\u00e0 giocando ai videogiochi con lo smartphone. Ieri, infatti, ultimo giorno di scuola prima delle vacanze pasquali, c&#8217;era autogestione (o giornata dello studente: chiamiamola come vogliamo). [&hellip;]\" \/>\n<meta property=\"og:url\" content=\"https:\/\/ilfoglio.info\/new\/a-scuola-non-si-puo-stare-male\/\" \/>\n<meta property=\"og:site_name\" content=\"Il Foglio\" \/>\n<meta property=\"article:publisher\" content=\"https:\/\/www.facebook.com\/Francescane-Elisabettine-Pastorale-Giovanile-Vocazionale-403083793120929\" \/>\n<meta property=\"article:published_time\" content=\"2024-10-14T06:00:00+00:00\" \/>\n<meta property=\"article:modified_time\" content=\"2024-11-10T11:27:36+00:00\" \/>\n<meta property=\"og:image\" content=\"https:\/\/ilfoglio.info\/new\/wp-content\/uploads\/2024\/09\/1024px-French_Squatter_Toilet.jpg\" \/>\n\t<meta property=\"og:image:width\" content=\"1024\" \/>\n\t<meta property=\"og:image:height\" content=\"877\" \/>\n\t<meta property=\"og:image:type\" content=\"image\/jpeg\" \/>\n<meta name=\"author\" content=\"Savio Simoncini\" \/>\n<meta name=\"twitter:card\" content=\"summary_large_image\" \/>\n<meta name=\"twitter:label1\" content=\"Scritto da\" \/>\n\t<meta name=\"twitter:data1\" content=\"Savio Simoncini\" \/>\n\t<meta name=\"twitter:label2\" content=\"Tempo di lettura stimato\" \/>\n\t<meta name=\"twitter:data2\" content=\"10 minuti\" \/>\n<script type=\"application\/ld+json\" class=\"yoast-schema-graph\">{\"@context\":\"https:\/\/schema.org\",\"@graph\":[{\"@type\":\"Article\",\"@id\":\"https:\/\/ilfoglio.info\/new\/a-scuola-non-si-puo-stare-male\/#article\",\"isPartOf\":{\"@id\":\"https:\/\/ilfoglio.info\/new\/a-scuola-non-si-puo-stare-male\/\"},\"author\":{\"name\":\"Savio Simoncini\",\"@id\":\"https:\/\/ilfoglio.info\/new\/#\/schema\/person\/75c9ffb765b6f61bfb22c1558c3b3da5\"},\"headline\":\"A scuola non si pu\u00f2 stare male\",\"datePublished\":\"2024-10-14T06:00:00+00:00\",\"dateModified\":\"2024-11-10T11:27:36+00:00\",\"mainEntityOfPage\":{\"@id\":\"https:\/\/ilfoglio.info\/new\/a-scuola-non-si-puo-stare-male\/\"},\"wordCount\":1801,\"commentCount\":0,\"publisher\":{\"@id\":\"https:\/\/ilfoglio.info\/new\/#organization\"},\"image\":{\"@id\":\"https:\/\/ilfoglio.info\/new\/a-scuola-non-si-puo-stare-male\/#primaryimage\"},\"thumbnailUrl\":\"https:\/\/ilfoglio.info\/new\/wp-content\/uploads\/2024\/09\/1024px-French_Squatter_Toilet.jpg\",\"keywords\":[\"registro di classe\",\"scuola\",\"simoncini\"],\"articleSection\":[\"News\",\"Zibaldone\"],\"inLanguage\":\"it-IT\",\"potentialAction\":[{\"@type\":\"CommentAction\",\"name\":\"Comment\",\"target\":[\"https:\/\/ilfoglio.info\/new\/a-scuola-non-si-puo-stare-male\/#respond\"]}]},{\"@type\":\"WebPage\",\"@id\":\"https:\/\/ilfoglio.info\/new\/a-scuola-non-si-puo-stare-male\/\",\"url\":\"https:\/\/ilfoglio.info\/new\/a-scuola-non-si-puo-stare-male\/\",\"name\":\"A scuola non si pu\u00f2 stare male - Il Foglio\",\"isPartOf\":{\"@id\":\"https:\/\/ilfoglio.info\/new\/#website\"},\"primaryImageOfPage\":{\"@id\":\"https:\/\/ilfoglio.info\/new\/a-scuola-non-si-puo-stare-male\/#primaryimage\"},\"image\":{\"@id\":\"https:\/\/ilfoglio.info\/new\/a-scuola-non-si-puo-stare-male\/#primaryimage\"},\"thumbnailUrl\":\"https:\/\/ilfoglio.info\/new\/wp-content\/uploads\/2024\/09\/1024px-French_Squatter_Toilet.jpg\",\"datePublished\":\"2024-10-14T06:00:00+00:00\",\"dateModified\":\"2024-11-10T11:27:36+00:00\",\"breadcrumb\":{\"@id\":\"https:\/\/ilfoglio.info\/new\/a-scuola-non-si-puo-stare-male\/#breadcrumb\"},\"inLanguage\":\"it-IT\",\"potentialAction\":[{\"@type\":\"ReadAction\",\"target\":[\"https:\/\/ilfoglio.info\/new\/a-scuola-non-si-puo-stare-male\/\"]}]},{\"@type\":\"ImageObject\",\"inLanguage\":\"it-IT\",\"@id\":\"https:\/\/ilfoglio.info\/new\/a-scuola-non-si-puo-stare-male\/#primaryimage\",\"url\":\"https:\/\/ilfoglio.info\/new\/wp-content\/uploads\/2024\/09\/1024px-French_Squatter_Toilet.jpg\",\"contentUrl\":\"https:\/\/ilfoglio.info\/new\/wp-content\/uploads\/2024\/09\/1024px-French_Squatter_Toilet.jpg\",\"width\":1024,\"height\":877},{\"@type\":\"BreadcrumbList\",\"@id\":\"https:\/\/ilfoglio.info\/new\/a-scuola-non-si-puo-stare-male\/#breadcrumb\",\"itemListElement\":[{\"@type\":\"ListItem\",\"position\":1,\"name\":\"Home\",\"item\":\"https:\/\/ilfoglio.info\/new\/\"},{\"@type\":\"ListItem\",\"position\":2,\"name\":\"A scuola non si pu\u00f2 stare male\"}]},{\"@type\":\"WebSite\",\"@id\":\"https:\/\/ilfoglio.info\/new\/#website\",\"url\":\"https:\/\/ilfoglio.info\/new\/\",\"name\":\"Il Foglio\",\"description\":\"\",\"publisher\":{\"@id\":\"https:\/\/ilfoglio.info\/new\/#organization\"},\"potentialAction\":[{\"@type\":\"SearchAction\",\"target\":{\"@type\":\"EntryPoint\",\"urlTemplate\":\"https:\/\/ilfoglio.info\/new\/?s={search_term_string}\"},\"query-input\":{\"@type\":\"PropertyValueSpecification\",\"valueRequired\":true,\"valueName\":\"search_term_string\"}}],\"inLanguage\":\"it-IT\"},{\"@type\":\"Organization\",\"@id\":\"https:\/\/ilfoglio.info\/new\/#organization\",\"name\":\"Istituto delle Suore Francescane Elisabettine\",\"url\":\"https:\/\/ilfoglio.info\/new\/\",\"logo\":{\"@type\":\"ImageObject\",\"inLanguage\":\"it-IT\",\"@id\":\"https:\/\/ilfoglio.info\/new\/#\/schema\/logo\/image\/\",\"url\":\"https:\/\/ilfoglio.info\/new\/wp-content\/uploads\/2022\/05\/logo-imm-profilo-fb-01.png\",\"contentUrl\":\"https:\/\/ilfoglio.info\/new\/wp-content\/uploads\/2022\/05\/logo-imm-profilo-fb-01.png\",\"width\":708,\"height\":708,\"caption\":\"Istituto delle Suore Francescane Elisabettine\"},\"image\":{\"@id\":\"https:\/\/ilfoglio.info\/new\/#\/schema\/logo\/image\/\"},\"sameAs\":[\"https:\/\/www.facebook.com\/Francescane-Elisabettine-Pastorale-Giovanile-Vocazionale-403083793120929\",\"https:\/\/www.instagram.com\/evocate__\/?hl=it\"]},{\"@type\":\"Person\",\"@id\":\"https:\/\/ilfoglio.info\/new\/#\/schema\/person\/75c9ffb765b6f61bfb22c1558c3b3da5\",\"name\":\"Savio Simoncini\",\"image\":{\"@type\":\"ImageObject\",\"inLanguage\":\"it-IT\",\"@id\":\"https:\/\/ilfoglio.info\/new\/#\/schema\/person\/image\/\",\"url\":\"https:\/\/secure.gravatar.com\/avatar\/19554233aea4ad8ea84fcb532b333306127e8b267c972e4d8de7a47e5d73ce37?s=96&d=mm&r=g\",\"contentUrl\":\"https:\/\/secure.gravatar.com\/avatar\/19554233aea4ad8ea84fcb532b333306127e8b267c972e4d8de7a47e5d73ce37?s=96&d=mm&r=g\",\"caption\":\"Savio Simoncini\"},\"url\":\"https:\/\/ilfoglio.info\/new\/author\/savio-simoncini\/\"}]}<\/script>\n<!-- \/ Yoast SEO plugin. -->","yoast_head_json":{"title":"A scuola non si pu\u00f2 stare male - Il Foglio","robots":{"index":"index","follow":"follow","max-snippet":"max-snippet:-1","max-image-preview":"max-image-preview:large","max-video-preview":"max-video-preview:-1"},"canonical":"https:\/\/ilfoglio.info\/new\/a-scuola-non-si-puo-stare-male\/","og_locale":"it_IT","og_type":"article","og_title":"A scuola non si pu\u00f2 stare male - Il Foglio","og_description":"Registro di classe 2023-24 \/ 4\u00aa puntata 28 marzo Un fallimento che va bene per tutti. Non ho ancora finito di fare l&#8217;appello, che in tre o quattro stanno gi\u00e0 giocando ai videogiochi con lo smartphone. Ieri, infatti, ultimo giorno di scuola prima delle vacanze pasquali, c&#8217;era autogestione (o giornata dello studente: chiamiamola come vogliamo). [&hellip;]","og_url":"https:\/\/ilfoglio.info\/new\/a-scuola-non-si-puo-stare-male\/","og_site_name":"Il Foglio","article_publisher":"https:\/\/www.facebook.com\/Francescane-Elisabettine-Pastorale-Giovanile-Vocazionale-403083793120929","article_published_time":"2024-10-14T06:00:00+00:00","article_modified_time":"2024-11-10T11:27:36+00:00","og_image":[{"width":1024,"height":877,"url":"https:\/\/ilfoglio.info\/new\/wp-content\/uploads\/2024\/09\/1024px-French_Squatter_Toilet.jpg","type":"image\/jpeg"}],"author":"Savio Simoncini","twitter_card":"summary_large_image","twitter_misc":{"Scritto da":"Savio Simoncini","Tempo di lettura stimato":"10 minuti"},"schema":{"@context":"https:\/\/schema.org","@graph":[{"@type":"Article","@id":"https:\/\/ilfoglio.info\/new\/a-scuola-non-si-puo-stare-male\/#article","isPartOf":{"@id":"https:\/\/ilfoglio.info\/new\/a-scuola-non-si-puo-stare-male\/"},"author":{"name":"Savio Simoncini","@id":"https:\/\/ilfoglio.info\/new\/#\/schema\/person\/75c9ffb765b6f61bfb22c1558c3b3da5"},"headline":"A scuola non si pu\u00f2 stare male","datePublished":"2024-10-14T06:00:00+00:00","dateModified":"2024-11-10T11:27:36+00:00","mainEntityOfPage":{"@id":"https:\/\/ilfoglio.info\/new\/a-scuola-non-si-puo-stare-male\/"},"wordCount":1801,"commentCount":0,"publisher":{"@id":"https:\/\/ilfoglio.info\/new\/#organization"},"image":{"@id":"https:\/\/ilfoglio.info\/new\/a-scuola-non-si-puo-stare-male\/#primaryimage"},"thumbnailUrl":"https:\/\/ilfoglio.info\/new\/wp-content\/uploads\/2024\/09\/1024px-French_Squatter_Toilet.jpg","keywords":["registro di classe","scuola","simoncini"],"articleSection":["News","Zibaldone"],"inLanguage":"it-IT","potentialAction":[{"@type":"CommentAction","name":"Comment","target":["https:\/\/ilfoglio.info\/new\/a-scuola-non-si-puo-stare-male\/#respond"]}]},{"@type":"WebPage","@id":"https:\/\/ilfoglio.info\/new\/a-scuola-non-si-puo-stare-male\/","url":"https:\/\/ilfoglio.info\/new\/a-scuola-non-si-puo-stare-male\/","name":"A scuola non si pu\u00f2 stare male - Il Foglio","isPartOf":{"@id":"https:\/\/ilfoglio.info\/new\/#website"},"primaryImageOfPage":{"@id":"https:\/\/ilfoglio.info\/new\/a-scuola-non-si-puo-stare-male\/#primaryimage"},"image":{"@id":"https:\/\/ilfoglio.info\/new\/a-scuola-non-si-puo-stare-male\/#primaryimage"},"thumbnailUrl":"https:\/\/ilfoglio.info\/new\/wp-content\/uploads\/2024\/09\/1024px-French_Squatter_Toilet.jpg","datePublished":"2024-10-14T06:00:00+00:00","dateModified":"2024-11-10T11:27:36+00:00","breadcrumb":{"@id":"https:\/\/ilfoglio.info\/new\/a-scuola-non-si-puo-stare-male\/#breadcrumb"},"inLanguage":"it-IT","potentialAction":[{"@type":"ReadAction","target":["https:\/\/ilfoglio.info\/new\/a-scuola-non-si-puo-stare-male\/"]}]},{"@type":"ImageObject","inLanguage":"it-IT","@id":"https:\/\/ilfoglio.info\/new\/a-scuola-non-si-puo-stare-male\/#primaryimage","url":"https:\/\/ilfoglio.info\/new\/wp-content\/uploads\/2024\/09\/1024px-French_Squatter_Toilet.jpg","contentUrl":"https:\/\/ilfoglio.info\/new\/wp-content\/uploads\/2024\/09\/1024px-French_Squatter_Toilet.jpg","width":1024,"height":877},{"@type":"BreadcrumbList","@id":"https:\/\/ilfoglio.info\/new\/a-scuola-non-si-puo-stare-male\/#breadcrumb","itemListElement":[{"@type":"ListItem","position":1,"name":"Home","item":"https:\/\/ilfoglio.info\/new\/"},{"@type":"ListItem","position":2,"name":"A scuola non si pu\u00f2 stare male"}]},{"@type":"WebSite","@id":"https:\/\/ilfoglio.info\/new\/#website","url":"https:\/\/ilfoglio.info\/new\/","name":"Il Foglio","description":"","publisher":{"@id":"https:\/\/ilfoglio.info\/new\/#organization"},"potentialAction":[{"@type":"SearchAction","target":{"@type":"EntryPoint","urlTemplate":"https:\/\/ilfoglio.info\/new\/?s={search_term_string}"},"query-input":{"@type":"PropertyValueSpecification","valueRequired":true,"valueName":"search_term_string"}}],"inLanguage":"it-IT"},{"@type":"Organization","@id":"https:\/\/ilfoglio.info\/new\/#organization","name":"Istituto delle Suore Francescane Elisabettine","url":"https:\/\/ilfoglio.info\/new\/","logo":{"@type":"ImageObject","inLanguage":"it-IT","@id":"https:\/\/ilfoglio.info\/new\/#\/schema\/logo\/image\/","url":"https:\/\/ilfoglio.info\/new\/wp-content\/uploads\/2022\/05\/logo-imm-profilo-fb-01.png","contentUrl":"https:\/\/ilfoglio.info\/new\/wp-content\/uploads\/2022\/05\/logo-imm-profilo-fb-01.png","width":708,"height":708,"caption":"Istituto delle Suore Francescane Elisabettine"},"image":{"@id":"https:\/\/ilfoglio.info\/new\/#\/schema\/logo\/image\/"},"sameAs":["https:\/\/www.facebook.com\/Francescane-Elisabettine-Pastorale-Giovanile-Vocazionale-403083793120929","https:\/\/www.instagram.com\/evocate__\/?hl=it"]},{"@type":"Person","@id":"https:\/\/ilfoglio.info\/new\/#\/schema\/person\/75c9ffb765b6f61bfb22c1558c3b3da5","name":"Savio Simoncini","image":{"@type":"ImageObject","inLanguage":"it-IT","@id":"https:\/\/ilfoglio.info\/new\/#\/schema\/person\/image\/","url":"https:\/\/secure.gravatar.com\/avatar\/19554233aea4ad8ea84fcb532b333306127e8b267c972e4d8de7a47e5d73ce37?s=96&d=mm&r=g","contentUrl":"https:\/\/secure.gravatar.com\/avatar\/19554233aea4ad8ea84fcb532b333306127e8b267c972e4d8de7a47e5d73ce37?s=96&d=mm&r=g","caption":"Savio Simoncini"},"url":"https:\/\/ilfoglio.info\/new\/author\/savio-simoncini\/"}]}},"_links":{"self":[{"href":"https:\/\/ilfoglio.info\/new\/wp-json\/wp\/v2\/posts\/2640","targetHints":{"allow":["GET"]}}],"collection":[{"href":"https:\/\/ilfoglio.info\/new\/wp-json\/wp\/v2\/posts"}],"about":[{"href":"https:\/\/ilfoglio.info\/new\/wp-json\/wp\/v2\/types\/post"}],"author":[{"embeddable":true,"href":"https:\/\/ilfoglio.info\/new\/wp-json\/wp\/v2\/users\/31"}],"replies":[{"embeddable":true,"href":"https:\/\/ilfoglio.info\/new\/wp-json\/wp\/v2\/comments?post=2640"}],"version-history":[{"count":3,"href":"https:\/\/ilfoglio.info\/new\/wp-json\/wp\/v2\/posts\/2640\/revisions"}],"predecessor-version":[{"id":2706,"href":"https:\/\/ilfoglio.info\/new\/wp-json\/wp\/v2\/posts\/2640\/revisions\/2706"}],"wp:featuredmedia":[{"embeddable":true,"href":"https:\/\/ilfoglio.info\/new\/wp-json\/wp\/v2\/media\/2641"}],"wp:attachment":[{"href":"https:\/\/ilfoglio.info\/new\/wp-json\/wp\/v2\/media?parent=2640"}],"wp:term":[{"taxonomy":"category","embeddable":true,"href":"https:\/\/ilfoglio.info\/new\/wp-json\/wp\/v2\/categories?post=2640"},{"taxonomy":"post_tag","embeddable":true,"href":"https:\/\/ilfoglio.info\/new\/wp-json\/wp\/v2\/tags?post=2640"}],"curies":[{"name":"wp","href":"https:\/\/api.w.org\/{rel}","templated":true}]}}