{"id":2835,"date":"2024-12-09T08:00:00","date_gmt":"2024-12-09T07:00:00","guid":{"rendered":"https:\/\/ilfoglio.info\/new\/?p=2835"},"modified":"2024-12-16T15:30:58","modified_gmt":"2024-12-16T14:30:58","slug":"quanti-pezzi-fai-tu","status":"publish","type":"post","link":"https:\/\/ilfoglio.info\/new\/quanti-pezzi-fai-tu\/","title":{"rendered":"Quanti pezzi fai, tu?"},"content":{"rendered":"\n<p><em>Registro di classe 23-24 \/ 6<\/em><\/p>\n\n\n\n<p class=\"has-text-align-right\"><em>10 marzo<\/em><\/p>\n\n\n\n<p><strong>Due classi<\/strong>. Siamo tornati dalla gita da una settimana e mai come ora mi \u00e8 chiaro che ho sempre insegnato non a una, ma a due classi! In gita, infatti, quando gli allievi hanno avuto tempo libero e potevano scegliere, ma anche quando si trattava di disporsi a un tavolo la divisione in due era netta, prevedibile, sistematica. E quando si trattava di scegliere che fare dopo cena, se un gruppo decideva di andare in un locale, l\u2019altro sceglieva di stare in albergo (e viceversa?). Forse non c\u2019\u00e8 nulla di male in tutto ci\u00f2: la classe non \u00e8 un gruppo elettivo, se mai \u00e8 un gruppo dove tutti dovrebbero imparare a lavorare insieme in modo accettabile. Anche per questo cerco di assortire spesso i banchi perfino nelle classi finali, quando posso, e comunque nei lavori di gruppo, se li faccio. Se non lo fai, anche la disposizione nei banchi parla chiaro. Ma \u00e8 una battaglia persa quella di creare un\u2019unit\u00e0 che abbracci tutti. Talvolta, anzi, tra i gruppi si scatena una antipatia pregiudiziale, che si incancrenisce anche per motivi futili. Alcuni allievi poi fanno gruppo anche fuori scuola, altri no. A occhio, sono la minoranza quelli che sono amici anche fuori \u2013 come \u00e8 normale. Ma i &#8220;gruppetti&#8221; sono pi\u00f9 di due, e subiscono una certa variabilit\u00e0 nel tempo; inoltre alcuni allievi passano da un gruppo all\u2019altro, oppure sono &#8220;fuori dai giochi&#8221;. Mi chiedo se potevo fare di pi\u00f9 per evitare una spaccatura cos\u00ec palese, anche all\u2019esterno: questa s\u00ec non \u00e8 cos\u00ec frequente, anche nelle classi che ho avuto. Di solito si salvano almeno le apparenze.<\/p>\n\n\n\n<p>Indubbiamente le conseguenze della divisione in due sono apparse negative specie in questo ultimo anno, e a volte anche dolorose. Per es. un collega un giorno \u00e8 venuto a chiamarmi nella classe dove facevo scuola perch\u00e9 non sapeva che pesci prendere. E in due\u2026 non sapevamo che fare. Volavano insulti, brutte parole, insulti. Mancava poco che arrivassero alle mani. I motivi all\u2019inizio erano futili (qualcuno della classe vicina ha accusato qualche mio allievo di aver preso le luci di Natale), ma poi la cosa si \u00e8 trasformata in altro, con l\u2019accusa tra un gruppo e l\u2019altro (per semplificare) di essere stato qualcuno del gruppo avverso il colpevole ma poi \u2013 senza che io abbia capito bene come \u2013 accusando un gruppo l\u2019altro gruppo niente meno che di razzismo! Questo perch\u00e9 all\u2019interno di uno dei gruppi una ragazza \u00e8 di colore. Abbiamo dovuto dedicare alcune ore a dipanare la questione, senza di fatto venirne a capo. Ogni tentativo di fare la pace \u00e8 fallito, nella sostanza. Ma mancano pochi pesi e molto pragmaticamente ora quello che conta \u00e8 arrivare alla fine senza farsi altro male. Certo per me, e per il collega, questa situazione rimane un fallimento. Noi non abbiamo saputo trasformare questa situazione; difficile dire se qualcun altro ci sarebbe riuscito.<\/p>\n\n\n\n<p class=\"has-text-align-right\"><em>15 giugno<\/em><\/p>\n\n\n\n<p><strong>Docenti che si vantano<\/strong>. Uno degli ultimi giorni di scuola entra una allieva di un\u2019altra classe che non andava in gita e si sistema in prima fila in un banco vuoto. Siamo in due insegnanti nell\u2019aula, in quel momento, e il collega molto spiritoso la avverte che deve spiegare <em>I promessi sposi<\/em>, credo il capitolo X, ma che non c\u2019era nessun problema perch\u00e9 di sicuro\u2026 loro erano pi\u00f9 avanti. Poi, facendo finta di niente, le chiede a che punto siano: \u00abLi abbiamo finiti da un po\u2019!\u00bb (ma questo gi\u00e0 lo sospettava\u2026) e quindi si informa su <em>come<\/em> li fanno, e lei risponde giudiziosa. Il collega per burla lascia traccia di questo scambio nella Relazione che ognuno di noi deve compilare a fine anno \u2012 tanto nessuno la legge: \u00abPer esigenze di tempo e per le difficolt\u00e0 presentate dal testo medesimo, non \u00e8 stato possibile trattare i capitoli de <em>I promessi sposi<\/em> successivi al X cap. Ormai gli studenti non sono in grado di approcciarsi a un testo cos\u00ec complesso sul piano formale e contenutistico senza la mediazione di un docente. I docenti che si vantano di leggere integralmente il romanzo in realt\u00e0 risolvono il problema cos\u00ec: lungo l&#8217;anno scolastico, dopo aver vagamente presentato personaggi, episodi o parti della trama, assegnano la lettura autonoma dei capitoli del romanzo, senza rendersi conto o facendo finta di non rendersi conto del fatto che gli studenti non rispondono alla sollecitazione. Giustamente: lo avrei fatto anche io alla loro et\u00e0. A me, quando capita una seconda, succede la stessa cosa. Assegnare non stanca\u00bb.<\/p>\n\n\n\n<p class=\"has-text-align-right\"><em>18 giugno<\/em><\/p>\n\n\n\n<p><strong>Pezzenti<\/strong>. Come referente della Commissione elettorale sono obbligato a relazionare con un timesheet (non si pu\u00f2 dire in italiano? certo che no, a scuola o sigle o inglese, non si scappa! mica \u00e8 una scuola italiana, la nostra). L&#8217;anno scorso ce lo hanno detto alla fine, cos\u00ec ho dovuto sudare per trovare le date e le ore: insomma, \u00e8 stata una libera seppur verosimile ricostruzione. Quest&#8217;anno, sapendo, sono stato zelante: di volta in volta ho riempito la mia bella tabella. Poi qualcosa scappa sempre, ma di solito per difetto!<\/p>\n\n\n\n<p>Uno potrebbe, erroneamente, pensare che fanno compilare il timesheet per dare un pagamento proporzionale, ma questo ovviamente non \u00e8 vero. Infatti il pagamento \u00e8 forfettario. Io in questo caso mi occupo con altri due colleghi di fare le elezioni: Consigli di classe, Consiglio d&#8217;istituto ecc. Considerato che gli allievi sono oltre 1600, e i relativi genitori (in teoria!) oltre 3200, chiaramente ne votano una infima quantit\u00e0, ma il materiale in potenza deve prevedere quanti voteranno e alla bisogna (se la stima \u00e8 errata) deve poter essere velocemente provvisto. Accordo sindacale interno: questo lavoro viene pagato 90 euro lordi per ogni componente della Commissione. Computo delle ore svolte: 22.<\/p>\n\n\n\n<p>Insomma: 90 euro diviso 22 ore, basta una macchinetta&#8230;: 4,09 euro all&#8217;ora, per essere precisi. <em>lordi<\/em>, ovviamente. Una parola sorge spontanea: ma non la scrivo. E dire che senza le elezioni, la scuola dovrebbe essere commissariata in quanto il massimo organo deliberativo della scuola, specie per quanto riguarda la parte finanziaria, \u00e8 il Consiglio di istituto che per essere valido deve avere gli eletti della componente studenti (annualmente rinnovata, non cos\u00ec per i genitori e le altre componenti).<\/p>\n\n\n\n<p>In effetti molti colleghi praticano questa politica: io a scuola faccio scuola (possibilmente bene, non tutti&#8230; a dire il vero), e basta. Secondo me sono gli unici che hanno capito tutto. Solo i pezzenti come me accettano incarichi che non credo si possano dire sottopagati (da tempo si parla di salario minimo di 10 euro lordi l&#8217;ora&#8230;).<\/p>\n\n\n\n<p class=\"has-text-align-right\"><em>19 giugno<\/em><\/p>\n\n\n\n<p><strong>L\u2019ex-allievo del mio ex-allievo<\/strong>. Franco mi scrive: \u00abNon ci crederai mai, ma mi ha scritto la mamma del mio ex allievo (Asperger) della scuola di *** per dirmi che luned\u00ec il ragazzo far\u00e0 l&#8217;orale dell&#8217;esame di terza media e che ha chiesto che io sia presente. Luned\u00ec prender\u00f2 mezza giornata di ferie da lavoro e pomeriggio andr\u00f2 a *** a scuola. Lo considero tanto un onore quanto un onere. Volevo condividere la notizia con te\u00bb E dopo l\u2019esame mi racconta: \u00abLuned\u00ec quando ho fatto da testimone al mio ex allievo (che ha chiesto espressamente che ci fossi io come testimone al suo esame) mi sei venuto in mente tu. Mi \u00e8 venuto in mente il lungo corso di tempo da cui ci conosciamo, la tua presenza nei miei anni di formazione (in particolare universit\u00e0 e servizio civile), che mi hanno portato a diventare educatore e insegnante fino alla mia laurea, quando anch&#8217;io ti invitai a partecipare\u00bb. Quando l\u2019ho conosciuto Franco faceva seconda, era in un periodo difficile. L\u2019ho ascoltato, credo. Lui si \u00e8 affezionato. Ci siamo persi per anni. Ci siamo ritrovati dopo il diploma grazie ai social. L\u2019amicizia non si \u00e8 pi\u00f9 interrotta. Ora Franco ha fatto un concorso, non fa pi\u00f9 l\u2019educatore di sostegno, ma l\u2019impiegato in comune, perch\u00e9 la vita da precario non dava sicurezze. \u00c8 andato a convivere. Peccato, era un bravo educatore. Ma ha fatto bene.<\/p>\n\n\n\n<p class=\"has-text-align-right\"><em>2 luglio<\/em><\/p>\n\n\n\n<p><strong>Voglio fare il pompiere<\/strong>. Foto di un tavolo con libri e post-it di appunti accompagnato dal messaggio: \u00abSto preparando l\u2019orale per domani, sono il primo della scuola a passare della mia commissione\u00bb. Chi mi scrive non \u00e8 pi\u00f9 un ragazzo: \u00e8 ormai uomo fatto, oltre i 30, che vive con una compagna e il figlio di lei. L\u2019ho avuto allievo parecchi anni fa. Non era andata bene: lo avevamo bocciato. Non un cattivo ragazzo, uno&#8230; che non aveva voglia. Un ragazzone belloccio, di quelli che quando girano per i corridoi della scuola (e poi immagino anche fuori) non lasciano indifferenti. Questo, allora, (forse) gli bastava. Ma poi&#8230; il suo sogno \u00e8 di fare il pompiere. Ma per farlo occorre il diploma. E \u201cgiustamente\u201d lui aveva smesso di studiare dopo la bocciatura. Quando, passati diversi anni, ha pensato di iscriversi a un serale mi ha cercato per dirmelo davanti a un caff\u00e8. Ma poi a causa degli strascichi del covid (lezioni in dad) l&#8217;hanno di nuovo dissuaso. Finalmente si \u00e8 riscritto, ed \u00e8 arrivato al capolinea. \u00ab\u00c8 andata, con mille complimenti da parte della commissione: 83!\u00bb. Diciamo che mi sento \u201ccolpevole\u201d un po&#8217; anch\u2019io del fatto che lui \u00e8 contento. Gli avevo suggerito una cosa, e sia pur a distanza di anni&#8230; l&#8217;ha fatta. Senza fretta. Ora potr\u00e0 finalmente fare il lavoro che desidera: il pompiere.<\/p>\n\n\n\n<p class=\"has-text-align-right\"><em>4 luglio<\/em><\/p>\n\n\n\n<p><strong>AVSP<\/strong>. Avevo avuto sentore che facevo pena: una presidente che conosco, della Commissione in cui passava la mia seconda quinta, al bar mi aveva preso da parte e mi aveva chiesto al brucio: \u00abLe voci dicono che avete fatto pochino di italiano\u2026 Dimmi la verit\u00e0: avete fatto qualcosa?\u00bb. Per farmi del male, ora che sono tranquillo, finiti gli orali dell\u2019altra quinta, sono andato a vedere i programmi svolti di italiano dai colleghi nei documenti del 15 maggio. E ho scoperto la Verit\u00e0. Ci credo che dicono che ho fatto pochino. C&#8217;\u00e8 da vergognarsi. Non dico il doppio, no, ma almeno una volta e mezza il mio programma. Sconsolato, penso alle varie forme che esistono per togliersi di mezzo dalla societ\u00e0, per evitare il confronto con gli altri\u2026 Ma prima di cedere allo sconforto totale, mi confido con il collega con cui abbiamo condiviso tutto l\u2019anno una delle due quinte e realizzato molte iniziative: \u00abCome si spiega?\u00bb, gli chiedo, perch\u00e9 non riesco a fare in programma decente? Mi vuole consolare a tutti i costi: \u00abPerch\u00e9 hanno eliminato ogni possibile coinvolgimento emotivo. Sono un Algoritmo Vivente per lo Svolgimento del Programma\u00bb. Facile ricevere questo tipo di consolazioni dagli amici: il loro parere pu\u00f2 forse salvarci? La spiegazione \u00e8 troppo debole, perch\u00e9 gli racconto di come un nostro comune allievo davanti all\u2019<em>Assiuolo<\/em> di Pascoli non sia in grado di fare un discorsetto minimamente articolato, di come un\u2019altra, peggio ancora, con un voto oltretutto discreto di italiano, di fronte a inizio e fine dei <em>Promessi sposi<\/em> non sappia dire nulla di sensato che non sia la trama che si sa in prima media, e un altro ancora che di fronte al <em>Dialogo della Natura e di un islandese<\/em> leopardiano non sappia impostare un discorso organico sul pensiero del poeta. E al culmine, una ragazza, sia pure coi problemi, di fronte a una novella famosa di Pirandello cominci a parlare di Verga. E chi \u00e8 il loro insegnante? Il problema non sta solo nella pochezza del programma svolto, ma nel come lo si \u00e8 svolto. Sono mortificato. \u00c8 inutile negarlo: non sono un bravo insegnante. Non come i miei colleghi Algoritmi Viventi per lo Svolgimento del Programma. D\u2019altra parte, quando durante il Dipartimento di lettere ho proposto di cambiare non il testo di letteratura adottato, ma di prenderne la versione in un numero minore di volumi (non 7 ma 4, o 3), mi si \u00e8 levata contro una protesta generale da parte delle colleghe (maschi siamo davvero pochi), al termine della quale una collega con tono severo di fronte alla mia constatazione che di 7 volumi ne usiamo una parte infima, mi ha chiesto: \u00abMa tu quanti pezzi fai?\u00bb. Io non ho risposto, per fortuna. Perch\u00e9 faccio pochi pezzi. Troppo pochi.<\/p>\n","protected":false},"excerpt":{"rendered":"<p>Registro di classe 23-24 \/ 6 10 marzo Due classi. Siamo tornati dalla gita da una settimana e mai come ora mi \u00e8 chiaro che ho sempre insegnato non a una, ma a due classi! In gita, infatti, quando gli allievi hanno avuto tempo libero e potevano scegliere, ma anche quando si trattava di disporsi [&hellip;]<\/p>\n","protected":false},"author":31,"featured_media":2836,"comment_status":"open","ping_status":"open","sticky":false,"template":"","format":"standard","meta":{"_et_pb_use_builder":"off","_et_pb_old_content":"","_et_gb_content_width":"","footnotes":""},"categories":[1,228],"tags":[537,538,536,540,539,394,360],"class_list":["post-2835","post","type-post","status-publish","format-standard","has-post-thumbnail","hentry","category-news","category-zibaldone","tag-asperger","tag-commissioni","tag-exallievi","tag-gita","tag-promessi-sposi","tag-scuola","tag-simoncini"],"yoast_head":"<!-- This site is optimized with the Yoast SEO plugin v26.4 - https:\/\/yoast.com\/wordpress\/plugins\/seo\/ -->\n<title>Quanti pezzi fai, tu? - Il Foglio<\/title>\n<meta name=\"robots\" content=\"index, follow, max-snippet:-1, max-image-preview:large, max-video-preview:-1\" \/>\n<link rel=\"canonical\" href=\"https:\/\/ilfoglio.info\/new\/quanti-pezzi-fai-tu\/\" \/>\n<meta property=\"og:locale\" content=\"it_IT\" \/>\n<meta property=\"og:type\" content=\"article\" \/>\n<meta property=\"og:title\" content=\"Quanti pezzi fai, tu? - Il Foglio\" \/>\n<meta property=\"og:description\" content=\"Registro di classe 23-24 \/ 6 10 marzo Due classi. Siamo tornati dalla gita da una settimana e mai come ora mi \u00e8 chiaro che ho sempre insegnato non a una, ma a due classi! In gita, infatti, quando gli allievi hanno avuto tempo libero e potevano scegliere, ma anche quando si trattava di disporsi [&hellip;]\" \/>\n<meta property=\"og:url\" content=\"https:\/\/ilfoglio.info\/new\/quanti-pezzi-fai-tu\/\" \/>\n<meta property=\"og:site_name\" content=\"Il Foglio\" \/>\n<meta property=\"article:publisher\" content=\"https:\/\/www.facebook.com\/Francescane-Elisabettine-Pastorale-Giovanile-Vocazionale-403083793120929\" \/>\n<meta property=\"article:published_time\" content=\"2024-12-09T07:00:00+00:00\" \/>\n<meta property=\"article:modified_time\" content=\"2024-12-16T14:30:58+00:00\" \/>\n<meta property=\"og:image\" content=\"https:\/\/ilfoglio.info\/new\/wp-content\/uploads\/2024\/12\/pompiere.jpeg\" \/>\n\t<meta property=\"og:image:width\" content=\"274\" \/>\n\t<meta property=\"og:image:height\" content=\"184\" \/>\n\t<meta property=\"og:image:type\" content=\"image\/jpeg\" \/>\n<meta name=\"author\" content=\"Savio Simoncini\" \/>\n<meta name=\"twitter:card\" content=\"summary_large_image\" \/>\n<meta name=\"twitter:label1\" content=\"Scritto da\" \/>\n\t<meta name=\"twitter:data1\" content=\"Savio Simoncini\" \/>\n\t<meta name=\"twitter:label2\" content=\"Tempo di lettura stimato\" \/>\n\t<meta name=\"twitter:data2\" content=\"12 minuti\" \/>\n<script type=\"application\/ld+json\" class=\"yoast-schema-graph\">{\"@context\":\"https:\/\/schema.org\",\"@graph\":[{\"@type\":\"Article\",\"@id\":\"https:\/\/ilfoglio.info\/new\/quanti-pezzi-fai-tu\/#article\",\"isPartOf\":{\"@id\":\"https:\/\/ilfoglio.info\/new\/quanti-pezzi-fai-tu\/\"},\"author\":{\"name\":\"Savio Simoncini\",\"@id\":\"https:\/\/ilfoglio.info\/new\/#\/schema\/person\/75c9ffb765b6f61bfb22c1558c3b3da5\"},\"headline\":\"Quanti pezzi fai, tu?\",\"datePublished\":\"2024-12-09T07:00:00+00:00\",\"dateModified\":\"2024-12-16T14:30:58+00:00\",\"mainEntityOfPage\":{\"@id\":\"https:\/\/ilfoglio.info\/new\/quanti-pezzi-fai-tu\/\"},\"wordCount\":1976,\"commentCount\":0,\"publisher\":{\"@id\":\"https:\/\/ilfoglio.info\/new\/#organization\"},\"image\":{\"@id\":\"https:\/\/ilfoglio.info\/new\/quanti-pezzi-fai-tu\/#primaryimage\"},\"thumbnailUrl\":\"https:\/\/ilfoglio.info\/new\/wp-content\/uploads\/2024\/12\/pompiere.jpeg\",\"keywords\":[\"asperger\",\"commissioni\",\"exallievi\",\"gita\",\"promessi sposi\",\"scuola\",\"simoncini\"],\"articleSection\":[\"News\",\"Zibaldone\"],\"inLanguage\":\"it-IT\",\"potentialAction\":[{\"@type\":\"CommentAction\",\"name\":\"Comment\",\"target\":[\"https:\/\/ilfoglio.info\/new\/quanti-pezzi-fai-tu\/#respond\"]}]},{\"@type\":\"WebPage\",\"@id\":\"https:\/\/ilfoglio.info\/new\/quanti-pezzi-fai-tu\/\",\"url\":\"https:\/\/ilfoglio.info\/new\/quanti-pezzi-fai-tu\/\",\"name\":\"Quanti pezzi fai, tu? - Il Foglio\",\"isPartOf\":{\"@id\":\"https:\/\/ilfoglio.info\/new\/#website\"},\"primaryImageOfPage\":{\"@id\":\"https:\/\/ilfoglio.info\/new\/quanti-pezzi-fai-tu\/#primaryimage\"},\"image\":{\"@id\":\"https:\/\/ilfoglio.info\/new\/quanti-pezzi-fai-tu\/#primaryimage\"},\"thumbnailUrl\":\"https:\/\/ilfoglio.info\/new\/wp-content\/uploads\/2024\/12\/pompiere.jpeg\",\"datePublished\":\"2024-12-09T07:00:00+00:00\",\"dateModified\":\"2024-12-16T14:30:58+00:00\",\"breadcrumb\":{\"@id\":\"https:\/\/ilfoglio.info\/new\/quanti-pezzi-fai-tu\/#breadcrumb\"},\"inLanguage\":\"it-IT\",\"potentialAction\":[{\"@type\":\"ReadAction\",\"target\":[\"https:\/\/ilfoglio.info\/new\/quanti-pezzi-fai-tu\/\"]}]},{\"@type\":\"ImageObject\",\"inLanguage\":\"it-IT\",\"@id\":\"https:\/\/ilfoglio.info\/new\/quanti-pezzi-fai-tu\/#primaryimage\",\"url\":\"https:\/\/ilfoglio.info\/new\/wp-content\/uploads\/2024\/12\/pompiere.jpeg\",\"contentUrl\":\"https:\/\/ilfoglio.info\/new\/wp-content\/uploads\/2024\/12\/pompiere.jpeg\",\"width\":274,\"height\":184},{\"@type\":\"BreadcrumbList\",\"@id\":\"https:\/\/ilfoglio.info\/new\/quanti-pezzi-fai-tu\/#breadcrumb\",\"itemListElement\":[{\"@type\":\"ListItem\",\"position\":1,\"name\":\"Home\",\"item\":\"https:\/\/ilfoglio.info\/new\/\"},{\"@type\":\"ListItem\",\"position\":2,\"name\":\"Quanti pezzi fai, tu?\"}]},{\"@type\":\"WebSite\",\"@id\":\"https:\/\/ilfoglio.info\/new\/#website\",\"url\":\"https:\/\/ilfoglio.info\/new\/\",\"name\":\"Il Foglio\",\"description\":\"\",\"publisher\":{\"@id\":\"https:\/\/ilfoglio.info\/new\/#organization\"},\"potentialAction\":[{\"@type\":\"SearchAction\",\"target\":{\"@type\":\"EntryPoint\",\"urlTemplate\":\"https:\/\/ilfoglio.info\/new\/?s={search_term_string}\"},\"query-input\":{\"@type\":\"PropertyValueSpecification\",\"valueRequired\":true,\"valueName\":\"search_term_string\"}}],\"inLanguage\":\"it-IT\"},{\"@type\":\"Organization\",\"@id\":\"https:\/\/ilfoglio.info\/new\/#organization\",\"name\":\"Istituto delle Suore Francescane Elisabettine\",\"url\":\"https:\/\/ilfoglio.info\/new\/\",\"logo\":{\"@type\":\"ImageObject\",\"inLanguage\":\"it-IT\",\"@id\":\"https:\/\/ilfoglio.info\/new\/#\/schema\/logo\/image\/\",\"url\":\"https:\/\/ilfoglio.info\/new\/wp-content\/uploads\/2022\/05\/logo-imm-profilo-fb-01.png\",\"contentUrl\":\"https:\/\/ilfoglio.info\/new\/wp-content\/uploads\/2022\/05\/logo-imm-profilo-fb-01.png\",\"width\":708,\"height\":708,\"caption\":\"Istituto delle Suore Francescane Elisabettine\"},\"image\":{\"@id\":\"https:\/\/ilfoglio.info\/new\/#\/schema\/logo\/image\/\"},\"sameAs\":[\"https:\/\/www.facebook.com\/Francescane-Elisabettine-Pastorale-Giovanile-Vocazionale-403083793120929\",\"https:\/\/www.instagram.com\/evocate__\/?hl=it\"]},{\"@type\":\"Person\",\"@id\":\"https:\/\/ilfoglio.info\/new\/#\/schema\/person\/75c9ffb765b6f61bfb22c1558c3b3da5\",\"name\":\"Savio Simoncini\",\"image\":{\"@type\":\"ImageObject\",\"inLanguage\":\"it-IT\",\"@id\":\"https:\/\/ilfoglio.info\/new\/#\/schema\/person\/image\/\",\"url\":\"https:\/\/secure.gravatar.com\/avatar\/19554233aea4ad8ea84fcb532b333306127e8b267c972e4d8de7a47e5d73ce37?s=96&d=mm&r=g\",\"contentUrl\":\"https:\/\/secure.gravatar.com\/avatar\/19554233aea4ad8ea84fcb532b333306127e8b267c972e4d8de7a47e5d73ce37?s=96&d=mm&r=g\",\"caption\":\"Savio Simoncini\"},\"url\":\"https:\/\/ilfoglio.info\/new\/author\/savio-simoncini\/\"}]}<\/script>\n<!-- \/ Yoast SEO plugin. -->","yoast_head_json":{"title":"Quanti pezzi fai, tu? - Il Foglio","robots":{"index":"index","follow":"follow","max-snippet":"max-snippet:-1","max-image-preview":"max-image-preview:large","max-video-preview":"max-video-preview:-1"},"canonical":"https:\/\/ilfoglio.info\/new\/quanti-pezzi-fai-tu\/","og_locale":"it_IT","og_type":"article","og_title":"Quanti pezzi fai, tu? - Il Foglio","og_description":"Registro di classe 23-24 \/ 6 10 marzo Due classi. Siamo tornati dalla gita da una settimana e mai come ora mi \u00e8 chiaro che ho sempre insegnato non a una, ma a due classi! In gita, infatti, quando gli allievi hanno avuto tempo libero e potevano scegliere, ma anche quando si trattava di disporsi [&hellip;]","og_url":"https:\/\/ilfoglio.info\/new\/quanti-pezzi-fai-tu\/","og_site_name":"Il Foglio","article_publisher":"https:\/\/www.facebook.com\/Francescane-Elisabettine-Pastorale-Giovanile-Vocazionale-403083793120929","article_published_time":"2024-12-09T07:00:00+00:00","article_modified_time":"2024-12-16T14:30:58+00:00","og_image":[{"width":274,"height":184,"url":"https:\/\/ilfoglio.info\/new\/wp-content\/uploads\/2024\/12\/pompiere.jpeg","type":"image\/jpeg"}],"author":"Savio Simoncini","twitter_card":"summary_large_image","twitter_misc":{"Scritto da":"Savio Simoncini","Tempo di lettura stimato":"12 minuti"},"schema":{"@context":"https:\/\/schema.org","@graph":[{"@type":"Article","@id":"https:\/\/ilfoglio.info\/new\/quanti-pezzi-fai-tu\/#article","isPartOf":{"@id":"https:\/\/ilfoglio.info\/new\/quanti-pezzi-fai-tu\/"},"author":{"name":"Savio Simoncini","@id":"https:\/\/ilfoglio.info\/new\/#\/schema\/person\/75c9ffb765b6f61bfb22c1558c3b3da5"},"headline":"Quanti pezzi fai, tu?","datePublished":"2024-12-09T07:00:00+00:00","dateModified":"2024-12-16T14:30:58+00:00","mainEntityOfPage":{"@id":"https:\/\/ilfoglio.info\/new\/quanti-pezzi-fai-tu\/"},"wordCount":1976,"commentCount":0,"publisher":{"@id":"https:\/\/ilfoglio.info\/new\/#organization"},"image":{"@id":"https:\/\/ilfoglio.info\/new\/quanti-pezzi-fai-tu\/#primaryimage"},"thumbnailUrl":"https:\/\/ilfoglio.info\/new\/wp-content\/uploads\/2024\/12\/pompiere.jpeg","keywords":["asperger","commissioni","exallievi","gita","promessi sposi","scuola","simoncini"],"articleSection":["News","Zibaldone"],"inLanguage":"it-IT","potentialAction":[{"@type":"CommentAction","name":"Comment","target":["https:\/\/ilfoglio.info\/new\/quanti-pezzi-fai-tu\/#respond"]}]},{"@type":"WebPage","@id":"https:\/\/ilfoglio.info\/new\/quanti-pezzi-fai-tu\/","url":"https:\/\/ilfoglio.info\/new\/quanti-pezzi-fai-tu\/","name":"Quanti pezzi fai, tu? - Il Foglio","isPartOf":{"@id":"https:\/\/ilfoglio.info\/new\/#website"},"primaryImageOfPage":{"@id":"https:\/\/ilfoglio.info\/new\/quanti-pezzi-fai-tu\/#primaryimage"},"image":{"@id":"https:\/\/ilfoglio.info\/new\/quanti-pezzi-fai-tu\/#primaryimage"},"thumbnailUrl":"https:\/\/ilfoglio.info\/new\/wp-content\/uploads\/2024\/12\/pompiere.jpeg","datePublished":"2024-12-09T07:00:00+00:00","dateModified":"2024-12-16T14:30:58+00:00","breadcrumb":{"@id":"https:\/\/ilfoglio.info\/new\/quanti-pezzi-fai-tu\/#breadcrumb"},"inLanguage":"it-IT","potentialAction":[{"@type":"ReadAction","target":["https:\/\/ilfoglio.info\/new\/quanti-pezzi-fai-tu\/"]}]},{"@type":"ImageObject","inLanguage":"it-IT","@id":"https:\/\/ilfoglio.info\/new\/quanti-pezzi-fai-tu\/#primaryimage","url":"https:\/\/ilfoglio.info\/new\/wp-content\/uploads\/2024\/12\/pompiere.jpeg","contentUrl":"https:\/\/ilfoglio.info\/new\/wp-content\/uploads\/2024\/12\/pompiere.jpeg","width":274,"height":184},{"@type":"BreadcrumbList","@id":"https:\/\/ilfoglio.info\/new\/quanti-pezzi-fai-tu\/#breadcrumb","itemListElement":[{"@type":"ListItem","position":1,"name":"Home","item":"https:\/\/ilfoglio.info\/new\/"},{"@type":"ListItem","position":2,"name":"Quanti pezzi fai, tu?"}]},{"@type":"WebSite","@id":"https:\/\/ilfoglio.info\/new\/#website","url":"https:\/\/ilfoglio.info\/new\/","name":"Il Foglio","description":"","publisher":{"@id":"https:\/\/ilfoglio.info\/new\/#organization"},"potentialAction":[{"@type":"SearchAction","target":{"@type":"EntryPoint","urlTemplate":"https:\/\/ilfoglio.info\/new\/?s={search_term_string}"},"query-input":{"@type":"PropertyValueSpecification","valueRequired":true,"valueName":"search_term_string"}}],"inLanguage":"it-IT"},{"@type":"Organization","@id":"https:\/\/ilfoglio.info\/new\/#organization","name":"Istituto delle Suore Francescane Elisabettine","url":"https:\/\/ilfoglio.info\/new\/","logo":{"@type":"ImageObject","inLanguage":"it-IT","@id":"https:\/\/ilfoglio.info\/new\/#\/schema\/logo\/image\/","url":"https:\/\/ilfoglio.info\/new\/wp-content\/uploads\/2022\/05\/logo-imm-profilo-fb-01.png","contentUrl":"https:\/\/ilfoglio.info\/new\/wp-content\/uploads\/2022\/05\/logo-imm-profilo-fb-01.png","width":708,"height":708,"caption":"Istituto delle Suore Francescane Elisabettine"},"image":{"@id":"https:\/\/ilfoglio.info\/new\/#\/schema\/logo\/image\/"},"sameAs":["https:\/\/www.facebook.com\/Francescane-Elisabettine-Pastorale-Giovanile-Vocazionale-403083793120929","https:\/\/www.instagram.com\/evocate__\/?hl=it"]},{"@type":"Person","@id":"https:\/\/ilfoglio.info\/new\/#\/schema\/person\/75c9ffb765b6f61bfb22c1558c3b3da5","name":"Savio Simoncini","image":{"@type":"ImageObject","inLanguage":"it-IT","@id":"https:\/\/ilfoglio.info\/new\/#\/schema\/person\/image\/","url":"https:\/\/secure.gravatar.com\/avatar\/19554233aea4ad8ea84fcb532b333306127e8b267c972e4d8de7a47e5d73ce37?s=96&d=mm&r=g","contentUrl":"https:\/\/secure.gravatar.com\/avatar\/19554233aea4ad8ea84fcb532b333306127e8b267c972e4d8de7a47e5d73ce37?s=96&d=mm&r=g","caption":"Savio Simoncini"},"url":"https:\/\/ilfoglio.info\/new\/author\/savio-simoncini\/"}]}},"_links":{"self":[{"href":"https:\/\/ilfoglio.info\/new\/wp-json\/wp\/v2\/posts\/2835","targetHints":{"allow":["GET"]}}],"collection":[{"href":"https:\/\/ilfoglio.info\/new\/wp-json\/wp\/v2\/posts"}],"about":[{"href":"https:\/\/ilfoglio.info\/new\/wp-json\/wp\/v2\/types\/post"}],"author":[{"embeddable":true,"href":"https:\/\/ilfoglio.info\/new\/wp-json\/wp\/v2\/users\/31"}],"replies":[{"embeddable":true,"href":"https:\/\/ilfoglio.info\/new\/wp-json\/wp\/v2\/comments?post=2835"}],"version-history":[{"count":3,"href":"https:\/\/ilfoglio.info\/new\/wp-json\/wp\/v2\/posts\/2835\/revisions"}],"predecessor-version":[{"id":2848,"href":"https:\/\/ilfoglio.info\/new\/wp-json\/wp\/v2\/posts\/2835\/revisions\/2848"}],"wp:featuredmedia":[{"embeddable":true,"href":"https:\/\/ilfoglio.info\/new\/wp-json\/wp\/v2\/media\/2836"}],"wp:attachment":[{"href":"https:\/\/ilfoglio.info\/new\/wp-json\/wp\/v2\/media?parent=2835"}],"wp:term":[{"taxonomy":"category","embeddable":true,"href":"https:\/\/ilfoglio.info\/new\/wp-json\/wp\/v2\/categories?post=2835"},{"taxonomy":"post_tag","embeddable":true,"href":"https:\/\/ilfoglio.info\/new\/wp-json\/wp\/v2\/tags?post=2835"}],"curies":[{"name":"wp","href":"https:\/\/api.w.org\/{rel}","templated":true}]}}