{"id":2965,"date":"2025-02-07T08:00:00","date_gmt":"2025-02-07T07:00:00","guid":{"rendered":"https:\/\/ilfoglio.info\/new\/?p=2965"},"modified":"2025-02-09T23:24:27","modified_gmt":"2025-02-09T22:24:27","slug":"la-chiamata-di-tre-discepoli-fanatici","status":"publish","type":"post","link":"https:\/\/ilfoglio.info\/new\/la-chiamata-di-tre-discepoli-fanatici\/","title":{"rendered":"La chiamata di tre discepoli \u201cfanatici\u201d"},"content":{"rendered":"\n<p><strong>Commento al vangelo della 5\u00aa domenica del tempo ordinario (Luca 5,1-11)<\/strong><\/p>\n\n\n\n<p><\/p>\n\n\n\n<p>Sulla chiamata dei primi discepoli il racconto di Luca \u00e8 diverso dagli altri vangeli. Anzitutto i chiamati sono solo tre, Pietro, Giacomo e Giovanni, poich\u00e9 manca Andrea. Tale chiamata \u00e8 agiografica nell&#8217;ambito di un genere letterario tipico: anche Budda chiama i suoi discepoli lungo un corso d&#8217;acqua, ed essi lo seguono immediatamente. Ges\u00f9 non ha scelto a caso tre pescatori che hanno istantaneamente mollato tutto.<\/p>\n\n\n\n<p>Come sono andate le cose storicamente ce lo dice Gv 1,35-51, in genere pi\u00f9 preciso sulla cronaca. Pietro e Andrea sono nella cerchia del Battista, assieme a Ges\u00f9 nella Betania al di l\u00e0 del Giordano, o <em>Betaraba<\/em> come in una variante del Sinaitico: che ci facevano Pietro e Andrea in Arabia col Battista prima che Ges\u00f9 li chiamasse? Di Andrea si dice esplicitamente che fosse discepolo di Giovanni (1,39-40). I due discepoli si intrattengono con Ges\u00f9 e discorrono con lui <em>sino alle quattro<\/em> del pomeriggio! Un&#8217;annotazione relativamente superflua nell&#8217;economia del racconto, ma proprio per questo quasi sicuramente storica; Ges\u00f9 i suoi futuri discepoli li ha<em> conosciuti molto bene <\/em>nella cerchia del Battista. Anzi, anche se non vien detto esplicitamente, la chiamata e la sequela sembra che siano avvenute proprio al di l\u00e0 del Giordano: quella di Andrea, Pietro, Filippo e Natanaele; incredibilmente non ci sono n\u00e9 Giacomo n\u00e9 Giovanni (i figli di Zebedeo), che clamorosamente il quarto vangelo non nomina mai! Vi rimedia il c. 21, aggiunto tardivamente, che per\u00f2 li liquida con un \u201cinfastidito\u201d \u00ab<em>quelli<\/em> di Zebedeo\u00bb (21,2), senza chiamarli per nome.<\/p>\n\n\n\n<p><strong>L&#8217;unica pesca lucana.<\/strong> Un&#8217;altra importante diversit\u00e0 \u00e8 che<em> solo in Luca<\/em> il contesto sia quello di una pesca grandiosa (diciamo pure semi-miracolosa): \u00e8 l&#8217;unica, poich\u00e9 in tutti gli altri vangeli non v&#8217;\u00e8 alcuna pesca miracolosa [per quella super-tardiva post-pasquale di Gv 21 cfr la 2\u00aa appendice].<\/p>\n\n\n\n<p>Il problema \u00e8 che nel manoscritto di Marco, posseduto da Luca che da esso trascrive, c&#8217;\u00e8 un gran bel buco che va, diciamo, da Mc 6,45 [al termine della (prima) moltiplicazione dei pani e all&#8217;inizio della camminata sulle acque] a Mc 8,26 [Luca riprende il racconto marciano con la sezione di Cesarea di Filippo]: uno strappo, uno stralcio, un mero incidente meccanico che ha eliminato quasi due capitoli del vangelo marciano. Ma non \u00e8 detto che il \u201cbuco\u201d iniziasse esattamente fra le due sezioni (tra quella dei pani e quella delle acque), per cui ci sono due possibilit\u00e0: la prima (pi\u00f9 probabile) \u00e8 che Luca la camminata sulle acque non l&#8217;abbia proprio vista; oppure la cesura cominciava un po&#8217; pi\u00f9 avanti, per cui Luca ha letto qualcosa della camminata, anche se forse in un testo gi\u00e0 assai corrotto. L&#8217;ha quindi omessa, sia perch\u00e9 incompleta e soprattutto per la sua enigmatica problematicit\u00e0 e fumosit\u00e0 [cfr la 1\u00aa appendice], o forse meglio l&#8217;ha trasformata in una pi\u00f9 <em>digeribile<\/em> pesca semi-miracolosa, piazzandola nella chiamata per rendere pi\u00f9 plausibile lo stupore dei discepoli e la loro sequela immediata lasciando tutto.<\/p>\n\n\n\n<p>Da una parte abbiamo la pesca miracolosa <em>solo in Luca<\/em> (a parte Gv 21), dall&#8217;altra l&#8217;assenza <em>solo in Luca<\/em> della camminata sulle acque, presente pure in Gv 6,16-21, seppur in forma pi\u00f9 breve, lineare, senza \u201cfantasmi\u201d e con un dato di maggior realismo: hanno remato per 3-4 miglia al tramonto inoltrato.<\/p>\n\n\n\n<p>Un&#8217;ulteriore e importante diversit\u00e0 rispetto agli altri vangeli (in cui \u00e8 assente) \u00e8 la confessione di Pietro che si getta alle ginocchia-piedi di Ges\u00f9: \u00abSignore, allontanati da me che sono un peccatore\u00bb (Lc 5,8). Non si tratta di una semplice affermazione di circostanza, di umile indegnit\u00e0, bens\u00ec Pietro ha quasi sicuramente un passato da zelota (ossia combattente contro i romani); egli maneggia la spada, tanto da mozzare l&#8217;orecchio del servo del sommo sacerdote durante la cattura. Pietro non vuole un Messia inerme, ma potente che si manifesti in tutta la sua forza per la liberazione d&#8217;Israele. Non pu\u00f2 tollerare un Ges\u00f9 catturato e condannato, per cui si becca il <em>vade retro satana<\/em>.<\/p>\n\n\n\n<p>Pietro non ha un passato cristallino, ma probabilmente violento, quindi \u201cpeccaminoso\u201d. Ges\u00f9 gli ha cambiato il nome da Simone a Pietro: prima che \u201croccia\u201d [come intesa dal leggendario <em>Tu es Petrus<\/em> di Mt 16,18] significa appunto \u201cpietra\u201d, cio\u00e8 una \u201ctesta dura\u201d perch\u00e9 nel suo animo \u00e8 ancora uno zelota che non pensa secondo Dio.<\/p>\n\n\n\n<p>Non \u00e8 forse un caso che Pietro, Giacomo e Giovanni siano considerati i tre intimi; infatti Ges\u00f9 se li \u00e8 tenuti ben stretti e vicini in quanto \u201cpericolosi\u201d: Giacomo e Giovanni (a cui pure ha modificato il nome appunto in \u00abfigli del <em>tuono<\/em>\u00bb) sono due fanatici che in Luca 9,54 vogliono distruggere con un <em>fuoco dal cielo<\/em> un villaggio samaritano che aveva rifiutato Ges\u00f9; e sempre in Lc 9,49 Giovanni blocca un esorcista perch\u00e9 \u00abnon era dei nostri\u00bb.<\/p>\n\n\n\n<p>Da Luca (che non ha peli sulla lingua) i primi tre chiamati non sono presentati come saggi, ma semmai \u201cinfuocati\u201d; sono (stati) \u201cesaltati\u201d nel suo duplice senso: ingigantiti dalla tradizione, ma pure loro in s\u00e9 \u201cfanatici\u201d e desiderosi di gloria (Mc 10,37); una famiglia di esaltati perch\u00e9 in Mt 20,21 \u00e8 la loro madre che ne chiede la glorificazione.<\/p>\n\n\n\n<p><strong>1\u00aa appendice: Camminata sulle acque.<\/strong> Diciamo due parole pi\u00f9 precise sulla \u201cfantomatica\u201d camminata sul mare [che per fortuna viene letta una volta sola nel triennio]: saltata infatti l&#8217;anno scorso nella liturgia (anno B di Marco), ovviamente pure quest&#8217;anno perch\u00e9 in Luca non c&#8217;\u00e8, mentre verr\u00e0 letta l&#8217;anno prossimo (A di Matteo nella 19\u00aa domenica del tempo ordinario). \u00c8 una scelta sensata del lezionario, perch\u00e9 il racconto di Matteo 14,22-33 \u00e8 il pi\u00f9 circostanziato ed elaborato, e soprattutto coinvolge in prima persona Pietro che anch&#8217;egli cammina sull&#8217;acqua.<\/p>\n\n\n\n<p>Sembra proprio <em>l&#8217;apparizione post-pasquale a Pietro<\/em> (i discepoli sulla barca sono del tutto marginali) <em>retrodatata<\/em> nel ministero storico (perch\u00e9?). Essa \u00e8 menzionata in Lc 24,34 (Emmaus) e da Paolo in 1Cor 15,5, ma mai narrata nei vangeli!<\/p>\n\n\n\n<p>Prescindendo <em>completamente<\/em> dall&#8217;aspetto del \u201cmiracolo fisico\u201d del camminare sul mare, tale racconto permane molto oscuro e nebuloso: siamo in piena notte; i discepoli sono in difficolt\u00e0 con la barca sbattuta dalle onde e dal vento contrario; Ges\u00f9 li affianca per poi <em>sopravanzarli <\/em>(perch\u00e9?); lo ritengono un \u201cfantasma\u201d [particolare \u201cspettrale\u201d pi\u00f9 adatto a una apparizione dopo la Pasqua] per cui urlano dalla paura. Quindi Pietro segue Ges\u00f9 camminando anch&#8217;egli sull&#8217;acqua, ma poi rischia di affondare e invoca l&#8217;aiuto di Ges\u00f9 che lo afferra. Entrambi salgono sulla barca, e i discepoli lo <em>adorarono<\/em> [tipica espressione nei confronti del Risorto come in Lc 24,52 (ascensione)].<\/p>\n\n\n\n<p><strong>2\u00aa appendice: Gv 21. <\/strong>Qui abbiamo invece una <em>post-datazione<\/em> (altrettanto fastidiosa): \u00e8 la memoria di una pesca storica sovrabbondante post-datata a dopo la Pasqua. Nel suo contesto del ministero storico \u00e8 anche carina; i discepoli sono un centinaio di metri al largo (Gv 21,8) e Ges\u00f9 che grida dalla riva: \u00abRagazzi, non avete nulla da mangiare?\u00bb (21,5), il che evidenzia la sua umanit\u00e0 biologica coi suoi bisogni; ma \u00e8 a dir poco anomalo che sia un\/il Risorto a chiedere del pesce come cibo!<\/p>\n\n\n\n<p>Tuttavia nel primo stadio della tradizione le apparizioni sono in Galilea; solo in un secondo stadio furono localizzate a Gerusalemme come in Lc e Gv. Sono annunciate solennemente sia in Mc 16,7 sia in Mt 28,7 [\u00abl\u00e0 lo vedrete\u00bb], in cui l&#8221;unica apparizione \u00e8 appunto in Galilea [anche se poi in Mt Ges\u00f9 appare subito dopo in modo contraddittorio alle donne sulla via del ritorno; ma l&#8217;apparizione alle pie donne cos&#8217;\u00e8? Un <em>trailer<\/em>?].<\/p>\n\n\n\n<p>Mt 28,16ss e Gv 21 sono d&#8217;accordo sulla Galilea: in Mt sul monte prefissato, in Gv 21 sulle rive del lago; ma \u00e8 una quisquilia in quanto le colline circondano il mare di Galilea.<\/p>\n\n\n\n<p>A prima vista sembra strano che i discepoli siano tornati a pescare nella loro regione natia come se niente fosse successo con la passione di Cristo. Ma nulla vieta che si siano recati temporaneamente presso i loro cari (erano tutti sposati), per poi rientrare in pianta stabile a Gerusalemme addirittura portando con s\u00e9 i familiari: \u00abAbitando con mogli e figli al piano superiore\u00bb (come ben esplicitato in Atti 1,13-14) di un\u2019ampia villa signorile, che a mio parere era quella di casa Cleofa; Maria di Cleofa era la zia materna del gerosolimitano discepolo prediletto, e anch&#8217;essa \u201cmolto\u201d amata da Ges\u00f9.<\/p>\n\n\n\n<p>D&#8217;altronde c&#8217;era tutto il tempo: la Pentecoste, anche se considerata un evento unico, puntuale e miracoloso, non \u00e8 avvenuta dopo 50 giorni, ma semmai dopo 50 settimane, ossia come minimo dopo un anno [o anche oltre; addirittura secondo alcuni dopo 50 mesi, all&#8217;incirca 5 anni]; ma \u00e8 decisamente meglio considerare quella dello Spirito Santo un&#8217;esperienza <em>progressiva<\/em> non-miracolosa di un&#8217;annata almeno.<\/p>\n","protected":false},"excerpt":{"rendered":"<p>Commento al vangelo della 5\u00aa domenica del tempo ordinario (Luca 5,1-11) Sulla chiamata dei primi discepoli il racconto di Luca \u00e8 diverso dagli altri vangeli. Anzitutto i chiamati sono solo tre, Pietro, Giacomo e Giovanni, poich\u00e9 manca Andrea. Tale chiamata \u00e8 agiografica nell&#8217;ambito di un genere letterario tipico: anche Budda chiama i suoi discepoli lungo [&hellip;]<\/p>\n","protected":false},"author":29,"featured_media":2967,"comment_status":"open","ping_status":"open","sticky":false,"template":"","format":"standard","meta":{"_et_pb_use_builder":"off","_et_pb_old_content":"","_et_gb_content_width":"","footnotes":""},"categories":[220,1],"tags":[618,384,620,321],"class_list":["post-2965","post","type-post","status-publish","format-standard","has-post-thumbnail","hentry","category-bibbia-teologia-religioni","category-news","tag-giacomo","tag-giovanni","tag-pesca-miracolosa","tag-pietro"],"yoast_head":"<!-- This site is optimized with the Yoast SEO plugin v26.4 - https:\/\/yoast.com\/wordpress\/plugins\/seo\/ -->\n<title>La chiamata di tre discepoli \u201cfanatici\u201d - Il Foglio<\/title>\n<meta name=\"robots\" content=\"index, follow, max-snippet:-1, max-image-preview:large, max-video-preview:-1\" \/>\n<link rel=\"canonical\" href=\"https:\/\/ilfoglio.info\/new\/la-chiamata-di-tre-discepoli-fanatici\/\" \/>\n<meta property=\"og:locale\" content=\"it_IT\" \/>\n<meta property=\"og:type\" content=\"article\" \/>\n<meta property=\"og:title\" content=\"La chiamata di tre discepoli \u201cfanatici\u201d - Il Foglio\" \/>\n<meta property=\"og:description\" content=\"Commento al vangelo della 5\u00aa domenica del tempo ordinario (Luca 5,1-11) Sulla chiamata dei primi discepoli il racconto di Luca \u00e8 diverso dagli altri vangeli. Anzitutto i chiamati sono solo tre, Pietro, Giacomo e Giovanni, poich\u00e9 manca Andrea. Tale chiamata \u00e8 agiografica nell&#8217;ambito di un genere letterario tipico: anche Budda chiama i suoi discepoli lungo [&hellip;]\" \/>\n<meta property=\"og:url\" content=\"https:\/\/ilfoglio.info\/new\/la-chiamata-di-tre-discepoli-fanatici\/\" \/>\n<meta property=\"og:site_name\" content=\"Il Foglio\" \/>\n<meta property=\"article:publisher\" content=\"https:\/\/www.facebook.com\/Francescane-Elisabettine-Pastorale-Giovanile-Vocazionale-403083793120929\" \/>\n<meta property=\"article:published_time\" content=\"2025-02-07T07:00:00+00:00\" \/>\n<meta property=\"article:modified_time\" content=\"2025-02-09T22:24:27+00:00\" \/>\n<meta property=\"og:image\" content=\"https:\/\/ilfoglio.info\/new\/wp-content\/uploads\/2025\/02\/Reti_da_pesca_2-scaled.jpg\" \/>\n\t<meta property=\"og:image:width\" content=\"2560\" \/>\n\t<meta property=\"og:image:height\" content=\"1714\" \/>\n\t<meta property=\"og:image:type\" content=\"image\/jpeg\" \/>\n<meta name=\"author\" content=\"Mauro Pedrazzoli\" \/>\n<meta name=\"twitter:card\" content=\"summary_large_image\" \/>\n<meta name=\"twitter:label1\" content=\"Scritto da\" \/>\n\t<meta name=\"twitter:data1\" content=\"Mauro Pedrazzoli\" \/>\n\t<meta name=\"twitter:label2\" content=\"Tempo di lettura stimato\" \/>\n\t<meta name=\"twitter:data2\" content=\"8 minuti\" \/>\n<script type=\"application\/ld+json\" class=\"yoast-schema-graph\">{\"@context\":\"https:\/\/schema.org\",\"@graph\":[{\"@type\":\"Article\",\"@id\":\"https:\/\/ilfoglio.info\/new\/la-chiamata-di-tre-discepoli-fanatici\/#article\",\"isPartOf\":{\"@id\":\"https:\/\/ilfoglio.info\/new\/la-chiamata-di-tre-discepoli-fanatici\/\"},\"author\":{\"name\":\"Mauro Pedrazzoli\",\"@id\":\"https:\/\/ilfoglio.info\/new\/#\/schema\/person\/5150427490ca6594c569bc8c02001918\"},\"headline\":\"La chiamata di tre discepoli \u201cfanatici\u201d\",\"datePublished\":\"2025-02-07T07:00:00+00:00\",\"dateModified\":\"2025-02-09T22:24:27+00:00\",\"mainEntityOfPage\":{\"@id\":\"https:\/\/ilfoglio.info\/new\/la-chiamata-di-tre-discepoli-fanatici\/\"},\"wordCount\":1407,\"commentCount\":0,\"publisher\":{\"@id\":\"https:\/\/ilfoglio.info\/new\/#organization\"},\"image\":{\"@id\":\"https:\/\/ilfoglio.info\/new\/la-chiamata-di-tre-discepoli-fanatici\/#primaryimage\"},\"thumbnailUrl\":\"https:\/\/ilfoglio.info\/new\/wp-content\/uploads\/2025\/02\/Reti_da_pesca_2-scaled.jpg\",\"keywords\":[\"giacomo\",\"giovanni\",\"pesca miracolosa\",\"pietro\"],\"articleSection\":[\"Bibbia, teologia e religioni\",\"News\"],\"inLanguage\":\"it-IT\",\"potentialAction\":[{\"@type\":\"CommentAction\",\"name\":\"Comment\",\"target\":[\"https:\/\/ilfoglio.info\/new\/la-chiamata-di-tre-discepoli-fanatici\/#respond\"]}]},{\"@type\":\"WebPage\",\"@id\":\"https:\/\/ilfoglio.info\/new\/la-chiamata-di-tre-discepoli-fanatici\/\",\"url\":\"https:\/\/ilfoglio.info\/new\/la-chiamata-di-tre-discepoli-fanatici\/\",\"name\":\"La chiamata di tre discepoli \u201cfanatici\u201d - Il Foglio\",\"isPartOf\":{\"@id\":\"https:\/\/ilfoglio.info\/new\/#website\"},\"primaryImageOfPage\":{\"@id\":\"https:\/\/ilfoglio.info\/new\/la-chiamata-di-tre-discepoli-fanatici\/#primaryimage\"},\"image\":{\"@id\":\"https:\/\/ilfoglio.info\/new\/la-chiamata-di-tre-discepoli-fanatici\/#primaryimage\"},\"thumbnailUrl\":\"https:\/\/ilfoglio.info\/new\/wp-content\/uploads\/2025\/02\/Reti_da_pesca_2-scaled.jpg\",\"datePublished\":\"2025-02-07T07:00:00+00:00\",\"dateModified\":\"2025-02-09T22:24:27+00:00\",\"breadcrumb\":{\"@id\":\"https:\/\/ilfoglio.info\/new\/la-chiamata-di-tre-discepoli-fanatici\/#breadcrumb\"},\"inLanguage\":\"it-IT\",\"potentialAction\":[{\"@type\":\"ReadAction\",\"target\":[\"https:\/\/ilfoglio.info\/new\/la-chiamata-di-tre-discepoli-fanatici\/\"]}]},{\"@type\":\"ImageObject\",\"inLanguage\":\"it-IT\",\"@id\":\"https:\/\/ilfoglio.info\/new\/la-chiamata-di-tre-discepoli-fanatici\/#primaryimage\",\"url\":\"https:\/\/ilfoglio.info\/new\/wp-content\/uploads\/2025\/02\/Reti_da_pesca_2-scaled.jpg\",\"contentUrl\":\"https:\/\/ilfoglio.info\/new\/wp-content\/uploads\/2025\/02\/Reti_da_pesca_2-scaled.jpg\",\"width\":2560,\"height\":1714},{\"@type\":\"BreadcrumbList\",\"@id\":\"https:\/\/ilfoglio.info\/new\/la-chiamata-di-tre-discepoli-fanatici\/#breadcrumb\",\"itemListElement\":[{\"@type\":\"ListItem\",\"position\":1,\"name\":\"Home\",\"item\":\"https:\/\/ilfoglio.info\/new\/\"},{\"@type\":\"ListItem\",\"position\":2,\"name\":\"La chiamata di tre discepoli \u201cfanatici\u201d\"}]},{\"@type\":\"WebSite\",\"@id\":\"https:\/\/ilfoglio.info\/new\/#website\",\"url\":\"https:\/\/ilfoglio.info\/new\/\",\"name\":\"Il Foglio\",\"description\":\"\",\"publisher\":{\"@id\":\"https:\/\/ilfoglio.info\/new\/#organization\"},\"potentialAction\":[{\"@type\":\"SearchAction\",\"target\":{\"@type\":\"EntryPoint\",\"urlTemplate\":\"https:\/\/ilfoglio.info\/new\/?s={search_term_string}\"},\"query-input\":{\"@type\":\"PropertyValueSpecification\",\"valueRequired\":true,\"valueName\":\"search_term_string\"}}],\"inLanguage\":\"it-IT\"},{\"@type\":\"Organization\",\"@id\":\"https:\/\/ilfoglio.info\/new\/#organization\",\"name\":\"Istituto delle Suore Francescane Elisabettine\",\"url\":\"https:\/\/ilfoglio.info\/new\/\",\"logo\":{\"@type\":\"ImageObject\",\"inLanguage\":\"it-IT\",\"@id\":\"https:\/\/ilfoglio.info\/new\/#\/schema\/logo\/image\/\",\"url\":\"https:\/\/ilfoglio.info\/new\/wp-content\/uploads\/2022\/05\/logo-imm-profilo-fb-01.png\",\"contentUrl\":\"https:\/\/ilfoglio.info\/new\/wp-content\/uploads\/2022\/05\/logo-imm-profilo-fb-01.png\",\"width\":708,\"height\":708,\"caption\":\"Istituto delle Suore Francescane Elisabettine\"},\"image\":{\"@id\":\"https:\/\/ilfoglio.info\/new\/#\/schema\/logo\/image\/\"},\"sameAs\":[\"https:\/\/www.facebook.com\/Francescane-Elisabettine-Pastorale-Giovanile-Vocazionale-403083793120929\",\"https:\/\/www.instagram.com\/evocate__\/?hl=it\"]},{\"@type\":\"Person\",\"@id\":\"https:\/\/ilfoglio.info\/new\/#\/schema\/person\/5150427490ca6594c569bc8c02001918\",\"name\":\"Mauro Pedrazzoli\",\"image\":{\"@type\":\"ImageObject\",\"inLanguage\":\"it-IT\",\"@id\":\"https:\/\/ilfoglio.info\/new\/#\/schema\/person\/image\/\",\"url\":\"https:\/\/secure.gravatar.com\/avatar\/27fa5c25bf3dd76657fb8ddb6dcf11fae23ce588752530e85d42262437504ef8?s=96&d=mm&r=g\",\"contentUrl\":\"https:\/\/secure.gravatar.com\/avatar\/27fa5c25bf3dd76657fb8ddb6dcf11fae23ce588752530e85d42262437504ef8?s=96&d=mm&r=g\",\"caption\":\"Mauro Pedrazzoli\"},\"url\":\"https:\/\/ilfoglio.info\/new\/author\/mauro-pedrazzoli\/\"}]}<\/script>\n<!-- \/ Yoast SEO plugin. -->","yoast_head_json":{"title":"La chiamata di tre discepoli \u201cfanatici\u201d - Il Foglio","robots":{"index":"index","follow":"follow","max-snippet":"max-snippet:-1","max-image-preview":"max-image-preview:large","max-video-preview":"max-video-preview:-1"},"canonical":"https:\/\/ilfoglio.info\/new\/la-chiamata-di-tre-discepoli-fanatici\/","og_locale":"it_IT","og_type":"article","og_title":"La chiamata di tre discepoli \u201cfanatici\u201d - Il Foglio","og_description":"Commento al vangelo della 5\u00aa domenica del tempo ordinario (Luca 5,1-11) Sulla chiamata dei primi discepoli il racconto di Luca \u00e8 diverso dagli altri vangeli. Anzitutto i chiamati sono solo tre, Pietro, Giacomo e Giovanni, poich\u00e9 manca Andrea. Tale chiamata \u00e8 agiografica nell&#8217;ambito di un genere letterario tipico: anche Budda chiama i suoi discepoli lungo [&hellip;]","og_url":"https:\/\/ilfoglio.info\/new\/la-chiamata-di-tre-discepoli-fanatici\/","og_site_name":"Il Foglio","article_publisher":"https:\/\/www.facebook.com\/Francescane-Elisabettine-Pastorale-Giovanile-Vocazionale-403083793120929","article_published_time":"2025-02-07T07:00:00+00:00","article_modified_time":"2025-02-09T22:24:27+00:00","og_image":[{"width":2560,"height":1714,"url":"https:\/\/ilfoglio.info\/new\/wp-content\/uploads\/2025\/02\/Reti_da_pesca_2-scaled.jpg","type":"image\/jpeg"}],"author":"Mauro Pedrazzoli","twitter_card":"summary_large_image","twitter_misc":{"Scritto da":"Mauro Pedrazzoli","Tempo di lettura stimato":"8 minuti"},"schema":{"@context":"https:\/\/schema.org","@graph":[{"@type":"Article","@id":"https:\/\/ilfoglio.info\/new\/la-chiamata-di-tre-discepoli-fanatici\/#article","isPartOf":{"@id":"https:\/\/ilfoglio.info\/new\/la-chiamata-di-tre-discepoli-fanatici\/"},"author":{"name":"Mauro Pedrazzoli","@id":"https:\/\/ilfoglio.info\/new\/#\/schema\/person\/5150427490ca6594c569bc8c02001918"},"headline":"La chiamata di tre discepoli \u201cfanatici\u201d","datePublished":"2025-02-07T07:00:00+00:00","dateModified":"2025-02-09T22:24:27+00:00","mainEntityOfPage":{"@id":"https:\/\/ilfoglio.info\/new\/la-chiamata-di-tre-discepoli-fanatici\/"},"wordCount":1407,"commentCount":0,"publisher":{"@id":"https:\/\/ilfoglio.info\/new\/#organization"},"image":{"@id":"https:\/\/ilfoglio.info\/new\/la-chiamata-di-tre-discepoli-fanatici\/#primaryimage"},"thumbnailUrl":"https:\/\/ilfoglio.info\/new\/wp-content\/uploads\/2025\/02\/Reti_da_pesca_2-scaled.jpg","keywords":["giacomo","giovanni","pesca miracolosa","pietro"],"articleSection":["Bibbia, teologia e religioni","News"],"inLanguage":"it-IT","potentialAction":[{"@type":"CommentAction","name":"Comment","target":["https:\/\/ilfoglio.info\/new\/la-chiamata-di-tre-discepoli-fanatici\/#respond"]}]},{"@type":"WebPage","@id":"https:\/\/ilfoglio.info\/new\/la-chiamata-di-tre-discepoli-fanatici\/","url":"https:\/\/ilfoglio.info\/new\/la-chiamata-di-tre-discepoli-fanatici\/","name":"La chiamata di tre discepoli \u201cfanatici\u201d - Il Foglio","isPartOf":{"@id":"https:\/\/ilfoglio.info\/new\/#website"},"primaryImageOfPage":{"@id":"https:\/\/ilfoglio.info\/new\/la-chiamata-di-tre-discepoli-fanatici\/#primaryimage"},"image":{"@id":"https:\/\/ilfoglio.info\/new\/la-chiamata-di-tre-discepoli-fanatici\/#primaryimage"},"thumbnailUrl":"https:\/\/ilfoglio.info\/new\/wp-content\/uploads\/2025\/02\/Reti_da_pesca_2-scaled.jpg","datePublished":"2025-02-07T07:00:00+00:00","dateModified":"2025-02-09T22:24:27+00:00","breadcrumb":{"@id":"https:\/\/ilfoglio.info\/new\/la-chiamata-di-tre-discepoli-fanatici\/#breadcrumb"},"inLanguage":"it-IT","potentialAction":[{"@type":"ReadAction","target":["https:\/\/ilfoglio.info\/new\/la-chiamata-di-tre-discepoli-fanatici\/"]}]},{"@type":"ImageObject","inLanguage":"it-IT","@id":"https:\/\/ilfoglio.info\/new\/la-chiamata-di-tre-discepoli-fanatici\/#primaryimage","url":"https:\/\/ilfoglio.info\/new\/wp-content\/uploads\/2025\/02\/Reti_da_pesca_2-scaled.jpg","contentUrl":"https:\/\/ilfoglio.info\/new\/wp-content\/uploads\/2025\/02\/Reti_da_pesca_2-scaled.jpg","width":2560,"height":1714},{"@type":"BreadcrumbList","@id":"https:\/\/ilfoglio.info\/new\/la-chiamata-di-tre-discepoli-fanatici\/#breadcrumb","itemListElement":[{"@type":"ListItem","position":1,"name":"Home","item":"https:\/\/ilfoglio.info\/new\/"},{"@type":"ListItem","position":2,"name":"La chiamata di tre discepoli \u201cfanatici\u201d"}]},{"@type":"WebSite","@id":"https:\/\/ilfoglio.info\/new\/#website","url":"https:\/\/ilfoglio.info\/new\/","name":"Il Foglio","description":"","publisher":{"@id":"https:\/\/ilfoglio.info\/new\/#organization"},"potentialAction":[{"@type":"SearchAction","target":{"@type":"EntryPoint","urlTemplate":"https:\/\/ilfoglio.info\/new\/?s={search_term_string}"},"query-input":{"@type":"PropertyValueSpecification","valueRequired":true,"valueName":"search_term_string"}}],"inLanguage":"it-IT"},{"@type":"Organization","@id":"https:\/\/ilfoglio.info\/new\/#organization","name":"Istituto delle Suore Francescane Elisabettine","url":"https:\/\/ilfoglio.info\/new\/","logo":{"@type":"ImageObject","inLanguage":"it-IT","@id":"https:\/\/ilfoglio.info\/new\/#\/schema\/logo\/image\/","url":"https:\/\/ilfoglio.info\/new\/wp-content\/uploads\/2022\/05\/logo-imm-profilo-fb-01.png","contentUrl":"https:\/\/ilfoglio.info\/new\/wp-content\/uploads\/2022\/05\/logo-imm-profilo-fb-01.png","width":708,"height":708,"caption":"Istituto delle Suore Francescane Elisabettine"},"image":{"@id":"https:\/\/ilfoglio.info\/new\/#\/schema\/logo\/image\/"},"sameAs":["https:\/\/www.facebook.com\/Francescane-Elisabettine-Pastorale-Giovanile-Vocazionale-403083793120929","https:\/\/www.instagram.com\/evocate__\/?hl=it"]},{"@type":"Person","@id":"https:\/\/ilfoglio.info\/new\/#\/schema\/person\/5150427490ca6594c569bc8c02001918","name":"Mauro Pedrazzoli","image":{"@type":"ImageObject","inLanguage":"it-IT","@id":"https:\/\/ilfoglio.info\/new\/#\/schema\/person\/image\/","url":"https:\/\/secure.gravatar.com\/avatar\/27fa5c25bf3dd76657fb8ddb6dcf11fae23ce588752530e85d42262437504ef8?s=96&d=mm&r=g","contentUrl":"https:\/\/secure.gravatar.com\/avatar\/27fa5c25bf3dd76657fb8ddb6dcf11fae23ce588752530e85d42262437504ef8?s=96&d=mm&r=g","caption":"Mauro Pedrazzoli"},"url":"https:\/\/ilfoglio.info\/new\/author\/mauro-pedrazzoli\/"}]}},"_links":{"self":[{"href":"https:\/\/ilfoglio.info\/new\/wp-json\/wp\/v2\/posts\/2965","targetHints":{"allow":["GET"]}}],"collection":[{"href":"https:\/\/ilfoglio.info\/new\/wp-json\/wp\/v2\/posts"}],"about":[{"href":"https:\/\/ilfoglio.info\/new\/wp-json\/wp\/v2\/types\/post"}],"author":[{"embeddable":true,"href":"https:\/\/ilfoglio.info\/new\/wp-json\/wp\/v2\/users\/29"}],"replies":[{"embeddable":true,"href":"https:\/\/ilfoglio.info\/new\/wp-json\/wp\/v2\/comments?post=2965"}],"version-history":[{"count":1,"href":"https:\/\/ilfoglio.info\/new\/wp-json\/wp\/v2\/posts\/2965\/revisions"}],"predecessor-version":[{"id":2966,"href":"https:\/\/ilfoglio.info\/new\/wp-json\/wp\/v2\/posts\/2965\/revisions\/2966"}],"wp:featuredmedia":[{"embeddable":true,"href":"https:\/\/ilfoglio.info\/new\/wp-json\/wp\/v2\/media\/2967"}],"wp:attachment":[{"href":"https:\/\/ilfoglio.info\/new\/wp-json\/wp\/v2\/media?parent=2965"}],"wp:term":[{"taxonomy":"category","embeddable":true,"href":"https:\/\/ilfoglio.info\/new\/wp-json\/wp\/v2\/categories?post=2965"},{"taxonomy":"post_tag","embeddable":true,"href":"https:\/\/ilfoglio.info\/new\/wp-json\/wp\/v2\/tags?post=2965"}],"curies":[{"name":"wp","href":"https:\/\/api.w.org\/{rel}","templated":true}]}}