{"id":2991,"date":"2025-02-14T08:00:00","date_gmt":"2025-02-14T07:00:00","guid":{"rendered":"https:\/\/ilfoglio.info\/new\/?p=2991"},"modified":"2025-03-22T08:49:01","modified_gmt":"2025-03-22T07:49:01","slug":"beati-i-poveri-perche-non-saranno-piu-poveri","status":"publish","type":"post","link":"https:\/\/ilfoglio.info\/new\/beati-i-poveri-perche-non-saranno-piu-poveri\/","title":{"rendered":"Beati i poveri perch\u00e9 non saranno pi\u00f9 poveri"},"content":{"rendered":"\n<p><strong>Vangelo della 6\u00aa domenica del Tempo ordinario (Luca 6,17.20-26)<\/strong><\/p>\n\n\n\n<p><\/p>\n\n\n\n<p>\u00c8 il celebre passo delle beatitudini nella versione pi\u00f9 breve lucana, che avviene in un luogo pianeggiante; sarebbe quindi il \u201cdiscorso della pianura\u201d, ma preferiamo mantenere la dizione classica standard di \u201cdiscorso della montagna\u201d come in Matteo.<\/p>\n\n\n\n<p>Fondamentale \u00e8 l&#8217;opera in pi\u00f9 tomi del mio maestro Jacques Dupont, il cui primo volume \u00e8 dedicato solo al problema letterario di ricostruire il testo pi\u00f9 antico (confrontandolo con quello di Matteo), il pi\u00f9 possibile vicino a Ges\u00f9 se non identico alle sue parole. Sono due volumi in francese, tre in italiano: <em>Le Beatitudini<\/em>, S. Paolo Ediz.: 1) Il problema letterario, 2) La buona novella [il cuore del messaggio] e 3) Gli evangelisti [il lavoro redazionale di Luca e Matteo].<\/p>\n\n\n\n<p>Oltre alle beatitudini, il monaco benedettino belga \u00e8 uno dei massimi esperti di entrambi gli scritti lucani [ad es. \u00e8 sua l&#8217;osservazione che negli Atti quando si fa menzione dello \u201cspezzare il pane\u201d (Eucarestia) non si parla mai di ministeri (e men che meno di presbiteri-episcopi), e quando si parla di ministeri non si accenna mai all&#8217;eucarestia. Vedremo nella 15\u00aa domenica del tempo ord. il suo magistrale commento alla parabola del buon samaritano].<\/p>\n\n\n\n<p><strong>Il fiorire della vita per tutti.<\/strong> Ridotto all&#8217;osso il migliaio di pagine di Dupont, il racconto pi\u00f9 originario \u00e8 proprio quello di Luca, relativo alle prime tre beatitudini; la quarta \u00e8 un&#8217;aggiunta cristiana-ecclesiale sulle persecuzioni. Nonostante la 2\u00aa persona plurale (\u00abBeati voi\u00bb) di Luca sia pi\u00f9 diretta, optiamo per la 3\u00aa persona plurale di Matteo perch\u00e9 pi\u00f9 universale: le beatitudini non valgono solo per gli uditori (in diretta dal vivo) di Ges\u00f9.<\/p>\n\n\n\n<p>Dupont suggerisce altres\u00ec di spostare l&#8217;ora, l&#8217;adesso, nella seconda semifrase causale-esplicativa, ossia: \u00abBeati i poveri perch\u00e9 di essi \u00e8 il regno di Dio. Beati quelli che hanno fame, perch\u00e9 <em>ora<\/em> saranno saziati. Beati quelli che piangono [afflitti, sofferenti], perch\u00e9 <em>ora<\/em> rideranno [saranno consolati e felici]\u00bb.<\/p>\n\n\n\n<p>Le tre beatitudini vanno prese insieme, considerate un tutt&#8217;uno: beati (felici) i miserabili, sofferenti affamati&#8230; ecc., non perch\u00e9 sono tali e tali devono rimanere, bens\u00ec perch\u00e9 tutte le loro miserie (di qualsiasi tipo) \u201cora\u201d stanno per essere ribaltate dal Regno; la felicit\u00e0 sta nel capovolgimento, non nel restare poveri.<\/p>\n\n\n\n<p>Quindi il discorso della montagna dice \u201cno\u201d alla miseria, e \u201cno\u201d all&#8217;opulenza. <em>Tutti<\/em> gli uomini sul pianeta Terra devono godere della vita e provarne piacere; che nessun uomo debba pentirsi di essere venuto al mondo considerando la propria esistenza una maledizione: ossia il fiorire della vita per<em> tutti<\/em> in una situazione che oscilla tra la frugalit\u00e0 e un&#8217;abbondanza contenuta; perci\u00f2 il contrario di ogni sofferenza (e belligeranza) nella speranza per il futuro.<\/p>\n\n\n\n<p>Matteo invece le ha spiritualizzate generando (suo malgrado) una notevole confusione, perch\u00e9 diventano dei positivi, delle virt\u00f9 morali da praticare, come i puri di cuore e soprattutto \u00abgli operatori di pace che saranno chiamati figli di Dio\u00bb; dato che il verbo semitico \u00abchiamare\u00bb \u00e8 spesso equivalente al nostro verbo \u00abessere\u00bb <em>tout court<\/em> (come gi\u00e0 detto in passato), siamo <em>figli di Dio<\/em> soprattutto e in primo luogo nell&#8217;<em>operare la pace<\/em> (e non tanto nel battesimo). Certo non c&#8217;\u00e8 contraddizione, anzi complementariet\u00e0; ad es. per vincere la fame nel mondo occorrono gli affamati di giustizia, in modo perfettamente confacente e consono.<\/p>\n\n\n\n<p><strong>La \u201cdimenticanza\u201d di Matteo. <\/strong>Non \u00e8 perci\u00f2 questo il problema, ma il fatto che il primo evangelista si sia&#8230; dimenticato di spiritualizzare la seconda (sugli afflitti), per cui la trappola \u00e8 scattata: in un contesto globale di virt\u00f9 positive, anche l&#8217;afflizione-sofferenza \u00e8 diventata una qualit\u00e0 meritoria, in particolare un valore presso Dio tanto da essergli offerta in funzione espiatoria e sacrificale per la salvezza dei peccatori, per le anime del purgatorio ecc. Una trappola gigantesca che ha prodotto danni incalcolabili nella storia cristiana del cosiddetto \u201cdolorismo\u201d, sino al punto di auto-causarsi ferite e lacerazioni fisiche col cilicio.<\/p>\n\n\n\n<p>Certo non era questa l&#8217;intenzione di Matteo, ma la sua \u201cdimenticanza\u201d ha favorito derive gravissime; avrebbe dovuto spiritualizzare anche la sua seconda sugli afflitti, del tipo: \u00abBeati quelli che soffrono per amore, o nella lotta per la giustizia e la pace\u00bb; il valore non sta nella sofferenza in s\u00e9, ma in quello che l&#8217;ha causata, ossia nel loro impegno che li ha portati a essere perseguitati, imprigionati, torturati e uccisi. In pratica l&#8217;ultima beatitudine (sui perseguitati) avrebbe dovuto essere piazzata e sintetizzata nella seconda. Questo non significa che la spiritualizzazione sia un&#8217;invenzione di Matteo, estranea a Ges\u00f9; ma non qui, bens\u00ec in altri discorsi, situazioni e contesti.<\/p>\n\n\n\n<p>Ai 4 beati seguono specularmente al contrario i 4 guai ai ricchi, sazi, gaudenti, opulenti. Questi s\u00ec che molto probabilmente sono un&#8217;inserzione lucana, poich\u00e9 il tema ricchezza-povert\u00e0 \u00e8 una specificit\u00e0 di Luca, che \u00e8 un rullo compressore al riguardo: micidiale con le parabole del ricco (Epulone) e del povero Lazzaro (Lc 16,19-31), del ricco stolto (Lc 12,16-21), Lc 12,33s; 14,33 ecc. che leggeremo quest&#8217;anno.<\/p>\n\n\n\n<p>Nelle sue lezioni romane il francofono Dupont, pur parlando bene la nostra lingua, ci ha chiesto: non so come risuoni in italiano quel \u201cguai\u201d, quale sia il suo significato pi\u00f9 preciso. Ad ogni modo il greco<em> ouai<\/em> non significa una condanna, bens\u00ec un ammonimento molto severo: \u00abDovete fare molta attenzione voi opulenti, poich\u00e9 la ricchezza comporta un altissimo rischio di esclusione dal regno\u00bb [anche se mi pregate nel culto: \u00abPerch\u00e9 mi invocate \u201cSignore, Signore\u201d e poi non fate ci\u00f2 che dico?\u00bb Lc 6,46]. Questo tuttavia razionalmente, perch\u00e9 poi Dupont diventava in volto rosso come il fuoco quando si adirava contro i ricchi Epuloni.<\/p>\n\n\n\n<p><strong>Teologia della prosperit\u00e0? <\/strong>Quindi \u00e8 <em>scorretto<\/em> che i tradizionalisti accusino quelli pi\u00f9 aperti e solidali (compreso papa Francesco) di pauperismo, terzomondismo ecc., di essere troppo sbilanciati sulla cosiddetta dimensione orizzontale trascurando quella verticale (verso Dio nella piet\u00e0 e nel culto); insomma di ridurre la fede, a loro dire, a un fatto socio-politico in una scelta cristiana di classe. Secondo loro invece il papa dovrebbe parlare di Dio, della Trinit\u00e0, del Corpus Domini, del Sacro Cuore [come ha fatto nell&#8217;ultima enciclica probabilmente per ingraziarsi i tradizionalisti], e non di migranti, crisi climatica e simili. L&#8217;accusa \u00e8 scorretta, poich\u00e9 il tanto deprecato pauperismo non \u00e8 altro che la prima beatitudine, la quale riassorbe le altre nell&#8217;impegnativo programma di Ges\u00f9, cos\u00ec lungo che lo leggeremo tri-partito in tre domeniche successive.<\/p>\n\n\n\n<p>Nella seconda met\u00e0 del secolo scorso, nei sinodi e nelle conferenze episcopali (soprattutto dell&#8217;America latina) si parlava dell&#8217;<em>opzione preferenziale per i poveri <\/em>[che non ho pi\u00f9 sentito tanto nel nostro secolo]: ossia, per dirla col card. Pellegrino e padre Bartolomeo Sorge, la priorit\u00e0 da dare alla luce dell&#8217;insegnamento evangelico, non solo a parole ma in modo effettivo ed efficace, alle classi pi\u00f9 povere per la loro promozione umana. \u00c8 la scelta di una chiesa come <em>servizio ai poveri<\/em>, che sta con loro, li ricerca, li serve, riconosce e denuncia le situazioni di miseria; la scelta di una <em>chiesa che esprima comunione<\/em>, attraverso strutture di partecipazione che consentano ai poveri di stare a loro agio, di contare, parlare ed essere ascoltati. Questo \u00e8 <em>il <\/em>vangelo (non un suo corollario), cio\u00e8 la buona e lieta novella a chi sta e vive male.<\/p>\n\n\n\n<p>Si potrebbe anche chiamare \u201cTeologia della prosperit\u00e0\u201d, se questa denominazione non fosse stata \u201cusurpata\u201d da un movimento ben preciso sorto negli USA dell&#8217;800 e oggi sponsorizzato da Trump che ha costituito un \u201cufficio della fede\u201d con i telepredicatori della suddetta teologia; e ha gi\u00e0 tagliato i fondi agli uffici dei migranti e all&#8217;agenzia (la pi\u00f9 grande del mondo) della Conferenza episcopale per il reinsediamento dei rifugiati, per cui i vescovi Usa sono costretti a licenziare il personale. Il \u201cvangelo della prosperit\u00e0\u201d \u00e8 uno stravolgimento individualistico e utilitaristico che abbatte il senso di solidariet\u00e0, che mette l&#8217;accento sulla fede come \u201cmerito\u201d per ascendere nella scala sociale in una mancanza di empatia verso i poveri, considerati come persone dalla \u201cfede insufficiente\u201d. Quella di Trump e soci \u00e8 una bestemmia (imperdonabile secondo Mc 3,29) contro lo Spirito Santo.<\/p>\n","protected":false},"excerpt":{"rendered":"<p>Vangelo della 6\u00aa domenica del Tempo ordinario (Luca 6,17.20-26) \u00c8 il celebre passo delle beatitudini nella versione pi\u00f9 breve lucana, che avviene in un luogo pianeggiante; sarebbe quindi il \u201cdiscorso della pianura\u201d, ma preferiamo mantenere la dizione classica standard di \u201cdiscorso della montagna\u201d come in Matteo. Fondamentale \u00e8 l&#8217;opera in pi\u00f9 tomi del mio maestro [&hellip;]<\/p>\n","protected":false},"author":29,"featured_media":2992,"comment_status":"open","ping_status":"open","sticky":false,"template":"","format":"standard","meta":{"_et_pb_use_builder":"off","_et_pb_old_content":"","_et_gb_content_width":"","footnotes":""},"categories":[220,1],"tags":[],"class_list":["post-2991","post","type-post","status-publish","format-standard","has-post-thumbnail","hentry","category-bibbia-teologia-religioni","category-news"],"yoast_head":"<!-- This site is optimized with the Yoast SEO plugin v26.4 - https:\/\/yoast.com\/wordpress\/plugins\/seo\/ -->\n<title>Beati i poveri perch\u00e9 non saranno pi\u00f9 poveri - Il Foglio<\/title>\n<meta name=\"robots\" content=\"index, follow, max-snippet:-1, max-image-preview:large, max-video-preview:-1\" \/>\n<link rel=\"canonical\" href=\"https:\/\/ilfoglio.info\/new\/beati-i-poveri-perche-non-saranno-piu-poveri\/\" \/>\n<meta property=\"og:locale\" content=\"it_IT\" \/>\n<meta property=\"og:type\" content=\"article\" \/>\n<meta property=\"og:title\" content=\"Beati i poveri perch\u00e9 non saranno pi\u00f9 poveri - Il Foglio\" \/>\n<meta property=\"og:description\" content=\"Vangelo della 6\u00aa domenica del Tempo ordinario (Luca 6,17.20-26) \u00c8 il celebre passo delle beatitudini nella versione pi\u00f9 breve lucana, che avviene in un luogo pianeggiante; sarebbe quindi il \u201cdiscorso della pianura\u201d, ma preferiamo mantenere la dizione classica standard di \u201cdiscorso della montagna\u201d come in Matteo. Fondamentale \u00e8 l&#8217;opera in pi\u00f9 tomi del mio maestro [&hellip;]\" \/>\n<meta property=\"og:url\" content=\"https:\/\/ilfoglio.info\/new\/beati-i-poveri-perche-non-saranno-piu-poveri\/\" \/>\n<meta property=\"og:site_name\" content=\"Il Foglio\" \/>\n<meta property=\"article:publisher\" content=\"https:\/\/www.facebook.com\/Francescane-Elisabettine-Pastorale-Giovanile-Vocazionale-403083793120929\" \/>\n<meta property=\"article:published_time\" content=\"2025-02-14T07:00:00+00:00\" \/>\n<meta property=\"article:modified_time\" content=\"2025-03-22T07:49:01+00:00\" \/>\n<meta property=\"og:image\" content=\"https:\/\/ilfoglio.info\/new\/wp-content\/uploads\/2025\/02\/pianura.jpg\" \/>\n\t<meta property=\"og:image:width\" content=\"299\" \/>\n\t<meta property=\"og:image:height\" content=\"168\" \/>\n\t<meta property=\"og:image:type\" content=\"image\/jpeg\" \/>\n<meta name=\"author\" content=\"Mauro Pedrazzoli\" \/>\n<meta name=\"twitter:card\" content=\"summary_large_image\" \/>\n<meta name=\"twitter:label1\" content=\"Scritto da\" \/>\n\t<meta name=\"twitter:data1\" content=\"Mauro Pedrazzoli\" \/>\n\t<meta name=\"twitter:label2\" content=\"Tempo di lettura stimato\" \/>\n\t<meta name=\"twitter:data2\" content=\"8 minuti\" \/>\n<script type=\"application\/ld+json\" class=\"yoast-schema-graph\">{\"@context\":\"https:\/\/schema.org\",\"@graph\":[{\"@type\":\"Article\",\"@id\":\"https:\/\/ilfoglio.info\/new\/beati-i-poveri-perche-non-saranno-piu-poveri\/#article\",\"isPartOf\":{\"@id\":\"https:\/\/ilfoglio.info\/new\/beati-i-poveri-perche-non-saranno-piu-poveri\/\"},\"author\":{\"name\":\"Mauro Pedrazzoli\",\"@id\":\"https:\/\/ilfoglio.info\/new\/#\/schema\/person\/5150427490ca6594c569bc8c02001918\"},\"headline\":\"Beati i poveri perch\u00e9 non saranno pi\u00f9 poveri\",\"datePublished\":\"2025-02-14T07:00:00+00:00\",\"dateModified\":\"2025-03-22T07:49:01+00:00\",\"mainEntityOfPage\":{\"@id\":\"https:\/\/ilfoglio.info\/new\/beati-i-poveri-perche-non-saranno-piu-poveri\/\"},\"wordCount\":1310,\"commentCount\":0,\"publisher\":{\"@id\":\"https:\/\/ilfoglio.info\/new\/#organization\"},\"image\":{\"@id\":\"https:\/\/ilfoglio.info\/new\/beati-i-poveri-perche-non-saranno-piu-poveri\/#primaryimage\"},\"thumbnailUrl\":\"https:\/\/ilfoglio.info\/new\/wp-content\/uploads\/2025\/02\/pianura.jpg\",\"articleSection\":[\"Bibbia, teologia e religioni\",\"News\"],\"inLanguage\":\"it-IT\",\"potentialAction\":[{\"@type\":\"CommentAction\",\"name\":\"Comment\",\"target\":[\"https:\/\/ilfoglio.info\/new\/beati-i-poveri-perche-non-saranno-piu-poveri\/#respond\"]}]},{\"@type\":\"WebPage\",\"@id\":\"https:\/\/ilfoglio.info\/new\/beati-i-poveri-perche-non-saranno-piu-poveri\/\",\"url\":\"https:\/\/ilfoglio.info\/new\/beati-i-poveri-perche-non-saranno-piu-poveri\/\",\"name\":\"Beati i poveri perch\u00e9 non saranno pi\u00f9 poveri - Il Foglio\",\"isPartOf\":{\"@id\":\"https:\/\/ilfoglio.info\/new\/#website\"},\"primaryImageOfPage\":{\"@id\":\"https:\/\/ilfoglio.info\/new\/beati-i-poveri-perche-non-saranno-piu-poveri\/#primaryimage\"},\"image\":{\"@id\":\"https:\/\/ilfoglio.info\/new\/beati-i-poveri-perche-non-saranno-piu-poveri\/#primaryimage\"},\"thumbnailUrl\":\"https:\/\/ilfoglio.info\/new\/wp-content\/uploads\/2025\/02\/pianura.jpg\",\"datePublished\":\"2025-02-14T07:00:00+00:00\",\"dateModified\":\"2025-03-22T07:49:01+00:00\",\"breadcrumb\":{\"@id\":\"https:\/\/ilfoglio.info\/new\/beati-i-poveri-perche-non-saranno-piu-poveri\/#breadcrumb\"},\"inLanguage\":\"it-IT\",\"potentialAction\":[{\"@type\":\"ReadAction\",\"target\":[\"https:\/\/ilfoglio.info\/new\/beati-i-poveri-perche-non-saranno-piu-poveri\/\"]}]},{\"@type\":\"ImageObject\",\"inLanguage\":\"it-IT\",\"@id\":\"https:\/\/ilfoglio.info\/new\/beati-i-poveri-perche-non-saranno-piu-poveri\/#primaryimage\",\"url\":\"https:\/\/ilfoglio.info\/new\/wp-content\/uploads\/2025\/02\/pianura.jpg\",\"contentUrl\":\"https:\/\/ilfoglio.info\/new\/wp-content\/uploads\/2025\/02\/pianura.jpg\",\"width\":299,\"height\":168},{\"@type\":\"BreadcrumbList\",\"@id\":\"https:\/\/ilfoglio.info\/new\/beati-i-poveri-perche-non-saranno-piu-poveri\/#breadcrumb\",\"itemListElement\":[{\"@type\":\"ListItem\",\"position\":1,\"name\":\"Home\",\"item\":\"https:\/\/ilfoglio.info\/new\/\"},{\"@type\":\"ListItem\",\"position\":2,\"name\":\"Beati i poveri perch\u00e9 non saranno pi\u00f9 poveri\"}]},{\"@type\":\"WebSite\",\"@id\":\"https:\/\/ilfoglio.info\/new\/#website\",\"url\":\"https:\/\/ilfoglio.info\/new\/\",\"name\":\"Il Foglio\",\"description\":\"\",\"publisher\":{\"@id\":\"https:\/\/ilfoglio.info\/new\/#organization\"},\"potentialAction\":[{\"@type\":\"SearchAction\",\"target\":{\"@type\":\"EntryPoint\",\"urlTemplate\":\"https:\/\/ilfoglio.info\/new\/?s={search_term_string}\"},\"query-input\":{\"@type\":\"PropertyValueSpecification\",\"valueRequired\":true,\"valueName\":\"search_term_string\"}}],\"inLanguage\":\"it-IT\"},{\"@type\":\"Organization\",\"@id\":\"https:\/\/ilfoglio.info\/new\/#organization\",\"name\":\"Istituto delle Suore Francescane Elisabettine\",\"url\":\"https:\/\/ilfoglio.info\/new\/\",\"logo\":{\"@type\":\"ImageObject\",\"inLanguage\":\"it-IT\",\"@id\":\"https:\/\/ilfoglio.info\/new\/#\/schema\/logo\/image\/\",\"url\":\"https:\/\/ilfoglio.info\/new\/wp-content\/uploads\/2022\/05\/logo-imm-profilo-fb-01.png\",\"contentUrl\":\"https:\/\/ilfoglio.info\/new\/wp-content\/uploads\/2022\/05\/logo-imm-profilo-fb-01.png\",\"width\":708,\"height\":708,\"caption\":\"Istituto delle Suore Francescane Elisabettine\"},\"image\":{\"@id\":\"https:\/\/ilfoglio.info\/new\/#\/schema\/logo\/image\/\"},\"sameAs\":[\"https:\/\/www.facebook.com\/Francescane-Elisabettine-Pastorale-Giovanile-Vocazionale-403083793120929\",\"https:\/\/www.instagram.com\/evocate__\/?hl=it\"]},{\"@type\":\"Person\",\"@id\":\"https:\/\/ilfoglio.info\/new\/#\/schema\/person\/5150427490ca6594c569bc8c02001918\",\"name\":\"Mauro Pedrazzoli\",\"image\":{\"@type\":\"ImageObject\",\"inLanguage\":\"it-IT\",\"@id\":\"https:\/\/ilfoglio.info\/new\/#\/schema\/person\/image\/\",\"url\":\"https:\/\/secure.gravatar.com\/avatar\/27fa5c25bf3dd76657fb8ddb6dcf11fae23ce588752530e85d42262437504ef8?s=96&d=mm&r=g\",\"contentUrl\":\"https:\/\/secure.gravatar.com\/avatar\/27fa5c25bf3dd76657fb8ddb6dcf11fae23ce588752530e85d42262437504ef8?s=96&d=mm&r=g\",\"caption\":\"Mauro Pedrazzoli\"},\"url\":\"https:\/\/ilfoglio.info\/new\/author\/mauro-pedrazzoli\/\"}]}<\/script>\n<!-- \/ Yoast SEO plugin. -->","yoast_head_json":{"title":"Beati i poveri perch\u00e9 non saranno pi\u00f9 poveri - Il Foglio","robots":{"index":"index","follow":"follow","max-snippet":"max-snippet:-1","max-image-preview":"max-image-preview:large","max-video-preview":"max-video-preview:-1"},"canonical":"https:\/\/ilfoglio.info\/new\/beati-i-poveri-perche-non-saranno-piu-poveri\/","og_locale":"it_IT","og_type":"article","og_title":"Beati i poveri perch\u00e9 non saranno pi\u00f9 poveri - Il Foglio","og_description":"Vangelo della 6\u00aa domenica del Tempo ordinario (Luca 6,17.20-26) \u00c8 il celebre passo delle beatitudini nella versione pi\u00f9 breve lucana, che avviene in un luogo pianeggiante; sarebbe quindi il \u201cdiscorso della pianura\u201d, ma preferiamo mantenere la dizione classica standard di \u201cdiscorso della montagna\u201d come in Matteo. Fondamentale \u00e8 l&#8217;opera in pi\u00f9 tomi del mio maestro [&hellip;]","og_url":"https:\/\/ilfoglio.info\/new\/beati-i-poveri-perche-non-saranno-piu-poveri\/","og_site_name":"Il Foglio","article_publisher":"https:\/\/www.facebook.com\/Francescane-Elisabettine-Pastorale-Giovanile-Vocazionale-403083793120929","article_published_time":"2025-02-14T07:00:00+00:00","article_modified_time":"2025-03-22T07:49:01+00:00","og_image":[{"width":299,"height":168,"url":"https:\/\/ilfoglio.info\/new\/wp-content\/uploads\/2025\/02\/pianura.jpg","type":"image\/jpeg"}],"author":"Mauro Pedrazzoli","twitter_card":"summary_large_image","twitter_misc":{"Scritto da":"Mauro Pedrazzoli","Tempo di lettura stimato":"8 minuti"},"schema":{"@context":"https:\/\/schema.org","@graph":[{"@type":"Article","@id":"https:\/\/ilfoglio.info\/new\/beati-i-poveri-perche-non-saranno-piu-poveri\/#article","isPartOf":{"@id":"https:\/\/ilfoglio.info\/new\/beati-i-poveri-perche-non-saranno-piu-poveri\/"},"author":{"name":"Mauro Pedrazzoli","@id":"https:\/\/ilfoglio.info\/new\/#\/schema\/person\/5150427490ca6594c569bc8c02001918"},"headline":"Beati i poveri perch\u00e9 non saranno pi\u00f9 poveri","datePublished":"2025-02-14T07:00:00+00:00","dateModified":"2025-03-22T07:49:01+00:00","mainEntityOfPage":{"@id":"https:\/\/ilfoglio.info\/new\/beati-i-poveri-perche-non-saranno-piu-poveri\/"},"wordCount":1310,"commentCount":0,"publisher":{"@id":"https:\/\/ilfoglio.info\/new\/#organization"},"image":{"@id":"https:\/\/ilfoglio.info\/new\/beati-i-poveri-perche-non-saranno-piu-poveri\/#primaryimage"},"thumbnailUrl":"https:\/\/ilfoglio.info\/new\/wp-content\/uploads\/2025\/02\/pianura.jpg","articleSection":["Bibbia, teologia e religioni","News"],"inLanguage":"it-IT","potentialAction":[{"@type":"CommentAction","name":"Comment","target":["https:\/\/ilfoglio.info\/new\/beati-i-poveri-perche-non-saranno-piu-poveri\/#respond"]}]},{"@type":"WebPage","@id":"https:\/\/ilfoglio.info\/new\/beati-i-poveri-perche-non-saranno-piu-poveri\/","url":"https:\/\/ilfoglio.info\/new\/beati-i-poveri-perche-non-saranno-piu-poveri\/","name":"Beati i poveri perch\u00e9 non saranno pi\u00f9 poveri - Il Foglio","isPartOf":{"@id":"https:\/\/ilfoglio.info\/new\/#website"},"primaryImageOfPage":{"@id":"https:\/\/ilfoglio.info\/new\/beati-i-poveri-perche-non-saranno-piu-poveri\/#primaryimage"},"image":{"@id":"https:\/\/ilfoglio.info\/new\/beati-i-poveri-perche-non-saranno-piu-poveri\/#primaryimage"},"thumbnailUrl":"https:\/\/ilfoglio.info\/new\/wp-content\/uploads\/2025\/02\/pianura.jpg","datePublished":"2025-02-14T07:00:00+00:00","dateModified":"2025-03-22T07:49:01+00:00","breadcrumb":{"@id":"https:\/\/ilfoglio.info\/new\/beati-i-poveri-perche-non-saranno-piu-poveri\/#breadcrumb"},"inLanguage":"it-IT","potentialAction":[{"@type":"ReadAction","target":["https:\/\/ilfoglio.info\/new\/beati-i-poveri-perche-non-saranno-piu-poveri\/"]}]},{"@type":"ImageObject","inLanguage":"it-IT","@id":"https:\/\/ilfoglio.info\/new\/beati-i-poveri-perche-non-saranno-piu-poveri\/#primaryimage","url":"https:\/\/ilfoglio.info\/new\/wp-content\/uploads\/2025\/02\/pianura.jpg","contentUrl":"https:\/\/ilfoglio.info\/new\/wp-content\/uploads\/2025\/02\/pianura.jpg","width":299,"height":168},{"@type":"BreadcrumbList","@id":"https:\/\/ilfoglio.info\/new\/beati-i-poveri-perche-non-saranno-piu-poveri\/#breadcrumb","itemListElement":[{"@type":"ListItem","position":1,"name":"Home","item":"https:\/\/ilfoglio.info\/new\/"},{"@type":"ListItem","position":2,"name":"Beati i poveri perch\u00e9 non saranno pi\u00f9 poveri"}]},{"@type":"WebSite","@id":"https:\/\/ilfoglio.info\/new\/#website","url":"https:\/\/ilfoglio.info\/new\/","name":"Il Foglio","description":"","publisher":{"@id":"https:\/\/ilfoglio.info\/new\/#organization"},"potentialAction":[{"@type":"SearchAction","target":{"@type":"EntryPoint","urlTemplate":"https:\/\/ilfoglio.info\/new\/?s={search_term_string}"},"query-input":{"@type":"PropertyValueSpecification","valueRequired":true,"valueName":"search_term_string"}}],"inLanguage":"it-IT"},{"@type":"Organization","@id":"https:\/\/ilfoglio.info\/new\/#organization","name":"Istituto delle Suore Francescane Elisabettine","url":"https:\/\/ilfoglio.info\/new\/","logo":{"@type":"ImageObject","inLanguage":"it-IT","@id":"https:\/\/ilfoglio.info\/new\/#\/schema\/logo\/image\/","url":"https:\/\/ilfoglio.info\/new\/wp-content\/uploads\/2022\/05\/logo-imm-profilo-fb-01.png","contentUrl":"https:\/\/ilfoglio.info\/new\/wp-content\/uploads\/2022\/05\/logo-imm-profilo-fb-01.png","width":708,"height":708,"caption":"Istituto delle Suore Francescane Elisabettine"},"image":{"@id":"https:\/\/ilfoglio.info\/new\/#\/schema\/logo\/image\/"},"sameAs":["https:\/\/www.facebook.com\/Francescane-Elisabettine-Pastorale-Giovanile-Vocazionale-403083793120929","https:\/\/www.instagram.com\/evocate__\/?hl=it"]},{"@type":"Person","@id":"https:\/\/ilfoglio.info\/new\/#\/schema\/person\/5150427490ca6594c569bc8c02001918","name":"Mauro Pedrazzoli","image":{"@type":"ImageObject","inLanguage":"it-IT","@id":"https:\/\/ilfoglio.info\/new\/#\/schema\/person\/image\/","url":"https:\/\/secure.gravatar.com\/avatar\/27fa5c25bf3dd76657fb8ddb6dcf11fae23ce588752530e85d42262437504ef8?s=96&d=mm&r=g","contentUrl":"https:\/\/secure.gravatar.com\/avatar\/27fa5c25bf3dd76657fb8ddb6dcf11fae23ce588752530e85d42262437504ef8?s=96&d=mm&r=g","caption":"Mauro Pedrazzoli"},"url":"https:\/\/ilfoglio.info\/new\/author\/mauro-pedrazzoli\/"}]}},"_links":{"self":[{"href":"https:\/\/ilfoglio.info\/new\/wp-json\/wp\/v2\/posts\/2991","targetHints":{"allow":["GET"]}}],"collection":[{"href":"https:\/\/ilfoglio.info\/new\/wp-json\/wp\/v2\/posts"}],"about":[{"href":"https:\/\/ilfoglio.info\/new\/wp-json\/wp\/v2\/types\/post"}],"author":[{"embeddable":true,"href":"https:\/\/ilfoglio.info\/new\/wp-json\/wp\/v2\/users\/29"}],"replies":[{"embeddable":true,"href":"https:\/\/ilfoglio.info\/new\/wp-json\/wp\/v2\/comments?post=2991"}],"version-history":[{"count":1,"href":"https:\/\/ilfoglio.info\/new\/wp-json\/wp\/v2\/posts\/2991\/revisions"}],"predecessor-version":[{"id":2993,"href":"https:\/\/ilfoglio.info\/new\/wp-json\/wp\/v2\/posts\/2991\/revisions\/2993"}],"wp:featuredmedia":[{"embeddable":true,"href":"https:\/\/ilfoglio.info\/new\/wp-json\/wp\/v2\/media\/2992"}],"wp:attachment":[{"href":"https:\/\/ilfoglio.info\/new\/wp-json\/wp\/v2\/media?parent=2991"}],"wp:term":[{"taxonomy":"category","embeddable":true,"href":"https:\/\/ilfoglio.info\/new\/wp-json\/wp\/v2\/categories?post=2991"},{"taxonomy":"post_tag","embeddable":true,"href":"https:\/\/ilfoglio.info\/new\/wp-json\/wp\/v2\/tags?post=2991"}],"curies":[{"name":"wp","href":"https:\/\/api.w.org\/{rel}","templated":true}]}}