{"id":3040,"date":"2025-03-21T08:00:00","date_gmt":"2025-03-21T07:00:00","guid":{"rendered":"https:\/\/ilfoglio.info\/new\/?p=3040"},"modified":"2025-03-22T08:47:19","modified_gmt":"2025-03-22T07:47:19","slug":"il-covid-non-e-unammonizione-dal-cielo","status":"publish","type":"post","link":"https:\/\/ilfoglio.info\/new\/il-covid-non-e-unammonizione-dal-cielo\/","title":{"rendered":"Il Covid non \u00e8 un&#8217;ammonizione dal cielo"},"content":{"rendered":"\n<p><strong>Vangelo della 3\u00aa domenica di quaresima (Luca 13,1-9)<\/strong><\/p>\n\n\n\n<p>Dato che la conversione (<em>metanoia<\/em>) \u00e8 un tema squisitamente quaresimale, per questa terza domenica \u00e8 stato scelto il brano di Lc 13,1-9, in cui si ripete due volte (Lc 13,3b.5b): \u00abSe non vi convertite [al presente nel 3b; al futuro \u201cse non vi convertirete\u201d nel 5b], perirete tutti allo stesso modo\u00bb; che purtroppo per\u00f2 \u00e8 un&#8217;aggiunta \u201csciagurata\u201d postuma che contraddice il pensiero e le parole di Ges\u00f9 rovinando tutto nell&#8217;asserire il contrario. Se prescindiamo per il momento da essa, tutto scorre molto pi\u00f9 liscio: Dio non fa morire, anzi \u00e8 molto paziente (Lc 13,6-9).<\/p>\n\n\n\n<p><strong>Le disgrazie-tragedie non sono castighi. <\/strong>Si tratta di un brano di chiara origine giudeo-cristiana palestinese, semitizzante, finito poinel terzo vangelo con una attestazione unica, senza paralleli (assente in Mt e Mc; Luca ha una sua tradizione particolare, chiaramente evidente nella storia della passione e nelle parabole della <em>misericordia<\/em>). Tutta la sezione, fortemente aramaizzante, va contro il giudaismo antico e la credenza veterotestamentaria secondo cui certe disgrazie (o tutte) siano il segno di una particolare maledizione per i malcapitati, che si sono attirati l&#8217;ira divina per le loro colpe; come ben espresso dagli amici di Giobbe, ma gi\u00e0 contestata da Giobbe stesso.<\/p>\n\n\n\n<p>Il primo fatto storico (male morale) fa riferimento a una pesante azione di Pilato compiuta ai danni dei Samaritani [Giuseppe Flavio, <em>Antichit\u00e0 giudaiche<\/em> 18,4,1; il vangelo di oggi dice \u201cGalilei\u201d, ma \u00e8 una differenza insignificante: la geografia palestinese di Luca non \u00e8 il \u201csuo forte\u201d]. Un gruppo di Samaritani, probabilmente per preparare una rivolta contro i romani, tentarono di radunarsi sul monte Garizim. Ma Pilato prevenne la sedizione inviando l&#8217;esercito e sedandola tragicamente nel sangue; molti samaritani vennero uccisi e i capi della rivolta giustiziati, mescolando il loro sangue con quello dei loro sacrifici nel tempio alternativo (sul Garizim) a quello di Gerusalemme [i sacrifici si facevano solo nel tempio (unico), non nelle sinagoghe].<\/p>\n\n\n\n<p>Il secondo evento storico (male naturale) \u00e8 il la caduta accidentale della torre di Siloe (a Gerusalemme) con 18 vittime: orbene per Ges\u00f9 entrambi gli avvenimenti non sono accaduti perch\u00e9 le vittime erano pi\u00f9 colpevoli rispettivamente degli altri samaritani o degli altri abitanti di Gerusalemme.<\/p>\n\n\n\n<p>Non ha avuto luogo nessuna punizione divina, contestando una specifica e grave colpevolezza delle vittime; \u00e8 chiaro in tutta la sezione il \u201cNo\u201d secco di Ges\u00f9 [\u00abNo, vi dico\u00bb,<em> stop <\/em>sia nel v. 3a sia 5a] alla fede giudaica nel contraccambio (ritorsione, retribuzione storica) deciso da una sentenza pesante del tribunale divino.<\/p>\n\n\n\n<p>Appartiene altres\u00ec al vangelo che sono ingannatori tutti i segni umani di presunta punizione [ad es. sciagure] del singolo, o di \u201cgrazie ricevute\u201d [ad es. pericolo scampato, guarigione, o peggio ancora la prosperit\u00e0 economica (come nell&#8217;ideologia di Trump)].<\/p>\n\n\n\n<p>Ci\u00f2 \u00e8 confermato nella parte conclusiva (13,6-9) con la parabola benevola di attesa per il fico, ossia sulla pazienza di Dio per Israele (il fico) infruttuoso da<em> tre anni<\/em>, che rappresenta (oltre agli uomini manchevoli in generale) in particolare il popolo ebreo. Certo in Marco 11,12ss.20s e in Matteo 21,18ss abbiamo invece la maledizione del fico che si secca, ma siamo gi\u00e0 a Gerusalemme nel contesto della passione imminente, in cui la gente gli \u00e8 definitivamente contro; Ges\u00f9 ha ritenuto inevitabile sia il tramonto-declino di Gerusalemme sia il rifiuto del popolo ebraico nei suoi confronti. Ma prima, qui, al contrario, Ges\u00f9 spera ancora, anche se ormai sono passati circa <em>tre anni<\/em> dall&#8217;inizio del suo ministero pubblico, nella conversione globale del suo popolo: che la fede veterotestamentaria sfoci e sbocchi in quella giudeo-cristiana. I tre anni forse alludono a quanto detto: infatti la non-conversione riguarda proprio in Lc 13,25-29 i giudei [poco dopo il passo di oggi, che leggeremo nella 21\u00aa domenica], mentre in Matteo 7,21-23 e 8,11s concerne i cristiani (iniqui).<\/p>\n\n\n\n<p><strong>Il vangelo odierno rovinato.<\/strong> Purtroppo segue un contro-pensiero infelice (che contrasta con il \u00abNo vi dico\u00bb precedente) per cui tali eventi sono segnali di allarme, un mettere in guardia da altre incombenti disgrazie; \u00e8 un ammonimento severo per tutti gli uomini di fede ebraica: se non si convertono (a Cristo) periranno tutti facendo la stessa fine, con una chiara allusione ai massacri della guerra giudaica (67-70 d. C.). Quindi tale preannuncio (del 3b e 5b) non pu\u00f2 essere di Ges\u00f9, ma \u00e8 un&#8217;aggiunta posteriore che va contro il suo pensiero falsificandone il messaggio.<\/p>\n\n\n\n<p>La strage di Pilato si aggancia molto bene (\u00abperirete allo <em>stesso modo<\/em>\u00bb) con il massacro di 10.000 samaritani operata da Vespasiano nel 67 d. C.; mentre la caduta della torre su 18 persone [<em>sic<\/em> il codice palatino di Trento dice 18.000] \u00e8 assimilabile (\u00abfarete la stessa fine\u00bb) alla caduta catastrofica delle mura di Gerusalemme, con la distruzione del tempio e il crollo dell&#8217;intera citt\u00e0 nel 70 d. C. in seguito all&#8217;assedio delle legioni romane.<\/p>\n\n\n\n<p>Ribadiamo: Ges\u00f9 nega seccamente la relazione fra il peccato e la disgrazia (come in Gv 9,3), tra la colpa e la tragedia, andando<em> contro<\/em> il modo di pensare ebraico circa il rapporto fra le sciagure, calamit\u00e0, malattie, epidemie, morte improvvisa ecc. e la colpevolezza delle rispettive vittime. Ges\u00f9 <em>annulla<\/em> la predicazione secolare del tipo \u00abDio ti vede e ti punisce; e se per caso la scampi adesso, lo far\u00e0 dopo la morte (con l&#8217;inferno)\u00bb.<\/p>\n\n\n\n<p>Ironicamente irrispettoso \u00e8 il film <em>Commandments<\/em> in cui il protagonista, in seguito alla morte della moglie ed altri sfortunati eventi, decide di sfidare il destino infrangendo tutti i comandamenti (ad eccezione del 5\u00b0 \u00abNon ammazzare\u00bb); e questo su consiglio di un amico che l&#8217;ha sempre fatto ed ha una moglie bellissima e un ottimo lavoro.<\/p>\n\n\n\n<p>Ges\u00f9 si \u00e8 s\u00ec espresso sul giudizio di Dio, ma in un modo molto pi\u00f9 sfumato e articolato di quanto si pensi; non certo nella forma di una violenta e vendicativa dannazione eterna: questa \u00e8 una deformazione della sua Parola.<\/p>\n\n\n\n<p><strong>Pandemiche superstizioni. <\/strong>Applichiamo il discorso alla tragedia del Covid. Ne scriveva gi\u00e0 il \u00abSole 24 ore\u00bb del 5 aprile 2020 (domenica delle palme) a p. VI dell&#8217;inserto domenicale nell&#8217;articolo di Emilio Gentile <em>Pandemiche superstizioni<\/em>: \u00abPer oltre un millennio la chiesa di Roma ha presentato le catastrofi naturali e le epidemie come azioni punitive inflitte dalla volont\u00e0 divina&#8230;; \u201csi \u00e8 abbattuto su di noi il braccio vendicatore della giustizia eterna\u201d. Cos\u00ec il vescovo di Zamora durante la \u201cspagnola\u201d: e quando fin\u00ec, il vescovo spagnolo disse che erano state le preghiere a placare la legittima rabbia di Dio\u00bb. Dopo il concilio Vaticano II l&#8217;idea della punizione \u00e8 stata sostituita dall&#8217;idea dell&#8217;ammonizione, come hanno fatto parecchi vescovi tra cui quello di Reggio Emilia (io sono originario della bassa reggiana): \u00abIl corona-virus \u00e8 un richiamo <em>a chi crede e a chi non crede<\/em>, affinch\u00e9 il nostro sguardo e la nostra mente <em>riconoscano Dio, il fine trascendente<\/em> della nostra vita&#8230; Infatti nello stesso tempo Ges\u00f9 ha detto: \u201dMa se non vi convertirete, perirete tutti allo stesso modo\u201d (Lc 13,3.5)\u00bb.<\/p>\n\n\n\n<p>E Radio Maria ha parlato (non esplicitamente di castigo ma) di <em>ammonimento<\/em> dal cielo, pi\u00f9 precisamente di \u00abammonimento della Madonna\u00bb, osservando come non sia un caso che il virus abbia avuto origine proprio nel paese governato dal comunismo, persecutore dei cristiani. La stessa denominazione del virus \u201ccorona\u201d \u2212 ha spiegato l&#8217;emittente cattolica \u2013 corrisponde a un messaggio della Madonna di Medjugorje.<\/p>\n\n\n\n<p>I vv. 3b e 5b si adattano molto bene a una situazione critica anteriore (non di molto) alla distruzione di Gerusalemme, poich\u00e9 incombe solo la <em>minaccia<\/em> della catastrofe, quando non era ancora avvenuto il massacro definitivo; il significato \u00e8 chiaro, col detto terroristico ripetuto due volte, tipico di quando si vuole incutere paura: \u00abSe non vi ravvedete, sar\u00e0 un macello&#8230;\u00bb. Io non ho problemi a dissociarmi dai suddetti due versetti di Luca 13, ma che ne \u00e8 del cristiano non acculturato che li legge e pensa siano di Ges\u00f9? Permane ancora nell&#8217;immaginario collettivo il contrappasso dantesco?<\/p>\n\n\n\n<p><\/p>\n\n\n\n<p>Foto: https:\/\/www.sassarioggi.it\/porto-torres\/sconcerto-porto-torres-crollata-torre-abbacurrente-1-aprile-2021\/<\/p>\n","protected":false},"excerpt":{"rendered":"<p>Vangelo della 3\u00aa domenica di quaresima (Luca 13,1-9) Dato che la conversione (metanoia) \u00e8 un tema squisitamente quaresimale, per questa terza domenica \u00e8 stato scelto il brano di Lc 13,1-9, in cui si ripete due volte (Lc 13,3b.5b): \u00abSe non vi convertite [al presente nel 3b; al futuro \u201cse non vi convertirete\u201d nel 5b], perirete [&hellip;]<\/p>\n","protected":false},"author":29,"featured_media":3041,"comment_status":"open","ping_status":"open","sticky":false,"template":"","format":"standard","meta":{"_et_pb_use_builder":"off","_et_pb_old_content":"","_et_gb_content_width":"","footnotes":""},"categories":[220,1],"tags":[],"class_list":["post-3040","post","type-post","status-publish","format-standard","has-post-thumbnail","hentry","category-bibbia-teologia-religioni","category-news"],"yoast_head":"<!-- This site is optimized with the Yoast SEO plugin v26.4 - https:\/\/yoast.com\/wordpress\/plugins\/seo\/ -->\n<title>Il Covid non \u00e8 un&#039;ammonizione dal cielo - Il Foglio<\/title>\n<meta name=\"robots\" content=\"index, follow, max-snippet:-1, max-image-preview:large, max-video-preview:-1\" \/>\n<link rel=\"canonical\" href=\"https:\/\/ilfoglio.info\/new\/il-covid-non-e-unammonizione-dal-cielo\/\" \/>\n<meta property=\"og:locale\" content=\"it_IT\" \/>\n<meta property=\"og:type\" content=\"article\" \/>\n<meta property=\"og:title\" content=\"Il Covid non \u00e8 un&#039;ammonizione dal cielo - Il Foglio\" \/>\n<meta property=\"og:description\" content=\"Vangelo della 3\u00aa domenica di quaresima (Luca 13,1-9) Dato che la conversione (metanoia) \u00e8 un tema squisitamente quaresimale, per questa terza domenica \u00e8 stato scelto il brano di Lc 13,1-9, in cui si ripete due volte (Lc 13,3b.5b): \u00abSe non vi convertite [al presente nel 3b; al futuro \u201cse non vi convertirete\u201d nel 5b], perirete [&hellip;]\" \/>\n<meta property=\"og:url\" content=\"https:\/\/ilfoglio.info\/new\/il-covid-non-e-unammonizione-dal-cielo\/\" \/>\n<meta property=\"og:site_name\" content=\"Il Foglio\" \/>\n<meta property=\"article:publisher\" content=\"https:\/\/www.facebook.com\/Francescane-Elisabettine-Pastorale-Giovanile-Vocazionale-403083793120929\" \/>\n<meta property=\"article:published_time\" content=\"2025-03-21T07:00:00+00:00\" \/>\n<meta property=\"article:modified_time\" content=\"2025-03-22T07:47:19+00:00\" \/>\n<meta property=\"og:image\" content=\"https:\/\/ilfoglio.info\/new\/wp-content\/uploads\/2025\/03\/torre-caduta.jpg\" \/>\n\t<meta property=\"og:image:width\" content=\"777\" \/>\n\t<meta property=\"og:image:height\" content=\"437\" \/>\n\t<meta property=\"og:image:type\" content=\"image\/jpeg\" \/>\n<meta name=\"author\" content=\"Mauro Pedrazzoli\" \/>\n<meta name=\"twitter:card\" content=\"summary_large_image\" \/>\n<meta name=\"twitter:label1\" content=\"Scritto da\" \/>\n\t<meta name=\"twitter:data1\" content=\"Mauro Pedrazzoli\" \/>\n\t<meta name=\"twitter:label2\" content=\"Tempo di lettura stimato\" \/>\n\t<meta name=\"twitter:data2\" content=\"8 minuti\" \/>\n<script type=\"application\/ld+json\" class=\"yoast-schema-graph\">{\"@context\":\"https:\/\/schema.org\",\"@graph\":[{\"@type\":\"Article\",\"@id\":\"https:\/\/ilfoglio.info\/new\/il-covid-non-e-unammonizione-dal-cielo\/#article\",\"isPartOf\":{\"@id\":\"https:\/\/ilfoglio.info\/new\/il-covid-non-e-unammonizione-dal-cielo\/\"},\"author\":{\"name\":\"Mauro Pedrazzoli\",\"@id\":\"https:\/\/ilfoglio.info\/new\/#\/schema\/person\/5150427490ca6594c569bc8c02001918\"},\"headline\":\"Il Covid non \u00e8 un&#8217;ammonizione dal cielo\",\"datePublished\":\"2025-03-21T07:00:00+00:00\",\"dateModified\":\"2025-03-22T07:47:19+00:00\",\"mainEntityOfPage\":{\"@id\":\"https:\/\/ilfoglio.info\/new\/il-covid-non-e-unammonizione-dal-cielo\/\"},\"wordCount\":1286,\"commentCount\":0,\"publisher\":{\"@id\":\"https:\/\/ilfoglio.info\/new\/#organization\"},\"image\":{\"@id\":\"https:\/\/ilfoglio.info\/new\/il-covid-non-e-unammonizione-dal-cielo\/#primaryimage\"},\"thumbnailUrl\":\"https:\/\/ilfoglio.info\/new\/wp-content\/uploads\/2025\/03\/torre-caduta.jpg\",\"articleSection\":[\"Bibbia, teologia e religioni\",\"News\"],\"inLanguage\":\"it-IT\",\"potentialAction\":[{\"@type\":\"CommentAction\",\"name\":\"Comment\",\"target\":[\"https:\/\/ilfoglio.info\/new\/il-covid-non-e-unammonizione-dal-cielo\/#respond\"]}]},{\"@type\":\"WebPage\",\"@id\":\"https:\/\/ilfoglio.info\/new\/il-covid-non-e-unammonizione-dal-cielo\/\",\"url\":\"https:\/\/ilfoglio.info\/new\/il-covid-non-e-unammonizione-dal-cielo\/\",\"name\":\"Il Covid non \u00e8 un'ammonizione dal cielo - Il Foglio\",\"isPartOf\":{\"@id\":\"https:\/\/ilfoglio.info\/new\/#website\"},\"primaryImageOfPage\":{\"@id\":\"https:\/\/ilfoglio.info\/new\/il-covid-non-e-unammonizione-dal-cielo\/#primaryimage\"},\"image\":{\"@id\":\"https:\/\/ilfoglio.info\/new\/il-covid-non-e-unammonizione-dal-cielo\/#primaryimage\"},\"thumbnailUrl\":\"https:\/\/ilfoglio.info\/new\/wp-content\/uploads\/2025\/03\/torre-caduta.jpg\",\"datePublished\":\"2025-03-21T07:00:00+00:00\",\"dateModified\":\"2025-03-22T07:47:19+00:00\",\"breadcrumb\":{\"@id\":\"https:\/\/ilfoglio.info\/new\/il-covid-non-e-unammonizione-dal-cielo\/#breadcrumb\"},\"inLanguage\":\"it-IT\",\"potentialAction\":[{\"@type\":\"ReadAction\",\"target\":[\"https:\/\/ilfoglio.info\/new\/il-covid-non-e-unammonizione-dal-cielo\/\"]}]},{\"@type\":\"ImageObject\",\"inLanguage\":\"it-IT\",\"@id\":\"https:\/\/ilfoglio.info\/new\/il-covid-non-e-unammonizione-dal-cielo\/#primaryimage\",\"url\":\"https:\/\/ilfoglio.info\/new\/wp-content\/uploads\/2025\/03\/torre-caduta.jpg\",\"contentUrl\":\"https:\/\/ilfoglio.info\/new\/wp-content\/uploads\/2025\/03\/torre-caduta.jpg\",\"width\":777,\"height\":437},{\"@type\":\"BreadcrumbList\",\"@id\":\"https:\/\/ilfoglio.info\/new\/il-covid-non-e-unammonizione-dal-cielo\/#breadcrumb\",\"itemListElement\":[{\"@type\":\"ListItem\",\"position\":1,\"name\":\"Home\",\"item\":\"https:\/\/ilfoglio.info\/new\/\"},{\"@type\":\"ListItem\",\"position\":2,\"name\":\"Il Covid non \u00e8 un&#8217;ammonizione dal cielo\"}]},{\"@type\":\"WebSite\",\"@id\":\"https:\/\/ilfoglio.info\/new\/#website\",\"url\":\"https:\/\/ilfoglio.info\/new\/\",\"name\":\"Il Foglio\",\"description\":\"\",\"publisher\":{\"@id\":\"https:\/\/ilfoglio.info\/new\/#organization\"},\"potentialAction\":[{\"@type\":\"SearchAction\",\"target\":{\"@type\":\"EntryPoint\",\"urlTemplate\":\"https:\/\/ilfoglio.info\/new\/?s={search_term_string}\"},\"query-input\":{\"@type\":\"PropertyValueSpecification\",\"valueRequired\":true,\"valueName\":\"search_term_string\"}}],\"inLanguage\":\"it-IT\"},{\"@type\":\"Organization\",\"@id\":\"https:\/\/ilfoglio.info\/new\/#organization\",\"name\":\"Istituto delle Suore Francescane Elisabettine\",\"url\":\"https:\/\/ilfoglio.info\/new\/\",\"logo\":{\"@type\":\"ImageObject\",\"inLanguage\":\"it-IT\",\"@id\":\"https:\/\/ilfoglio.info\/new\/#\/schema\/logo\/image\/\",\"url\":\"https:\/\/ilfoglio.info\/new\/wp-content\/uploads\/2022\/05\/logo-imm-profilo-fb-01.png\",\"contentUrl\":\"https:\/\/ilfoglio.info\/new\/wp-content\/uploads\/2022\/05\/logo-imm-profilo-fb-01.png\",\"width\":708,\"height\":708,\"caption\":\"Istituto delle Suore Francescane Elisabettine\"},\"image\":{\"@id\":\"https:\/\/ilfoglio.info\/new\/#\/schema\/logo\/image\/\"},\"sameAs\":[\"https:\/\/www.facebook.com\/Francescane-Elisabettine-Pastorale-Giovanile-Vocazionale-403083793120929\",\"https:\/\/www.instagram.com\/evocate__\/?hl=it\"]},{\"@type\":\"Person\",\"@id\":\"https:\/\/ilfoglio.info\/new\/#\/schema\/person\/5150427490ca6594c569bc8c02001918\",\"name\":\"Mauro Pedrazzoli\",\"image\":{\"@type\":\"ImageObject\",\"inLanguage\":\"it-IT\",\"@id\":\"https:\/\/ilfoglio.info\/new\/#\/schema\/person\/image\/\",\"url\":\"https:\/\/secure.gravatar.com\/avatar\/27fa5c25bf3dd76657fb8ddb6dcf11fae23ce588752530e85d42262437504ef8?s=96&d=mm&r=g\",\"contentUrl\":\"https:\/\/secure.gravatar.com\/avatar\/27fa5c25bf3dd76657fb8ddb6dcf11fae23ce588752530e85d42262437504ef8?s=96&d=mm&r=g\",\"caption\":\"Mauro Pedrazzoli\"},\"url\":\"https:\/\/ilfoglio.info\/new\/author\/mauro-pedrazzoli\/\"}]}<\/script>\n<!-- \/ Yoast SEO plugin. -->","yoast_head_json":{"title":"Il Covid non \u00e8 un'ammonizione dal cielo - Il Foglio","robots":{"index":"index","follow":"follow","max-snippet":"max-snippet:-1","max-image-preview":"max-image-preview:large","max-video-preview":"max-video-preview:-1"},"canonical":"https:\/\/ilfoglio.info\/new\/il-covid-non-e-unammonizione-dal-cielo\/","og_locale":"it_IT","og_type":"article","og_title":"Il Covid non \u00e8 un'ammonizione dal cielo - Il Foglio","og_description":"Vangelo della 3\u00aa domenica di quaresima (Luca 13,1-9) Dato che la conversione (metanoia) \u00e8 un tema squisitamente quaresimale, per questa terza domenica \u00e8 stato scelto il brano di Lc 13,1-9, in cui si ripete due volte (Lc 13,3b.5b): \u00abSe non vi convertite [al presente nel 3b; al futuro \u201cse non vi convertirete\u201d nel 5b], perirete [&hellip;]","og_url":"https:\/\/ilfoglio.info\/new\/il-covid-non-e-unammonizione-dal-cielo\/","og_site_name":"Il Foglio","article_publisher":"https:\/\/www.facebook.com\/Francescane-Elisabettine-Pastorale-Giovanile-Vocazionale-403083793120929","article_published_time":"2025-03-21T07:00:00+00:00","article_modified_time":"2025-03-22T07:47:19+00:00","og_image":[{"width":777,"height":437,"url":"https:\/\/ilfoglio.info\/new\/wp-content\/uploads\/2025\/03\/torre-caduta.jpg","type":"image\/jpeg"}],"author":"Mauro Pedrazzoli","twitter_card":"summary_large_image","twitter_misc":{"Scritto da":"Mauro Pedrazzoli","Tempo di lettura stimato":"8 minuti"},"schema":{"@context":"https:\/\/schema.org","@graph":[{"@type":"Article","@id":"https:\/\/ilfoglio.info\/new\/il-covid-non-e-unammonizione-dal-cielo\/#article","isPartOf":{"@id":"https:\/\/ilfoglio.info\/new\/il-covid-non-e-unammonizione-dal-cielo\/"},"author":{"name":"Mauro Pedrazzoli","@id":"https:\/\/ilfoglio.info\/new\/#\/schema\/person\/5150427490ca6594c569bc8c02001918"},"headline":"Il Covid non \u00e8 un&#8217;ammonizione dal cielo","datePublished":"2025-03-21T07:00:00+00:00","dateModified":"2025-03-22T07:47:19+00:00","mainEntityOfPage":{"@id":"https:\/\/ilfoglio.info\/new\/il-covid-non-e-unammonizione-dal-cielo\/"},"wordCount":1286,"commentCount":0,"publisher":{"@id":"https:\/\/ilfoglio.info\/new\/#organization"},"image":{"@id":"https:\/\/ilfoglio.info\/new\/il-covid-non-e-unammonizione-dal-cielo\/#primaryimage"},"thumbnailUrl":"https:\/\/ilfoglio.info\/new\/wp-content\/uploads\/2025\/03\/torre-caduta.jpg","articleSection":["Bibbia, teologia e religioni","News"],"inLanguage":"it-IT","potentialAction":[{"@type":"CommentAction","name":"Comment","target":["https:\/\/ilfoglio.info\/new\/il-covid-non-e-unammonizione-dal-cielo\/#respond"]}]},{"@type":"WebPage","@id":"https:\/\/ilfoglio.info\/new\/il-covid-non-e-unammonizione-dal-cielo\/","url":"https:\/\/ilfoglio.info\/new\/il-covid-non-e-unammonizione-dal-cielo\/","name":"Il Covid non \u00e8 un'ammonizione dal cielo - Il Foglio","isPartOf":{"@id":"https:\/\/ilfoglio.info\/new\/#website"},"primaryImageOfPage":{"@id":"https:\/\/ilfoglio.info\/new\/il-covid-non-e-unammonizione-dal-cielo\/#primaryimage"},"image":{"@id":"https:\/\/ilfoglio.info\/new\/il-covid-non-e-unammonizione-dal-cielo\/#primaryimage"},"thumbnailUrl":"https:\/\/ilfoglio.info\/new\/wp-content\/uploads\/2025\/03\/torre-caduta.jpg","datePublished":"2025-03-21T07:00:00+00:00","dateModified":"2025-03-22T07:47:19+00:00","breadcrumb":{"@id":"https:\/\/ilfoglio.info\/new\/il-covid-non-e-unammonizione-dal-cielo\/#breadcrumb"},"inLanguage":"it-IT","potentialAction":[{"@type":"ReadAction","target":["https:\/\/ilfoglio.info\/new\/il-covid-non-e-unammonizione-dal-cielo\/"]}]},{"@type":"ImageObject","inLanguage":"it-IT","@id":"https:\/\/ilfoglio.info\/new\/il-covid-non-e-unammonizione-dal-cielo\/#primaryimage","url":"https:\/\/ilfoglio.info\/new\/wp-content\/uploads\/2025\/03\/torre-caduta.jpg","contentUrl":"https:\/\/ilfoglio.info\/new\/wp-content\/uploads\/2025\/03\/torre-caduta.jpg","width":777,"height":437},{"@type":"BreadcrumbList","@id":"https:\/\/ilfoglio.info\/new\/il-covid-non-e-unammonizione-dal-cielo\/#breadcrumb","itemListElement":[{"@type":"ListItem","position":1,"name":"Home","item":"https:\/\/ilfoglio.info\/new\/"},{"@type":"ListItem","position":2,"name":"Il Covid non \u00e8 un&#8217;ammonizione dal cielo"}]},{"@type":"WebSite","@id":"https:\/\/ilfoglio.info\/new\/#website","url":"https:\/\/ilfoglio.info\/new\/","name":"Il Foglio","description":"","publisher":{"@id":"https:\/\/ilfoglio.info\/new\/#organization"},"potentialAction":[{"@type":"SearchAction","target":{"@type":"EntryPoint","urlTemplate":"https:\/\/ilfoglio.info\/new\/?s={search_term_string}"},"query-input":{"@type":"PropertyValueSpecification","valueRequired":true,"valueName":"search_term_string"}}],"inLanguage":"it-IT"},{"@type":"Organization","@id":"https:\/\/ilfoglio.info\/new\/#organization","name":"Istituto delle Suore Francescane Elisabettine","url":"https:\/\/ilfoglio.info\/new\/","logo":{"@type":"ImageObject","inLanguage":"it-IT","@id":"https:\/\/ilfoglio.info\/new\/#\/schema\/logo\/image\/","url":"https:\/\/ilfoglio.info\/new\/wp-content\/uploads\/2022\/05\/logo-imm-profilo-fb-01.png","contentUrl":"https:\/\/ilfoglio.info\/new\/wp-content\/uploads\/2022\/05\/logo-imm-profilo-fb-01.png","width":708,"height":708,"caption":"Istituto delle Suore Francescane Elisabettine"},"image":{"@id":"https:\/\/ilfoglio.info\/new\/#\/schema\/logo\/image\/"},"sameAs":["https:\/\/www.facebook.com\/Francescane-Elisabettine-Pastorale-Giovanile-Vocazionale-403083793120929","https:\/\/www.instagram.com\/evocate__\/?hl=it"]},{"@type":"Person","@id":"https:\/\/ilfoglio.info\/new\/#\/schema\/person\/5150427490ca6594c569bc8c02001918","name":"Mauro Pedrazzoli","image":{"@type":"ImageObject","inLanguage":"it-IT","@id":"https:\/\/ilfoglio.info\/new\/#\/schema\/person\/image\/","url":"https:\/\/secure.gravatar.com\/avatar\/27fa5c25bf3dd76657fb8ddb6dcf11fae23ce588752530e85d42262437504ef8?s=96&d=mm&r=g","contentUrl":"https:\/\/secure.gravatar.com\/avatar\/27fa5c25bf3dd76657fb8ddb6dcf11fae23ce588752530e85d42262437504ef8?s=96&d=mm&r=g","caption":"Mauro Pedrazzoli"},"url":"https:\/\/ilfoglio.info\/new\/author\/mauro-pedrazzoli\/"}]}},"_links":{"self":[{"href":"https:\/\/ilfoglio.info\/new\/wp-json\/wp\/v2\/posts\/3040","targetHints":{"allow":["GET"]}}],"collection":[{"href":"https:\/\/ilfoglio.info\/new\/wp-json\/wp\/v2\/posts"}],"about":[{"href":"https:\/\/ilfoglio.info\/new\/wp-json\/wp\/v2\/types\/post"}],"author":[{"embeddable":true,"href":"https:\/\/ilfoglio.info\/new\/wp-json\/wp\/v2\/users\/29"}],"replies":[{"embeddable":true,"href":"https:\/\/ilfoglio.info\/new\/wp-json\/wp\/v2\/comments?post=3040"}],"version-history":[{"count":2,"href":"https:\/\/ilfoglio.info\/new\/wp-json\/wp\/v2\/posts\/3040\/revisions"}],"predecessor-version":[{"id":3043,"href":"https:\/\/ilfoglio.info\/new\/wp-json\/wp\/v2\/posts\/3040\/revisions\/3043"}],"wp:featuredmedia":[{"embeddable":true,"href":"https:\/\/ilfoglio.info\/new\/wp-json\/wp\/v2\/media\/3041"}],"wp:attachment":[{"href":"https:\/\/ilfoglio.info\/new\/wp-json\/wp\/v2\/media?parent=3040"}],"wp:term":[{"taxonomy":"category","embeddable":true,"href":"https:\/\/ilfoglio.info\/new\/wp-json\/wp\/v2\/categories?post=3040"},{"taxonomy":"post_tag","embeddable":true,"href":"https:\/\/ilfoglio.info\/new\/wp-json\/wp\/v2\/tags?post=3040"}],"curies":[{"name":"wp","href":"https:\/\/api.w.org\/{rel}","templated":true}]}}