{"id":3060,"date":"2025-04-02T08:00:00","date_gmt":"2025-04-02T06:00:00","guid":{"rendered":"https:\/\/ilfoglio.info\/new\/?p=3060"},"modified":"2025-04-02T07:30:16","modified_gmt":"2025-04-02T05:30:16","slug":"una-cartolina-da","status":"publish","type":"post","link":"https:\/\/ilfoglio.info\/new\/una-cartolina-da\/","title":{"rendered":"Una cartolina da\u2026"},"content":{"rendered":"\n<p><strong><em>Registro di scuola 2024-2025 \/ 2<\/em><\/strong><\/p>\n\n\n\n<p><\/p>\n\n\n\n<p class=\"has-text-align-right\"><em>30 settembre<\/em><\/p>\n\n\n\n<p><strong>In mezzo al campo vuoto<\/strong>. In queste prime settimane di scuola, capita una cosa bella, che succede raramente: sono curioso di leggere che cosa (mi) hanno scritto i miei allievi nelle vacanze di quarta. Ben altri sentimenti accompagnano la lettura dei \u201ctemi\u201d durante l\u2019anno\u2026 D\u2019estate faccio scrivere alcune \u00abCartoline da\u2026\u00bb: non necessariamente da un luogo, piuttosto da una situazione, da uno stato d\u2019animo, da qualcosa che ti \u00e8 successo. E non \u00e8 la prima volta che faccio questa constatazione: se do la possibilit\u00e0 a un\/a allievo\/a di scrivere quello che vuole, a volte emerge qualcosa che mi lascia stupefatto per la sua \u201cperfezione\u201d. Piccoli pezzi pressoch\u00e9 \u201cperfetti\u201d. Forse perch\u00e9 era il momento giusto, forse per la possibilit\u00e0 di toccare qualsiasi argomento. I due \u201ctemi\u201d di cui pubblico un estratto li ho letti e riletti anche davanti alla classe con piacere, perch\u00e9 mostrano la verit\u00e0 di quella frase di Cicerone: <em>rem tene, verba sequentur<\/em>, cio\u00e8 se padroneggi quel che vuoi dire, poi la forma trova la sua strada. La prima \u00abcartolina\u00bb viene da un luogo particolare: un campo da basket.<\/p>\n\n\n\n<p>\u00abScrivo da un luogo che ho conosciuto bene: un campo da basket. Ma oggi non ci sono rimbalzi, non ci sono passi veloci sul parquet n\u00e9 il suono della palla che attraversa la retina. \u00c8 un campo vuoto, e io sono qui, seduto al bordo, a guardare questo spazio che \u00e8 stato parte di me per cos\u00ec tanto tempo.<\/p>\n\n\n\n<p>Lasciare il basket non \u00e8 stato facile. \u00c8 come se una parte della mia identit\u00e0 fosse scivolata via, lasciando un vuoto difficile da riempire. Quando ero pi\u00f9 piccolo, il basket era il mio rifugio. Ogni allenamento, ogni partita, era un\u2019opportunit\u00e0 per dimenticare tutto il resto e concentrarmi solo sul gioco. Correvo avanti e indietro sul campo come se niente potesse fermarmi, ogni canestro una piccola vittoria, ogni passaggio una connessione con i miei compagni.<\/p>\n\n\n\n<p>Anche il fatto di aver cambiato squadra anni fa ha inciso molto: ero abituato a giocare con i miei compagni che ormai conoscevo alla perfezione, con cui avevo condiviso momenti di estrema gioia e grandi momenti di tristezza. Mi sono trovato a dover giocare con degli sconosciuti che non avevano bisogno di me in campo e credo che il punto di non ritorno in questo limbo di tristezza e di indecisione sia stato proprio quando ho pensato \u201cnessuno ha pi\u00f9 bisogno di me ora\u201d.<\/p>\n\n\n\n<p>E col tempo, il mio corpo ha iniziato a tradirmi. Gli infortuni sono diventati una costante: varie distorsioni alle caviglie, tendini infiammati e ginocchia fragili. Ogni volta che mi rialzavo, sembrava che qualcosa dentro di me si spezzasse un po&#8217; di pi\u00f9. La mia fiducia \u00e8 stata la prima a cedere. Quelle che un tempo erano semplici cadute, incidenti di percorso, sono diventate ostacoli quasi insormontabili. Cominciavo a sentirmi inadeguato, come se fossi fuori posto in quel mondo che avevo amato cos\u00ec tanto.<\/p>\n\n\n\n<p>Non \u00e8 stato solo il dolore fisico a convincermi a smettere, ma anche il peso di sentirmi lontano dal giocatore che ero prima. Prima del Covid, ero considerato uno dei 30 giocatori pi\u00f9 forti del Piemonte. Le mie mani conoscevano l\u2019andamento della palla come fosse un&#8217;estensione del mio corpo. C&#8217;erano momenti in cui il tempo sembrava fermarsi, e tutto ci\u00f2 che esisteva era il cerchio davanti a me. Ora quel ragazzo sembra un estraneo, un ricordo di una vita passata.<\/p>\n\n\n\n<p>La decisione di lasciare \u00e8 arrivata lentamente, come una nebbia che cala silenziosa. Mi sono trovato a desiderare di tornare indietro, di sentire ancora quell&#8217;adrenalina prima di una partita importante, di urlare con i miei compagni dopo un canestro all&#8217;ultimo secondo. Ma ogni ritorno sul campo era accompagnato dalla paura, dal dubbio, dalla sensazione di non appartenere pi\u00f9 a quel mondo.<\/p>\n\n\n\n<p>Ora guardo indietro con un misto di tristezza e gratitudine. Tristezza per ci\u00f2 che ho dovuto lasciare andare, per le volte in cui ho immaginato di poter giocare per sempre. Ma anche gratitudine per tutto quello che il basket mi ha dato: le amicizie, le vittorie sudate, le lezioni di disciplina e di lavoro di squadra. Non rinnego nulla di quello che \u00e8 stato, ma sento che \u00e8 il momento di cercare un nuovo campo da esplorare, un nuovo gioco che mi sfidi e mi faccia sentire vivo come il basket ha fatto per cos\u00ec tanto tempo.<\/p>\n\n\n\n<p>Quindi eccomi qui, seduto su questo campo vuoto, a fare pace con il passato e a guardare avanti, sperando di trovare la mia prossima sfida\u00bb (Luca).<\/p>\n\n\n\n<p><\/p>\n\n\n\n<p><strong>Non devo aver paura<\/strong>. La seconda cartolina, che viene da Barcellona, \u00e8 rivolta alla madre, e tratta di un tema fin troppo attuale, con una scrittura assai efficace. \u00abSono a Barcellona da sola e ho paura. Mi sono fatta degli amici alla scuola di spagnolo, e stasera dovevo uscire con loro. Non abitano nel mio stesso quartiere, il loro si chiama <em>Poblenou<\/em>. Non \u00e8 molto carino, \u00e8 un po\u2019 lontano dal centro, non \u00e8 turistico e pu\u00f2 sembrare sporco e trasandato di giorno, ma di notte si trasforma e mi piace: c\u2019\u00e8 sempre tanta folla, anche di marted\u00ec, c\u2019\u00e8 molta musica e abbastanza luce, pure di notte. Per arrivarci devo prendere la metro.<\/p>\n\n\n\n<p>Il quartiere dove pernotto io \u00e8 proprio bello, come mi avevi detto mamma. \u00c8 a fianco alla Sagrada Familia, ma di sera non mi piace per niente: i turisti non ci sono, le strade sono vuote e le poche facce che incontro non sembrano amichevoli, non c\u2019\u00e8 musica e non c\u2019\u00e8 molta luce.<\/p>\n\n\n\n<p>La camminata per la metro \u00e8 di dieci minuti. Io la faccio in cinque. Vado veloce per arrivare alla luce, alla folla della metro, in sicurezza. Oggi non ci sono arrivata. Uscita da casa ho svoltato a destra, come sempre, e ho sentito qualcuno dietro di me, ho svoltato a sinistra e anche la persona dietro di me ha svoltato a sinistra. Mi sento in colpa perch\u00e9 non so se era davvero malintenzionato, non so se mi stava davvero seguendo e non lo sapr\u00f2 mai, ma ero da sola, senza folla, senza musica, senza luce, e avevo paura. Non posso pensare che tutti gli uomini siano cattivi, ma \u00e8 sempre un uomo che lo \u00e8. Quindi sono tornata a casa, quasi correndo, e mi sono rassicurata solo quando ho chiuso la porta del mio appartamento a chiave.<\/p>\n\n\n\n<p>Non sono uscita con i miei amici stasera, ma io volevo. Forse mi sono preoccupata cos\u00ec tanto per quello che \u00e8 successo in quel negozio la settimana scorsa. Sono andata con pap\u00e0 a comprare degli articoli scolastici da portare in Spagna perch\u00e9 volevo impegnarmi in quella scuola e migliorare davvero il mio spagnolo. Pap\u00e0 \u00e8 andato nel supermercato accanto per fare la spesa per la cena e io sono andata nel negozio in cui andiamo sempre. La corsia della cartoleria \u00e8 la prima. Mi piace guardare attentamente tutti gli articoli che offrono, e prendermi il mio tempo per scegliere cosa comprare, affinch\u00e9 sia perfetto.<\/p>\n\n\n\n<p>Poco dopo essere entrata nel negozio un ragazzo pi\u00f9 grande di me si \u00e8 avvicinato e mi ha iniziato a riempire di domande su cosa vendessero l\u00ec. All\u2019inizio ho provato a rispondere, non ci vedevo niente di male, ma poi lui ha provato ad avvicinarsi sempre un po\u2019 di pi\u00f9, e le domande hanno iniziato a mettermi a disagio: \u201cCome ti chiami?\u201d. Un altro passo verso di me. \u201cChe ci fai qua da sola?\u201d, mentre provava a sfiorarmi il braccio. \u201cPosso darti un abbraccio?\u201d. Non credevo di aver sentito bene. \u201cCosa?\u201d \u201cPosso darti un abbraccio?\u201d. Mi sono sentita in colpa, proprio come per l\u2019uomo che forse mi ha seguita a Barcellona. \u201cNo, scusa.\u201d. Dopo la mia risposta se n\u2019\u00e8 andato e io ho continuato ad osservare i prodotti, anche se non pi\u00f9 con l\u2019entusiasmo con cui ero entrata. Mi continuavo a guardare indietro e non sapevo pi\u00f9 davvero cosa stavo cercando. Dopo poco ho trovato un quaderno bellissimo, come me lo ero immaginato: piccolo abbastanza da tenere in borsa, del mio colore preferito e ad anelli, come piace a me. L\u2019ho preso e mi sono voltata per andare alle casse. Il ragazzo era tornato l\u00ec, a pochi passi da me, e mi stava osservando. Io gli ho sorriso perch\u00e9 mi faceva pena, non volevo pensare che fosse cattivo, ma lui ha ripreso con le domande e si \u00e8 avvicinato di nuovo. Mi ha chiesto se poteva abbracciarmi, stringermi la mano. \u201cNo, scusa.\u201d, gli ho ripetuto. Questa volta non \u00e8 andato via, ha insistito. Ho avuto paura. Il negozio era pieno, eppure mi sentivo completamente sola, senza sapere come reagire. Pap\u00e0 era nel negozio accanto, eppure mi sentivo indifesa. Ho posato il quaderno, anche se era davvero bello, sono corsa fuori e mi sono guardata indietro ad ogni passo, sperando che non mi seguisse, pregando che mi lasciasse in pace e che fossi io ad esagerare, convincendomi che fosse tutto nella mia mente. Solo quando ho abbracciato pap\u00e0 nella corsia dei surgelati mi sono sentita sicura. Non ho comprato un quaderno nuovo e sono partita senza. Ma io lo volevo.<\/p>\n\n\n\n<p>Mi meritavo quel quaderno, come mi meritavo di uscire con i miei amici anche se erano lontani e mi meritavo di non avere paura. Non volevo averne, eppure c\u2019era, anche se forse ingiustificata. Perch\u00e9 non tutti gli uomini sono cattivi, ma \u00e8 sempre un uomo che lo \u00e8. E come faccio a differenziarli? Non voglio pi\u00f9 avere paura, mamma, ma come posso fare?\u00bb (Sara).<\/p>\n","protected":false},"excerpt":{"rendered":"<p>Registro di scuola 2024-2025 \/ 2 30 settembre In mezzo al campo vuoto. In queste prime settimane di scuola, capita una cosa bella, che succede raramente: sono curioso di leggere che cosa (mi) hanno scritto i miei allievi nelle vacanze di quarta. Ben altri sentimenti accompagnano la lettura dei \u201ctemi\u201d durante l\u2019anno\u2026 D\u2019estate faccio scrivere [&hellip;]<\/p>\n","protected":false},"author":31,"featured_media":3061,"comment_status":"open","ping_status":"open","sticky":false,"template":"","format":"standard","meta":{"_et_pb_use_builder":"off","_et_pb_old_content":"","_et_gb_content_width":"","footnotes":""},"categories":[1,228],"tags":[634,344,394,360,635],"class_list":["post-3060","post","type-post","status-publish","format-standard","has-post-thumbnail","hentry","category-news","category-zibaldone","tag-basket","tag-donne","tag-scuola","tag-simoncini","tag-tema"],"yoast_head":"<!-- This site is optimized with the Yoast SEO plugin v26.4 - https:\/\/yoast.com\/wordpress\/plugins\/seo\/ -->\n<title>Una cartolina da\u2026 - Il Foglio<\/title>\n<meta name=\"robots\" content=\"index, follow, max-snippet:-1, max-image-preview:large, max-video-preview:-1\" \/>\n<link rel=\"canonical\" href=\"https:\/\/ilfoglio.info\/new\/una-cartolina-da\/\" \/>\n<meta property=\"og:locale\" content=\"it_IT\" \/>\n<meta property=\"og:type\" content=\"article\" \/>\n<meta property=\"og:title\" content=\"Una cartolina da\u2026 - Il Foglio\" \/>\n<meta property=\"og:description\" content=\"Registro di scuola 2024-2025 \/ 2 30 settembre In mezzo al campo vuoto. In queste prime settimane di scuola, capita una cosa bella, che succede raramente: sono curioso di leggere che cosa (mi) hanno scritto i miei allievi nelle vacanze di quarta. Ben altri sentimenti accompagnano la lettura dei \u201ctemi\u201d durante l\u2019anno\u2026 D\u2019estate faccio scrivere [&hellip;]\" \/>\n<meta property=\"og:url\" content=\"https:\/\/ilfoglio.info\/new\/una-cartolina-da\/\" \/>\n<meta property=\"og:site_name\" content=\"Il Foglio\" \/>\n<meta property=\"article:publisher\" content=\"https:\/\/www.facebook.com\/Francescane-Elisabettine-Pastorale-Giovanile-Vocazionale-403083793120929\" \/>\n<meta property=\"article:published_time\" content=\"2025-04-02T06:00:00+00:00\" \/>\n<meta property=\"og:image\" content=\"https:\/\/ilfoglio.info\/new\/wp-content\/uploads\/2025\/04\/Campo_da_basket-scaled.jpg\" \/>\n\t<meta property=\"og:image:width\" content=\"2560\" \/>\n\t<meta property=\"og:image:height\" content=\"1920\" \/>\n\t<meta property=\"og:image:type\" content=\"image\/jpeg\" \/>\n<meta name=\"author\" content=\"Savio Simoncini\" \/>\n<meta name=\"twitter:card\" content=\"summary_large_image\" \/>\n<meta name=\"twitter:label1\" content=\"Scritto da\" \/>\n\t<meta name=\"twitter:data1\" content=\"Savio Simoncini\" \/>\n\t<meta name=\"twitter:label2\" content=\"Tempo di lettura stimato\" \/>\n\t<meta name=\"twitter:data2\" content=\"9 minuti\" \/>\n<script type=\"application\/ld+json\" class=\"yoast-schema-graph\">{\"@context\":\"https:\/\/schema.org\",\"@graph\":[{\"@type\":\"Article\",\"@id\":\"https:\/\/ilfoglio.info\/new\/una-cartolina-da\/#article\",\"isPartOf\":{\"@id\":\"https:\/\/ilfoglio.info\/new\/una-cartolina-da\/\"},\"author\":{\"name\":\"Savio Simoncini\",\"@id\":\"https:\/\/ilfoglio.info\/new\/#\/schema\/person\/75c9ffb765b6f61bfb22c1558c3b3da5\"},\"headline\":\"Una cartolina da\u2026\",\"datePublished\":\"2025-04-02T06:00:00+00:00\",\"mainEntityOfPage\":{\"@id\":\"https:\/\/ilfoglio.info\/new\/una-cartolina-da\/\"},\"wordCount\":1558,\"commentCount\":0,\"publisher\":{\"@id\":\"https:\/\/ilfoglio.info\/new\/#organization\"},\"image\":{\"@id\":\"https:\/\/ilfoglio.info\/new\/una-cartolina-da\/#primaryimage\"},\"thumbnailUrl\":\"https:\/\/ilfoglio.info\/new\/wp-content\/uploads\/2025\/04\/Campo_da_basket-scaled.jpg\",\"keywords\":[\"basket\",\"donne\",\"scuola\",\"simoncini\",\"tema\"],\"articleSection\":[\"News\",\"Zibaldone\"],\"inLanguage\":\"it-IT\",\"potentialAction\":[{\"@type\":\"CommentAction\",\"name\":\"Comment\",\"target\":[\"https:\/\/ilfoglio.info\/new\/una-cartolina-da\/#respond\"]}]},{\"@type\":\"WebPage\",\"@id\":\"https:\/\/ilfoglio.info\/new\/una-cartolina-da\/\",\"url\":\"https:\/\/ilfoglio.info\/new\/una-cartolina-da\/\",\"name\":\"Una cartolina da\u2026 - Il Foglio\",\"isPartOf\":{\"@id\":\"https:\/\/ilfoglio.info\/new\/#website\"},\"primaryImageOfPage\":{\"@id\":\"https:\/\/ilfoglio.info\/new\/una-cartolina-da\/#primaryimage\"},\"image\":{\"@id\":\"https:\/\/ilfoglio.info\/new\/una-cartolina-da\/#primaryimage\"},\"thumbnailUrl\":\"https:\/\/ilfoglio.info\/new\/wp-content\/uploads\/2025\/04\/Campo_da_basket-scaled.jpg\",\"datePublished\":\"2025-04-02T06:00:00+00:00\",\"breadcrumb\":{\"@id\":\"https:\/\/ilfoglio.info\/new\/una-cartolina-da\/#breadcrumb\"},\"inLanguage\":\"it-IT\",\"potentialAction\":[{\"@type\":\"ReadAction\",\"target\":[\"https:\/\/ilfoglio.info\/new\/una-cartolina-da\/\"]}]},{\"@type\":\"ImageObject\",\"inLanguage\":\"it-IT\",\"@id\":\"https:\/\/ilfoglio.info\/new\/una-cartolina-da\/#primaryimage\",\"url\":\"https:\/\/ilfoglio.info\/new\/wp-content\/uploads\/2025\/04\/Campo_da_basket-scaled.jpg\",\"contentUrl\":\"https:\/\/ilfoglio.info\/new\/wp-content\/uploads\/2025\/04\/Campo_da_basket-scaled.jpg\",\"width\":2560,\"height\":1920},{\"@type\":\"BreadcrumbList\",\"@id\":\"https:\/\/ilfoglio.info\/new\/una-cartolina-da\/#breadcrumb\",\"itemListElement\":[{\"@type\":\"ListItem\",\"position\":1,\"name\":\"Home\",\"item\":\"https:\/\/ilfoglio.info\/new\/\"},{\"@type\":\"ListItem\",\"position\":2,\"name\":\"Una cartolina da\u2026\"}]},{\"@type\":\"WebSite\",\"@id\":\"https:\/\/ilfoglio.info\/new\/#website\",\"url\":\"https:\/\/ilfoglio.info\/new\/\",\"name\":\"Il Foglio\",\"description\":\"\",\"publisher\":{\"@id\":\"https:\/\/ilfoglio.info\/new\/#organization\"},\"potentialAction\":[{\"@type\":\"SearchAction\",\"target\":{\"@type\":\"EntryPoint\",\"urlTemplate\":\"https:\/\/ilfoglio.info\/new\/?s={search_term_string}\"},\"query-input\":{\"@type\":\"PropertyValueSpecification\",\"valueRequired\":true,\"valueName\":\"search_term_string\"}}],\"inLanguage\":\"it-IT\"},{\"@type\":\"Organization\",\"@id\":\"https:\/\/ilfoglio.info\/new\/#organization\",\"name\":\"Istituto delle Suore Francescane Elisabettine\",\"url\":\"https:\/\/ilfoglio.info\/new\/\",\"logo\":{\"@type\":\"ImageObject\",\"inLanguage\":\"it-IT\",\"@id\":\"https:\/\/ilfoglio.info\/new\/#\/schema\/logo\/image\/\",\"url\":\"https:\/\/ilfoglio.info\/new\/wp-content\/uploads\/2022\/05\/logo-imm-profilo-fb-01.png\",\"contentUrl\":\"https:\/\/ilfoglio.info\/new\/wp-content\/uploads\/2022\/05\/logo-imm-profilo-fb-01.png\",\"width\":708,\"height\":708,\"caption\":\"Istituto delle Suore Francescane Elisabettine\"},\"image\":{\"@id\":\"https:\/\/ilfoglio.info\/new\/#\/schema\/logo\/image\/\"},\"sameAs\":[\"https:\/\/www.facebook.com\/Francescane-Elisabettine-Pastorale-Giovanile-Vocazionale-403083793120929\",\"https:\/\/www.instagram.com\/evocate__\/?hl=it\"]},{\"@type\":\"Person\",\"@id\":\"https:\/\/ilfoglio.info\/new\/#\/schema\/person\/75c9ffb765b6f61bfb22c1558c3b3da5\",\"name\":\"Savio Simoncini\",\"image\":{\"@type\":\"ImageObject\",\"inLanguage\":\"it-IT\",\"@id\":\"https:\/\/ilfoglio.info\/new\/#\/schema\/person\/image\/\",\"url\":\"https:\/\/secure.gravatar.com\/avatar\/19554233aea4ad8ea84fcb532b333306127e8b267c972e4d8de7a47e5d73ce37?s=96&d=mm&r=g\",\"contentUrl\":\"https:\/\/secure.gravatar.com\/avatar\/19554233aea4ad8ea84fcb532b333306127e8b267c972e4d8de7a47e5d73ce37?s=96&d=mm&r=g\",\"caption\":\"Savio Simoncini\"},\"url\":\"https:\/\/ilfoglio.info\/new\/author\/savio-simoncini\/\"}]}<\/script>\n<!-- \/ Yoast SEO plugin. -->","yoast_head_json":{"title":"Una cartolina da\u2026 - Il Foglio","robots":{"index":"index","follow":"follow","max-snippet":"max-snippet:-1","max-image-preview":"max-image-preview:large","max-video-preview":"max-video-preview:-1"},"canonical":"https:\/\/ilfoglio.info\/new\/una-cartolina-da\/","og_locale":"it_IT","og_type":"article","og_title":"Una cartolina da\u2026 - Il Foglio","og_description":"Registro di scuola 2024-2025 \/ 2 30 settembre In mezzo al campo vuoto. In queste prime settimane di scuola, capita una cosa bella, che succede raramente: sono curioso di leggere che cosa (mi) hanno scritto i miei allievi nelle vacanze di quarta. Ben altri sentimenti accompagnano la lettura dei \u201ctemi\u201d durante l\u2019anno\u2026 D\u2019estate faccio scrivere [&hellip;]","og_url":"https:\/\/ilfoglio.info\/new\/una-cartolina-da\/","og_site_name":"Il Foglio","article_publisher":"https:\/\/www.facebook.com\/Francescane-Elisabettine-Pastorale-Giovanile-Vocazionale-403083793120929","article_published_time":"2025-04-02T06:00:00+00:00","og_image":[{"width":2560,"height":1920,"url":"https:\/\/ilfoglio.info\/new\/wp-content\/uploads\/2025\/04\/Campo_da_basket-scaled.jpg","type":"image\/jpeg"}],"author":"Savio Simoncini","twitter_card":"summary_large_image","twitter_misc":{"Scritto da":"Savio Simoncini","Tempo di lettura stimato":"9 minuti"},"schema":{"@context":"https:\/\/schema.org","@graph":[{"@type":"Article","@id":"https:\/\/ilfoglio.info\/new\/una-cartolina-da\/#article","isPartOf":{"@id":"https:\/\/ilfoglio.info\/new\/una-cartolina-da\/"},"author":{"name":"Savio Simoncini","@id":"https:\/\/ilfoglio.info\/new\/#\/schema\/person\/75c9ffb765b6f61bfb22c1558c3b3da5"},"headline":"Una cartolina da\u2026","datePublished":"2025-04-02T06:00:00+00:00","mainEntityOfPage":{"@id":"https:\/\/ilfoglio.info\/new\/una-cartolina-da\/"},"wordCount":1558,"commentCount":0,"publisher":{"@id":"https:\/\/ilfoglio.info\/new\/#organization"},"image":{"@id":"https:\/\/ilfoglio.info\/new\/una-cartolina-da\/#primaryimage"},"thumbnailUrl":"https:\/\/ilfoglio.info\/new\/wp-content\/uploads\/2025\/04\/Campo_da_basket-scaled.jpg","keywords":["basket","donne","scuola","simoncini","tema"],"articleSection":["News","Zibaldone"],"inLanguage":"it-IT","potentialAction":[{"@type":"CommentAction","name":"Comment","target":["https:\/\/ilfoglio.info\/new\/una-cartolina-da\/#respond"]}]},{"@type":"WebPage","@id":"https:\/\/ilfoglio.info\/new\/una-cartolina-da\/","url":"https:\/\/ilfoglio.info\/new\/una-cartolina-da\/","name":"Una cartolina da\u2026 - Il Foglio","isPartOf":{"@id":"https:\/\/ilfoglio.info\/new\/#website"},"primaryImageOfPage":{"@id":"https:\/\/ilfoglio.info\/new\/una-cartolina-da\/#primaryimage"},"image":{"@id":"https:\/\/ilfoglio.info\/new\/una-cartolina-da\/#primaryimage"},"thumbnailUrl":"https:\/\/ilfoglio.info\/new\/wp-content\/uploads\/2025\/04\/Campo_da_basket-scaled.jpg","datePublished":"2025-04-02T06:00:00+00:00","breadcrumb":{"@id":"https:\/\/ilfoglio.info\/new\/una-cartolina-da\/#breadcrumb"},"inLanguage":"it-IT","potentialAction":[{"@type":"ReadAction","target":["https:\/\/ilfoglio.info\/new\/una-cartolina-da\/"]}]},{"@type":"ImageObject","inLanguage":"it-IT","@id":"https:\/\/ilfoglio.info\/new\/una-cartolina-da\/#primaryimage","url":"https:\/\/ilfoglio.info\/new\/wp-content\/uploads\/2025\/04\/Campo_da_basket-scaled.jpg","contentUrl":"https:\/\/ilfoglio.info\/new\/wp-content\/uploads\/2025\/04\/Campo_da_basket-scaled.jpg","width":2560,"height":1920},{"@type":"BreadcrumbList","@id":"https:\/\/ilfoglio.info\/new\/una-cartolina-da\/#breadcrumb","itemListElement":[{"@type":"ListItem","position":1,"name":"Home","item":"https:\/\/ilfoglio.info\/new\/"},{"@type":"ListItem","position":2,"name":"Una cartolina da\u2026"}]},{"@type":"WebSite","@id":"https:\/\/ilfoglio.info\/new\/#website","url":"https:\/\/ilfoglio.info\/new\/","name":"Il Foglio","description":"","publisher":{"@id":"https:\/\/ilfoglio.info\/new\/#organization"},"potentialAction":[{"@type":"SearchAction","target":{"@type":"EntryPoint","urlTemplate":"https:\/\/ilfoglio.info\/new\/?s={search_term_string}"},"query-input":{"@type":"PropertyValueSpecification","valueRequired":true,"valueName":"search_term_string"}}],"inLanguage":"it-IT"},{"@type":"Organization","@id":"https:\/\/ilfoglio.info\/new\/#organization","name":"Istituto delle Suore Francescane Elisabettine","url":"https:\/\/ilfoglio.info\/new\/","logo":{"@type":"ImageObject","inLanguage":"it-IT","@id":"https:\/\/ilfoglio.info\/new\/#\/schema\/logo\/image\/","url":"https:\/\/ilfoglio.info\/new\/wp-content\/uploads\/2022\/05\/logo-imm-profilo-fb-01.png","contentUrl":"https:\/\/ilfoglio.info\/new\/wp-content\/uploads\/2022\/05\/logo-imm-profilo-fb-01.png","width":708,"height":708,"caption":"Istituto delle Suore Francescane Elisabettine"},"image":{"@id":"https:\/\/ilfoglio.info\/new\/#\/schema\/logo\/image\/"},"sameAs":["https:\/\/www.facebook.com\/Francescane-Elisabettine-Pastorale-Giovanile-Vocazionale-403083793120929","https:\/\/www.instagram.com\/evocate__\/?hl=it"]},{"@type":"Person","@id":"https:\/\/ilfoglio.info\/new\/#\/schema\/person\/75c9ffb765b6f61bfb22c1558c3b3da5","name":"Savio Simoncini","image":{"@type":"ImageObject","inLanguage":"it-IT","@id":"https:\/\/ilfoglio.info\/new\/#\/schema\/person\/image\/","url":"https:\/\/secure.gravatar.com\/avatar\/19554233aea4ad8ea84fcb532b333306127e8b267c972e4d8de7a47e5d73ce37?s=96&d=mm&r=g","contentUrl":"https:\/\/secure.gravatar.com\/avatar\/19554233aea4ad8ea84fcb532b333306127e8b267c972e4d8de7a47e5d73ce37?s=96&d=mm&r=g","caption":"Savio Simoncini"},"url":"https:\/\/ilfoglio.info\/new\/author\/savio-simoncini\/"}]}},"_links":{"self":[{"href":"https:\/\/ilfoglio.info\/new\/wp-json\/wp\/v2\/posts\/3060","targetHints":{"allow":["GET"]}}],"collection":[{"href":"https:\/\/ilfoglio.info\/new\/wp-json\/wp\/v2\/posts"}],"about":[{"href":"https:\/\/ilfoglio.info\/new\/wp-json\/wp\/v2\/types\/post"}],"author":[{"embeddable":true,"href":"https:\/\/ilfoglio.info\/new\/wp-json\/wp\/v2\/users\/31"}],"replies":[{"embeddable":true,"href":"https:\/\/ilfoglio.info\/new\/wp-json\/wp\/v2\/comments?post=3060"}],"version-history":[{"count":4,"href":"https:\/\/ilfoglio.info\/new\/wp-json\/wp\/v2\/posts\/3060\/revisions"}],"predecessor-version":[{"id":3073,"href":"https:\/\/ilfoglio.info\/new\/wp-json\/wp\/v2\/posts\/3060\/revisions\/3073"}],"wp:featuredmedia":[{"embeddable":true,"href":"https:\/\/ilfoglio.info\/new\/wp-json\/wp\/v2\/media\/3061"}],"wp:attachment":[{"href":"https:\/\/ilfoglio.info\/new\/wp-json\/wp\/v2\/media?parent=3060"}],"wp:term":[{"taxonomy":"category","embeddable":true,"href":"https:\/\/ilfoglio.info\/new\/wp-json\/wp\/v2\/categories?post=3060"},{"taxonomy":"post_tag","embeddable":true,"href":"https:\/\/ilfoglio.info\/new\/wp-json\/wp\/v2\/tags?post=3060"}],"curies":[{"name":"wp","href":"https:\/\/api.w.org\/{rel}","templated":true}]}}