{"id":3605,"date":"2025-12-29T09:00:00","date_gmt":"2025-12-29T08:00:00","guid":{"rendered":"https:\/\/ilfoglio.info\/new\/?p=3605"},"modified":"2026-01-09T18:39:03","modified_gmt":"2026-01-09T17:39:03","slug":"norimberga-di-james-vanderbilt","status":"publish","type":"post","link":"https:\/\/ilfoglio.info\/new\/norimberga-di-james-vanderbilt\/","title":{"rendered":"\u00abNorimberga\u00bb di James Vanderbilt"},"content":{"rendered":"\n<p>\u00abIl pi\u00f9 sicuro indizio di quel che l\u2019uomo pu\u00f2 fare \u00e8 ci\u00f2 che ha fatto\u00bb, dice uno scrittore nell&#8217;esergo di questo film, di James Vanderbilt (basato sul libro di Jack El-Hai, <em>Il nazista e lo psichiatra<\/em>). E quel che l\u2019uomo ha fatto lo si vede crudamente nel film, ed \u00e8 lo sterminio degli ebrei, impersonato in Hermann Goering. Il pi\u00f9 diretto collaboratore di Hitler \u00e8 in primo piano, nel film, tra gli imputati nel processo alla corte internazionale di Norimberga.<\/p>\n\n\n\n<p>Uno psichiatra statunitense esamina le capacit\u00e0 mentali e dunque la responsabilit\u00e0 di Goering, e arriva ad apprezzarne alcune qualit\u00e0 umane, come gli affetti familiari e l\u2019intelligenza. Ma quando vede gli agghiaccianti filmati sui lager, ne comprende tutta la cinica malvagit\u00e0, disponibile a tutto per l&#8217;affermazione della sua nazione. Per lui si trattava di Fare la Germania Grande Nuovamente (come il MAGA di allora). Il medico scopre e capisce che anche il proprio paese, in quella logica politica, pu\u00f2 commettere gli stessi crimini. \u00abIl pi\u00f9 sicuro indizio di quel che l\u2019uomo pu\u00f2 fare\u2026.\u00bb. E si vede anche l&#8217; esecuzione, non indolore, di un condannato, mentre Goering sappiamo come se la cava.<\/p>\n","protected":false},"excerpt":{"rendered":"<p>\u00abIl pi\u00f9 sicuro indizio di quel che l\u2019uomo pu\u00f2 fare \u00e8 ci\u00f2 che ha fatto\u00bb, dice uno scrittore nell&#8217;esergo di questo film, di James Vanderbilt (basato sul libro di Jack El-Hai, Il nazista e lo psichiatra). E quel che l\u2019uomo ha fatto lo si vede crudamente nel film, ed \u00e8 lo sterminio degli ebrei, impersonato [&hellip;]<\/p>\n","protected":false},"author":24,"featured_media":3606,"comment_status":"open","ping_status":"open","sticky":false,"template":"","format":"standard","meta":{"_et_pb_use_builder":"off","_et_pb_old_content":"","_et_gb_content_width":"","footnotes":""},"categories":[223,1],"tags":[],"class_list":["post-3605","post","type-post","status-publish","format-standard","has-post-thumbnail","hentry","category-libri-cinema-e-televisione","category-news"],"yoast_head":"<!-- This site is optimized with the Yoast SEO plugin v26.4 - https:\/\/yoast.com\/wordpress\/plugins\/seo\/ -->\n<title>\u00abNorimberga\u00bb di James Vanderbilt - Il Foglio<\/title>\n<meta name=\"robots\" content=\"index, follow, max-snippet:-1, max-image-preview:large, max-video-preview:-1\" \/>\n<link rel=\"canonical\" href=\"https:\/\/ilfoglio.info\/new\/norimberga-di-james-vanderbilt\/\" \/>\n<meta property=\"og:locale\" content=\"it_IT\" \/>\n<meta property=\"og:type\" content=\"article\" \/>\n<meta property=\"og:title\" content=\"\u00abNorimberga\u00bb di James Vanderbilt - Il Foglio\" \/>\n<meta property=\"og:description\" content=\"\u00abIl pi\u00f9 sicuro indizio di quel che l\u2019uomo pu\u00f2 fare \u00e8 ci\u00f2 che ha fatto\u00bb, dice uno scrittore nell&#8217;esergo di questo film, di James Vanderbilt (basato sul libro di Jack El-Hai, Il nazista e lo psichiatra). E quel che l\u2019uomo ha fatto lo si vede crudamente nel film, ed \u00e8 lo sterminio degli ebrei, impersonato [&hellip;]\" \/>\n<meta property=\"og:url\" content=\"https:\/\/ilfoglio.info\/new\/norimberga-di-james-vanderbilt\/\" \/>\n<meta property=\"og:site_name\" content=\"Il Foglio\" \/>\n<meta property=\"article:publisher\" content=\"https:\/\/www.facebook.com\/Francescane-Elisabettine-Pastorale-Giovanile-Vocazionale-403083793120929\" \/>\n<meta property=\"article:published_time\" content=\"2025-12-29T08:00:00+00:00\" \/>\n<meta property=\"article:modified_time\" content=\"2026-01-09T17:39:03+00:00\" \/>\n<meta property=\"og:image\" content=\"https:\/\/ilfoglio.info\/new\/wp-content\/uploads\/2025\/12\/Norimberga-420x630-1.jpg\" \/>\n\t<meta property=\"og:image:width\" content=\"420\" \/>\n\t<meta property=\"og:image:height\" content=\"630\" \/>\n\t<meta property=\"og:image:type\" content=\"image\/jpeg\" \/>\n<meta name=\"author\" content=\"Enrico Peyretti\" \/>\n<meta name=\"twitter:card\" content=\"summary_large_image\" \/>\n<meta name=\"twitter:label1\" content=\"Scritto da\" \/>\n\t<meta name=\"twitter:data1\" content=\"Enrico Peyretti\" \/>\n\t<meta name=\"twitter:label2\" content=\"Tempo di lettura stimato\" \/>\n\t<meta name=\"twitter:data2\" content=\"2 minuti\" \/>\n<script type=\"application\/ld+json\" class=\"yoast-schema-graph\">{\"@context\":\"https:\/\/schema.org\",\"@graph\":[{\"@type\":\"Article\",\"@id\":\"https:\/\/ilfoglio.info\/new\/norimberga-di-james-vanderbilt\/#article\",\"isPartOf\":{\"@id\":\"https:\/\/ilfoglio.info\/new\/norimberga-di-james-vanderbilt\/\"},\"author\":{\"name\":\"Enrico Peyretti\",\"@id\":\"https:\/\/ilfoglio.info\/new\/#\/schema\/person\/90c282645fca9508e6eec42e22092569\"},\"headline\":\"\u00abNorimberga\u00bb di James Vanderbilt\",\"datePublished\":\"2025-12-29T08:00:00+00:00\",\"dateModified\":\"2026-01-09T17:39:03+00:00\",\"mainEntityOfPage\":{\"@id\":\"https:\/\/ilfoglio.info\/new\/norimberga-di-james-vanderbilt\/\"},\"wordCount\":197,\"commentCount\":0,\"publisher\":{\"@id\":\"https:\/\/ilfoglio.info\/new\/#organization\"},\"image\":{\"@id\":\"https:\/\/ilfoglio.info\/new\/norimberga-di-james-vanderbilt\/#primaryimage\"},\"thumbnailUrl\":\"https:\/\/ilfoglio.info\/new\/wp-content\/uploads\/2025\/12\/Norimberga-420x630-1.jpg\",\"articleSection\":[\"Libri, cinema, teatro e televisione, arte\",\"News\"],\"inLanguage\":\"it-IT\",\"potentialAction\":[{\"@type\":\"CommentAction\",\"name\":\"Comment\",\"target\":[\"https:\/\/ilfoglio.info\/new\/norimberga-di-james-vanderbilt\/#respond\"]}]},{\"@type\":\"WebPage\",\"@id\":\"https:\/\/ilfoglio.info\/new\/norimberga-di-james-vanderbilt\/\",\"url\":\"https:\/\/ilfoglio.info\/new\/norimberga-di-james-vanderbilt\/\",\"name\":\"\u00abNorimberga\u00bb di James Vanderbilt - Il Foglio\",\"isPartOf\":{\"@id\":\"https:\/\/ilfoglio.info\/new\/#website\"},\"primaryImageOfPage\":{\"@id\":\"https:\/\/ilfoglio.info\/new\/norimberga-di-james-vanderbilt\/#primaryimage\"},\"image\":{\"@id\":\"https:\/\/ilfoglio.info\/new\/norimberga-di-james-vanderbilt\/#primaryimage\"},\"thumbnailUrl\":\"https:\/\/ilfoglio.info\/new\/wp-content\/uploads\/2025\/12\/Norimberga-420x630-1.jpg\",\"datePublished\":\"2025-12-29T08:00:00+00:00\",\"dateModified\":\"2026-01-09T17:39:03+00:00\",\"breadcrumb\":{\"@id\":\"https:\/\/ilfoglio.info\/new\/norimberga-di-james-vanderbilt\/#breadcrumb\"},\"inLanguage\":\"it-IT\",\"potentialAction\":[{\"@type\":\"ReadAction\",\"target\":[\"https:\/\/ilfoglio.info\/new\/norimberga-di-james-vanderbilt\/\"]}]},{\"@type\":\"ImageObject\",\"inLanguage\":\"it-IT\",\"@id\":\"https:\/\/ilfoglio.info\/new\/norimberga-di-james-vanderbilt\/#primaryimage\",\"url\":\"https:\/\/ilfoglio.info\/new\/wp-content\/uploads\/2025\/12\/Norimberga-420x630-1.jpg\",\"contentUrl\":\"https:\/\/ilfoglio.info\/new\/wp-content\/uploads\/2025\/12\/Norimberga-420x630-1.jpg\",\"width\":420,\"height\":630},{\"@type\":\"BreadcrumbList\",\"@id\":\"https:\/\/ilfoglio.info\/new\/norimberga-di-james-vanderbilt\/#breadcrumb\",\"itemListElement\":[{\"@type\":\"ListItem\",\"position\":1,\"name\":\"Home\",\"item\":\"https:\/\/ilfoglio.info\/new\/\"},{\"@type\":\"ListItem\",\"position\":2,\"name\":\"\u00abNorimberga\u00bb di James Vanderbilt\"}]},{\"@type\":\"WebSite\",\"@id\":\"https:\/\/ilfoglio.info\/new\/#website\",\"url\":\"https:\/\/ilfoglio.info\/new\/\",\"name\":\"Il Foglio\",\"description\":\"\",\"publisher\":{\"@id\":\"https:\/\/ilfoglio.info\/new\/#organization\"},\"potentialAction\":[{\"@type\":\"SearchAction\",\"target\":{\"@type\":\"EntryPoint\",\"urlTemplate\":\"https:\/\/ilfoglio.info\/new\/?s={search_term_string}\"},\"query-input\":{\"@type\":\"PropertyValueSpecification\",\"valueRequired\":true,\"valueName\":\"search_term_string\"}}],\"inLanguage\":\"it-IT\"},{\"@type\":\"Organization\",\"@id\":\"https:\/\/ilfoglio.info\/new\/#organization\",\"name\":\"Istituto delle Suore Francescane Elisabettine\",\"url\":\"https:\/\/ilfoglio.info\/new\/\",\"logo\":{\"@type\":\"ImageObject\",\"inLanguage\":\"it-IT\",\"@id\":\"https:\/\/ilfoglio.info\/new\/#\/schema\/logo\/image\/\",\"url\":\"https:\/\/ilfoglio.info\/new\/wp-content\/uploads\/2022\/05\/logo-imm-profilo-fb-01.png\",\"contentUrl\":\"https:\/\/ilfoglio.info\/new\/wp-content\/uploads\/2022\/05\/logo-imm-profilo-fb-01.png\",\"width\":708,\"height\":708,\"caption\":\"Istituto delle Suore Francescane Elisabettine\"},\"image\":{\"@id\":\"https:\/\/ilfoglio.info\/new\/#\/schema\/logo\/image\/\"},\"sameAs\":[\"https:\/\/www.facebook.com\/Francescane-Elisabettine-Pastorale-Giovanile-Vocazionale-403083793120929\",\"https:\/\/www.instagram.com\/evocate__\/?hl=it\"]},{\"@type\":\"Person\",\"@id\":\"https:\/\/ilfoglio.info\/new\/#\/schema\/person\/90c282645fca9508e6eec42e22092569\",\"name\":\"Enrico Peyretti\",\"image\":{\"@type\":\"ImageObject\",\"inLanguage\":\"it-IT\",\"@id\":\"https:\/\/ilfoglio.info\/new\/#\/schema\/person\/image\/\",\"url\":\"https:\/\/secure.gravatar.com\/avatar\/b42658ab8955d87d0036580854a688fe882375e50948fa9306e2b80ead300011?s=96&d=mm&r=g\",\"contentUrl\":\"https:\/\/secure.gravatar.com\/avatar\/b42658ab8955d87d0036580854a688fe882375e50948fa9306e2b80ead300011?s=96&d=mm&r=g\",\"caption\":\"Enrico Peyretti\"},\"url\":\"https:\/\/ilfoglio.info\/new\/author\/enrico-peyretti\/\"}]}<\/script>\n<!-- \/ Yoast SEO plugin. -->","yoast_head_json":{"title":"\u00abNorimberga\u00bb di James Vanderbilt - Il Foglio","robots":{"index":"index","follow":"follow","max-snippet":"max-snippet:-1","max-image-preview":"max-image-preview:large","max-video-preview":"max-video-preview:-1"},"canonical":"https:\/\/ilfoglio.info\/new\/norimberga-di-james-vanderbilt\/","og_locale":"it_IT","og_type":"article","og_title":"\u00abNorimberga\u00bb di James Vanderbilt - Il Foglio","og_description":"\u00abIl pi\u00f9 sicuro indizio di quel che l\u2019uomo pu\u00f2 fare \u00e8 ci\u00f2 che ha fatto\u00bb, dice uno scrittore nell&#8217;esergo di questo film, di James Vanderbilt (basato sul libro di Jack El-Hai, Il nazista e lo psichiatra). E quel che l\u2019uomo ha fatto lo si vede crudamente nel film, ed \u00e8 lo sterminio degli ebrei, impersonato [&hellip;]","og_url":"https:\/\/ilfoglio.info\/new\/norimberga-di-james-vanderbilt\/","og_site_name":"Il Foglio","article_publisher":"https:\/\/www.facebook.com\/Francescane-Elisabettine-Pastorale-Giovanile-Vocazionale-403083793120929","article_published_time":"2025-12-29T08:00:00+00:00","article_modified_time":"2026-01-09T17:39:03+00:00","og_image":[{"width":420,"height":630,"url":"https:\/\/ilfoglio.info\/new\/wp-content\/uploads\/2025\/12\/Norimberga-420x630-1.jpg","type":"image\/jpeg"}],"author":"Enrico Peyretti","twitter_card":"summary_large_image","twitter_misc":{"Scritto da":"Enrico Peyretti","Tempo di lettura stimato":"2 minuti"},"schema":{"@context":"https:\/\/schema.org","@graph":[{"@type":"Article","@id":"https:\/\/ilfoglio.info\/new\/norimberga-di-james-vanderbilt\/#article","isPartOf":{"@id":"https:\/\/ilfoglio.info\/new\/norimberga-di-james-vanderbilt\/"},"author":{"name":"Enrico Peyretti","@id":"https:\/\/ilfoglio.info\/new\/#\/schema\/person\/90c282645fca9508e6eec42e22092569"},"headline":"\u00abNorimberga\u00bb di James Vanderbilt","datePublished":"2025-12-29T08:00:00+00:00","dateModified":"2026-01-09T17:39:03+00:00","mainEntityOfPage":{"@id":"https:\/\/ilfoglio.info\/new\/norimberga-di-james-vanderbilt\/"},"wordCount":197,"commentCount":0,"publisher":{"@id":"https:\/\/ilfoglio.info\/new\/#organization"},"image":{"@id":"https:\/\/ilfoglio.info\/new\/norimberga-di-james-vanderbilt\/#primaryimage"},"thumbnailUrl":"https:\/\/ilfoglio.info\/new\/wp-content\/uploads\/2025\/12\/Norimberga-420x630-1.jpg","articleSection":["Libri, cinema, teatro e televisione, arte","News"],"inLanguage":"it-IT","potentialAction":[{"@type":"CommentAction","name":"Comment","target":["https:\/\/ilfoglio.info\/new\/norimberga-di-james-vanderbilt\/#respond"]}]},{"@type":"WebPage","@id":"https:\/\/ilfoglio.info\/new\/norimberga-di-james-vanderbilt\/","url":"https:\/\/ilfoglio.info\/new\/norimberga-di-james-vanderbilt\/","name":"\u00abNorimberga\u00bb di James Vanderbilt - Il Foglio","isPartOf":{"@id":"https:\/\/ilfoglio.info\/new\/#website"},"primaryImageOfPage":{"@id":"https:\/\/ilfoglio.info\/new\/norimberga-di-james-vanderbilt\/#primaryimage"},"image":{"@id":"https:\/\/ilfoglio.info\/new\/norimberga-di-james-vanderbilt\/#primaryimage"},"thumbnailUrl":"https:\/\/ilfoglio.info\/new\/wp-content\/uploads\/2025\/12\/Norimberga-420x630-1.jpg","datePublished":"2025-12-29T08:00:00+00:00","dateModified":"2026-01-09T17:39:03+00:00","breadcrumb":{"@id":"https:\/\/ilfoglio.info\/new\/norimberga-di-james-vanderbilt\/#breadcrumb"},"inLanguage":"it-IT","potentialAction":[{"@type":"ReadAction","target":["https:\/\/ilfoglio.info\/new\/norimberga-di-james-vanderbilt\/"]}]},{"@type":"ImageObject","inLanguage":"it-IT","@id":"https:\/\/ilfoglio.info\/new\/norimberga-di-james-vanderbilt\/#primaryimage","url":"https:\/\/ilfoglio.info\/new\/wp-content\/uploads\/2025\/12\/Norimberga-420x630-1.jpg","contentUrl":"https:\/\/ilfoglio.info\/new\/wp-content\/uploads\/2025\/12\/Norimberga-420x630-1.jpg","width":420,"height":630},{"@type":"BreadcrumbList","@id":"https:\/\/ilfoglio.info\/new\/norimberga-di-james-vanderbilt\/#breadcrumb","itemListElement":[{"@type":"ListItem","position":1,"name":"Home","item":"https:\/\/ilfoglio.info\/new\/"},{"@type":"ListItem","position":2,"name":"\u00abNorimberga\u00bb di James Vanderbilt"}]},{"@type":"WebSite","@id":"https:\/\/ilfoglio.info\/new\/#website","url":"https:\/\/ilfoglio.info\/new\/","name":"Il Foglio","description":"","publisher":{"@id":"https:\/\/ilfoglio.info\/new\/#organization"},"potentialAction":[{"@type":"SearchAction","target":{"@type":"EntryPoint","urlTemplate":"https:\/\/ilfoglio.info\/new\/?s={search_term_string}"},"query-input":{"@type":"PropertyValueSpecification","valueRequired":true,"valueName":"search_term_string"}}],"inLanguage":"it-IT"},{"@type":"Organization","@id":"https:\/\/ilfoglio.info\/new\/#organization","name":"Istituto delle Suore Francescane Elisabettine","url":"https:\/\/ilfoglio.info\/new\/","logo":{"@type":"ImageObject","inLanguage":"it-IT","@id":"https:\/\/ilfoglio.info\/new\/#\/schema\/logo\/image\/","url":"https:\/\/ilfoglio.info\/new\/wp-content\/uploads\/2022\/05\/logo-imm-profilo-fb-01.png","contentUrl":"https:\/\/ilfoglio.info\/new\/wp-content\/uploads\/2022\/05\/logo-imm-profilo-fb-01.png","width":708,"height":708,"caption":"Istituto delle Suore Francescane Elisabettine"},"image":{"@id":"https:\/\/ilfoglio.info\/new\/#\/schema\/logo\/image\/"},"sameAs":["https:\/\/www.facebook.com\/Francescane-Elisabettine-Pastorale-Giovanile-Vocazionale-403083793120929","https:\/\/www.instagram.com\/evocate__\/?hl=it"]},{"@type":"Person","@id":"https:\/\/ilfoglio.info\/new\/#\/schema\/person\/90c282645fca9508e6eec42e22092569","name":"Enrico Peyretti","image":{"@type":"ImageObject","inLanguage":"it-IT","@id":"https:\/\/ilfoglio.info\/new\/#\/schema\/person\/image\/","url":"https:\/\/secure.gravatar.com\/avatar\/b42658ab8955d87d0036580854a688fe882375e50948fa9306e2b80ead300011?s=96&d=mm&r=g","contentUrl":"https:\/\/secure.gravatar.com\/avatar\/b42658ab8955d87d0036580854a688fe882375e50948fa9306e2b80ead300011?s=96&d=mm&r=g","caption":"Enrico Peyretti"},"url":"https:\/\/ilfoglio.info\/new\/author\/enrico-peyretti\/"}]}},"_links":{"self":[{"href":"https:\/\/ilfoglio.info\/new\/wp-json\/wp\/v2\/posts\/3605","targetHints":{"allow":["GET"]}}],"collection":[{"href":"https:\/\/ilfoglio.info\/new\/wp-json\/wp\/v2\/posts"}],"about":[{"href":"https:\/\/ilfoglio.info\/new\/wp-json\/wp\/v2\/types\/post"}],"author":[{"embeddable":true,"href":"https:\/\/ilfoglio.info\/new\/wp-json\/wp\/v2\/users\/24"}],"replies":[{"embeddable":true,"href":"https:\/\/ilfoglio.info\/new\/wp-json\/wp\/v2\/comments?post=3605"}],"version-history":[{"count":1,"href":"https:\/\/ilfoglio.info\/new\/wp-json\/wp\/v2\/posts\/3605\/revisions"}],"predecessor-version":[{"id":3607,"href":"https:\/\/ilfoglio.info\/new\/wp-json\/wp\/v2\/posts\/3605\/revisions\/3607"}],"wp:featuredmedia":[{"embeddable":true,"href":"https:\/\/ilfoglio.info\/new\/wp-json\/wp\/v2\/media\/3606"}],"wp:attachment":[{"href":"https:\/\/ilfoglio.info\/new\/wp-json\/wp\/v2\/media?parent=3605"}],"wp:term":[{"taxonomy":"category","embeddable":true,"href":"https:\/\/ilfoglio.info\/new\/wp-json\/wp\/v2\/categories?post=3605"},{"taxonomy":"post_tag","embeddable":true,"href":"https:\/\/ilfoglio.info\/new\/wp-json\/wp\/v2\/tags?post=3605"}],"curies":[{"name":"wp","href":"https:\/\/api.w.org\/{rel}","templated":true}]}}