{"id":3641,"date":"2026-01-21T09:00:00","date_gmt":"2026-01-21T08:00:00","guid":{"rendered":"https:\/\/ilfoglio.info\/new\/?p=3641"},"modified":"2026-01-09T18:40:25","modified_gmt":"2026-01-09T17:40:25","slug":"chiese-chiuse-di-ana-blandiana","status":"publish","type":"post","link":"https:\/\/ilfoglio.info\/new\/chiese-chiuse-di-ana-blandiana\/","title":{"rendered":"\u00abChiese chiuse\u00bb di Ana Blandiana"},"content":{"rendered":"\n<p><em>Chiese chiuse<br>come case il cui proprietario se n\u2019\u00e8 andato<br>senza dire per quanto tempo,<\/em><\/p>\n\n\n\n<p><em>senza lasciare l\u2019indirizzo.<br>Attorno a loro la citt\u00e0<\/em><\/p>\n\n\n\n<p><em>fa roteare tram e biciclette,<br>claxon, pubblicit\u00e0,<br>gli abitanti presi dalla fretta<br>vendono e comprano, vendono e comprano,<br>mangiano di corsa<br>e, di tanto in tanto, stanchi,<br>si fermano a prendere un caff\u00e8<br>seduti a un tavolino sul marciapiede<br>vicino a una cattedrale dell\u2019xi secolo,<br>che guardano senza vederla,<br>perch\u00e9 parlano al telefono<br>e senza domandarsi<br>chi mai avesse abitato un tempo<br>una casa cos\u00ec grande.<\/em><\/p>\n\n\n\n<p>Ana Blandiana<\/p>\n\n\n\n<p>Un <em>incipit <\/em>forte (forse) per il tempo postnatalizio. O forse no. Dipende da che cosa associamo all\u2019idea di chiesa, al tema della festa cristiana per eccellenza (ma non dovrebbe essere la Pasqua? Ecco, appunto). Non lo \u00e8 se il Natale rimanda al divino che viene ad abitare in mezzo agli uomini (Gv 1,14), e quindi magari anche tra le mura di una chiesa, ammesso che questi passino di l\u00e0 ogni tanto. Ma il Natale \u00e8 anche rito, mi si dir\u00e0, una tradizione culturale a cui siamo inevitabilmente legati, a prescindere da qualsivoglia appartenenza ecclesiale. Troppo poco, insufficiente, bocciati. Dunque punto-e-a-capo: si ricomincia.<\/p>\n\n\n\n<p>Ascoltiamo il testo. Dalle chiese, il suo <em>proprietario se n\u2019\u00e8 andato<\/em> non si sa dove, cos\u00ec esse troneggiano abbandonate come monumenti che di tanto in tanto qualcuno, distratto, alza gli occhi e vede senza guardare. Quelle antiche cattedrali occupano ancora uno spazio fisico nelle citt\u00e0, grandi e piccole, che vivono immemori del loro passato. Quelle architetture di valore storico e artistico interessano talvolta i turisti, che non mancano di investire in visite guidate come si fa per tutti i grandi musei. Che quelle storiche costruzioni sollevino domande sembra per\u00f2 fuori discussione: la vita \u00e8 altrove e quelle arcaiche vestigia dalle dimensioni improbabili si limitano a far parte del paesaggio.<\/p>\n\n\n\n<p>La scristianizzazione \u00e8 un dato entrato nella coscienza comune, ma non necessariamente indagato, sembra dire questa poesia di Ana Blandiana, autrice e attivista rumena, la voce pi\u00f9 importante della Romania contemporanea, che evidentemente quella domanda non posta vuole mettere al centro. Se la Chiesa \u00e8 solo un monumento del passato, forse \u00e8 davvero poco interessante per chiunque: possiamo studiarlo e visitarlo, ma non tocca la vita. Le sue proporzioni (<em>una casa cos\u00ec grande<\/em>)continueranno a parlare del passato, ma la sua chiusura potr\u00e0 forse essere segno dei tempi per chi vorr\u00e0 leggerli. Perch\u00e9 <em>se il proprietario se n\u2019\u00e8 andato<\/em>, evidentemente non \u00e8 pi\u00f9 l\u00ec che bisogna cercarlo (e questo dai tempi di Mt 27,51 o Gv 4,21\u2026).<\/p>\n","protected":false},"excerpt":{"rendered":"<p>Chiese chiusecome case il cui proprietario se n\u2019\u00e8 andatosenza dire per quanto tempo, senza lasciare l\u2019indirizzo.Attorno a loro la citt\u00e0 fa roteare tram e biciclette,claxon, pubblicit\u00e0,gli abitanti presi dalla frettavendono e comprano, vendono e comprano,mangiano di corsae, di tanto in tanto, stanchi,si fermano a prendere un caff\u00e8seduti a un tavolino sul marciapiedevicino a una cattedrale [&hellip;]<\/p>\n","protected":false},"author":19,"featured_media":3642,"comment_status":"open","ping_status":"open","sticky":false,"template":"","format":"standard","meta":{"_et_pb_use_builder":"off","_et_pb_old_content":"","_et_gb_content_width":"","footnotes":""},"categories":[1,228],"tags":[],"class_list":["post-3641","post","type-post","status-publish","format-standard","has-post-thumbnail","hentry","category-news","category-zibaldone"],"yoast_head":"<!-- This site is optimized with the Yoast SEO plugin v26.4 - https:\/\/yoast.com\/wordpress\/plugins\/seo\/ -->\n<title>\u00abChiese chiuse\u00bb di Ana Blandiana - Il Foglio<\/title>\n<meta name=\"robots\" content=\"index, follow, max-snippet:-1, max-image-preview:large, max-video-preview:-1\" \/>\n<link rel=\"canonical\" href=\"https:\/\/ilfoglio.info\/new\/chiese-chiuse-di-ana-blandiana\/\" \/>\n<meta property=\"og:locale\" content=\"it_IT\" \/>\n<meta property=\"og:type\" content=\"article\" \/>\n<meta property=\"og:title\" content=\"\u00abChiese chiuse\u00bb di Ana Blandiana - Il Foglio\" \/>\n<meta property=\"og:description\" content=\"Chiese chiusecome case il cui proprietario se n\u2019\u00e8 andatosenza dire per quanto tempo, senza lasciare l\u2019indirizzo.Attorno a loro la citt\u00e0 fa roteare tram e biciclette,claxon, pubblicit\u00e0,gli abitanti presi dalla frettavendono e comprano, vendono e comprano,mangiano di corsae, di tanto in tanto, stanchi,si fermano a prendere un caff\u00e8seduti a un tavolino sul marciapiedevicino a una cattedrale [&hellip;]\" \/>\n<meta property=\"og:url\" content=\"https:\/\/ilfoglio.info\/new\/chiese-chiuse-di-ana-blandiana\/\" \/>\n<meta property=\"og:site_name\" content=\"Il Foglio\" \/>\n<meta property=\"article:publisher\" content=\"https:\/\/www.facebook.com\/Francescane-Elisabettine-Pastorale-Giovanile-Vocazionale-403083793120929\" \/>\n<meta property=\"article:published_time\" content=\"2026-01-21T08:00:00+00:00\" \/>\n<meta property=\"og:image\" content=\"https:\/\/ilfoglio.info\/new\/wp-content\/uploads\/2026\/01\/porta_catena.jpg\" \/>\n\t<meta property=\"og:image:width\" content=\"413\" \/>\n\t<meta property=\"og:image:height\" content=\"437\" \/>\n\t<meta property=\"og:image:type\" content=\"image\/jpeg\" \/>\n<meta name=\"author\" content=\"Maria Nisii\" \/>\n<meta name=\"twitter:card\" content=\"summary_large_image\" \/>\n<meta name=\"twitter:label1\" content=\"Scritto da\" \/>\n\t<meta name=\"twitter:data1\" content=\"Maria Nisii\" \/>\n\t<meta name=\"twitter:label2\" content=\"Tempo di lettura stimato\" \/>\n\t<meta name=\"twitter:data2\" content=\"3 minuti\" \/>\n<script type=\"application\/ld+json\" class=\"yoast-schema-graph\">{\"@context\":\"https:\/\/schema.org\",\"@graph\":[{\"@type\":\"Article\",\"@id\":\"https:\/\/ilfoglio.info\/new\/chiese-chiuse-di-ana-blandiana\/#article\",\"isPartOf\":{\"@id\":\"https:\/\/ilfoglio.info\/new\/chiese-chiuse-di-ana-blandiana\/\"},\"author\":{\"name\":\"Maria Nisii\",\"@id\":\"https:\/\/ilfoglio.info\/new\/#\/schema\/person\/eb4fa52dd182f0d24eaef84139839fcc\"},\"headline\":\"\u00abChiese chiuse\u00bb di Ana Blandiana\",\"datePublished\":\"2026-01-21T08:00:00+00:00\",\"mainEntityOfPage\":{\"@id\":\"https:\/\/ilfoglio.info\/new\/chiese-chiuse-di-ana-blandiana\/\"},\"wordCount\":409,\"commentCount\":0,\"publisher\":{\"@id\":\"https:\/\/ilfoglio.info\/new\/#organization\"},\"image\":{\"@id\":\"https:\/\/ilfoglio.info\/new\/chiese-chiuse-di-ana-blandiana\/#primaryimage\"},\"thumbnailUrl\":\"https:\/\/ilfoglio.info\/new\/wp-content\/uploads\/2026\/01\/porta_catena.jpg\",\"articleSection\":[\"News\",\"Zibaldone\"],\"inLanguage\":\"it-IT\",\"potentialAction\":[{\"@type\":\"CommentAction\",\"name\":\"Comment\",\"target\":[\"https:\/\/ilfoglio.info\/new\/chiese-chiuse-di-ana-blandiana\/#respond\"]}]},{\"@type\":\"WebPage\",\"@id\":\"https:\/\/ilfoglio.info\/new\/chiese-chiuse-di-ana-blandiana\/\",\"url\":\"https:\/\/ilfoglio.info\/new\/chiese-chiuse-di-ana-blandiana\/\",\"name\":\"\u00abChiese chiuse\u00bb di Ana Blandiana - Il Foglio\",\"isPartOf\":{\"@id\":\"https:\/\/ilfoglio.info\/new\/#website\"},\"primaryImageOfPage\":{\"@id\":\"https:\/\/ilfoglio.info\/new\/chiese-chiuse-di-ana-blandiana\/#primaryimage\"},\"image\":{\"@id\":\"https:\/\/ilfoglio.info\/new\/chiese-chiuse-di-ana-blandiana\/#primaryimage\"},\"thumbnailUrl\":\"https:\/\/ilfoglio.info\/new\/wp-content\/uploads\/2026\/01\/porta_catena.jpg\",\"datePublished\":\"2026-01-21T08:00:00+00:00\",\"breadcrumb\":{\"@id\":\"https:\/\/ilfoglio.info\/new\/chiese-chiuse-di-ana-blandiana\/#breadcrumb\"},\"inLanguage\":\"it-IT\",\"potentialAction\":[{\"@type\":\"ReadAction\",\"target\":[\"https:\/\/ilfoglio.info\/new\/chiese-chiuse-di-ana-blandiana\/\"]}]},{\"@type\":\"ImageObject\",\"inLanguage\":\"it-IT\",\"@id\":\"https:\/\/ilfoglio.info\/new\/chiese-chiuse-di-ana-blandiana\/#primaryimage\",\"url\":\"https:\/\/ilfoglio.info\/new\/wp-content\/uploads\/2026\/01\/porta_catena.jpg\",\"contentUrl\":\"https:\/\/ilfoglio.info\/new\/wp-content\/uploads\/2026\/01\/porta_catena.jpg\",\"width\":413,\"height\":437},{\"@type\":\"BreadcrumbList\",\"@id\":\"https:\/\/ilfoglio.info\/new\/chiese-chiuse-di-ana-blandiana\/#breadcrumb\",\"itemListElement\":[{\"@type\":\"ListItem\",\"position\":1,\"name\":\"Home\",\"item\":\"https:\/\/ilfoglio.info\/new\/\"},{\"@type\":\"ListItem\",\"position\":2,\"name\":\"\u00abChiese chiuse\u00bb di Ana Blandiana\"}]},{\"@type\":\"WebSite\",\"@id\":\"https:\/\/ilfoglio.info\/new\/#website\",\"url\":\"https:\/\/ilfoglio.info\/new\/\",\"name\":\"Il Foglio\",\"description\":\"\",\"publisher\":{\"@id\":\"https:\/\/ilfoglio.info\/new\/#organization\"},\"potentialAction\":[{\"@type\":\"SearchAction\",\"target\":{\"@type\":\"EntryPoint\",\"urlTemplate\":\"https:\/\/ilfoglio.info\/new\/?s={search_term_string}\"},\"query-input\":{\"@type\":\"PropertyValueSpecification\",\"valueRequired\":true,\"valueName\":\"search_term_string\"}}],\"inLanguage\":\"it-IT\"},{\"@type\":\"Organization\",\"@id\":\"https:\/\/ilfoglio.info\/new\/#organization\",\"name\":\"Istituto delle Suore Francescane Elisabettine\",\"url\":\"https:\/\/ilfoglio.info\/new\/\",\"logo\":{\"@type\":\"ImageObject\",\"inLanguage\":\"it-IT\",\"@id\":\"https:\/\/ilfoglio.info\/new\/#\/schema\/logo\/image\/\",\"url\":\"https:\/\/ilfoglio.info\/new\/wp-content\/uploads\/2022\/05\/logo-imm-profilo-fb-01.png\",\"contentUrl\":\"https:\/\/ilfoglio.info\/new\/wp-content\/uploads\/2022\/05\/logo-imm-profilo-fb-01.png\",\"width\":708,\"height\":708,\"caption\":\"Istituto delle Suore Francescane Elisabettine\"},\"image\":{\"@id\":\"https:\/\/ilfoglio.info\/new\/#\/schema\/logo\/image\/\"},\"sameAs\":[\"https:\/\/www.facebook.com\/Francescane-Elisabettine-Pastorale-Giovanile-Vocazionale-403083793120929\",\"https:\/\/www.instagram.com\/evocate__\/?hl=it\"]},{\"@type\":\"Person\",\"@id\":\"https:\/\/ilfoglio.info\/new\/#\/schema\/person\/eb4fa52dd182f0d24eaef84139839fcc\",\"name\":\"Maria Nisii\",\"image\":{\"@type\":\"ImageObject\",\"inLanguage\":\"it-IT\",\"@id\":\"https:\/\/ilfoglio.info\/new\/#\/schema\/person\/image\/\",\"url\":\"https:\/\/secure.gravatar.com\/avatar\/30d34ba860d1669a00919fef166ceb1a0ec9be2de3bd4004cfc682f34db06cfc?s=96&d=mm&r=g\",\"contentUrl\":\"https:\/\/secure.gravatar.com\/avatar\/30d34ba860d1669a00919fef166ceb1a0ec9be2de3bd4004cfc682f34db06cfc?s=96&d=mm&r=g\",\"caption\":\"Maria Nisii\"},\"url\":\"https:\/\/ilfoglio.info\/new\/author\/maria-nisii\/\"}]}<\/script>\n<!-- \/ Yoast SEO plugin. -->","yoast_head_json":{"title":"\u00abChiese chiuse\u00bb di Ana Blandiana - Il Foglio","robots":{"index":"index","follow":"follow","max-snippet":"max-snippet:-1","max-image-preview":"max-image-preview:large","max-video-preview":"max-video-preview:-1"},"canonical":"https:\/\/ilfoglio.info\/new\/chiese-chiuse-di-ana-blandiana\/","og_locale":"it_IT","og_type":"article","og_title":"\u00abChiese chiuse\u00bb di Ana Blandiana - Il Foglio","og_description":"Chiese chiusecome case il cui proprietario se n\u2019\u00e8 andatosenza dire per quanto tempo, senza lasciare l\u2019indirizzo.Attorno a loro la citt\u00e0 fa roteare tram e biciclette,claxon, pubblicit\u00e0,gli abitanti presi dalla frettavendono e comprano, vendono e comprano,mangiano di corsae, di tanto in tanto, stanchi,si fermano a prendere un caff\u00e8seduti a un tavolino sul marciapiedevicino a una cattedrale [&hellip;]","og_url":"https:\/\/ilfoglio.info\/new\/chiese-chiuse-di-ana-blandiana\/","og_site_name":"Il Foglio","article_publisher":"https:\/\/www.facebook.com\/Francescane-Elisabettine-Pastorale-Giovanile-Vocazionale-403083793120929","article_published_time":"2026-01-21T08:00:00+00:00","og_image":[{"width":413,"height":437,"url":"https:\/\/ilfoglio.info\/new\/wp-content\/uploads\/2026\/01\/porta_catena.jpg","type":"image\/jpeg"}],"author":"Maria Nisii","twitter_card":"summary_large_image","twitter_misc":{"Scritto da":"Maria Nisii","Tempo di lettura stimato":"3 minuti"},"schema":{"@context":"https:\/\/schema.org","@graph":[{"@type":"Article","@id":"https:\/\/ilfoglio.info\/new\/chiese-chiuse-di-ana-blandiana\/#article","isPartOf":{"@id":"https:\/\/ilfoglio.info\/new\/chiese-chiuse-di-ana-blandiana\/"},"author":{"name":"Maria Nisii","@id":"https:\/\/ilfoglio.info\/new\/#\/schema\/person\/eb4fa52dd182f0d24eaef84139839fcc"},"headline":"\u00abChiese chiuse\u00bb di Ana Blandiana","datePublished":"2026-01-21T08:00:00+00:00","mainEntityOfPage":{"@id":"https:\/\/ilfoglio.info\/new\/chiese-chiuse-di-ana-blandiana\/"},"wordCount":409,"commentCount":0,"publisher":{"@id":"https:\/\/ilfoglio.info\/new\/#organization"},"image":{"@id":"https:\/\/ilfoglio.info\/new\/chiese-chiuse-di-ana-blandiana\/#primaryimage"},"thumbnailUrl":"https:\/\/ilfoglio.info\/new\/wp-content\/uploads\/2026\/01\/porta_catena.jpg","articleSection":["News","Zibaldone"],"inLanguage":"it-IT","potentialAction":[{"@type":"CommentAction","name":"Comment","target":["https:\/\/ilfoglio.info\/new\/chiese-chiuse-di-ana-blandiana\/#respond"]}]},{"@type":"WebPage","@id":"https:\/\/ilfoglio.info\/new\/chiese-chiuse-di-ana-blandiana\/","url":"https:\/\/ilfoglio.info\/new\/chiese-chiuse-di-ana-blandiana\/","name":"\u00abChiese chiuse\u00bb di Ana Blandiana - Il Foglio","isPartOf":{"@id":"https:\/\/ilfoglio.info\/new\/#website"},"primaryImageOfPage":{"@id":"https:\/\/ilfoglio.info\/new\/chiese-chiuse-di-ana-blandiana\/#primaryimage"},"image":{"@id":"https:\/\/ilfoglio.info\/new\/chiese-chiuse-di-ana-blandiana\/#primaryimage"},"thumbnailUrl":"https:\/\/ilfoglio.info\/new\/wp-content\/uploads\/2026\/01\/porta_catena.jpg","datePublished":"2026-01-21T08:00:00+00:00","breadcrumb":{"@id":"https:\/\/ilfoglio.info\/new\/chiese-chiuse-di-ana-blandiana\/#breadcrumb"},"inLanguage":"it-IT","potentialAction":[{"@type":"ReadAction","target":["https:\/\/ilfoglio.info\/new\/chiese-chiuse-di-ana-blandiana\/"]}]},{"@type":"ImageObject","inLanguage":"it-IT","@id":"https:\/\/ilfoglio.info\/new\/chiese-chiuse-di-ana-blandiana\/#primaryimage","url":"https:\/\/ilfoglio.info\/new\/wp-content\/uploads\/2026\/01\/porta_catena.jpg","contentUrl":"https:\/\/ilfoglio.info\/new\/wp-content\/uploads\/2026\/01\/porta_catena.jpg","width":413,"height":437},{"@type":"BreadcrumbList","@id":"https:\/\/ilfoglio.info\/new\/chiese-chiuse-di-ana-blandiana\/#breadcrumb","itemListElement":[{"@type":"ListItem","position":1,"name":"Home","item":"https:\/\/ilfoglio.info\/new\/"},{"@type":"ListItem","position":2,"name":"\u00abChiese chiuse\u00bb di Ana Blandiana"}]},{"@type":"WebSite","@id":"https:\/\/ilfoglio.info\/new\/#website","url":"https:\/\/ilfoglio.info\/new\/","name":"Il Foglio","description":"","publisher":{"@id":"https:\/\/ilfoglio.info\/new\/#organization"},"potentialAction":[{"@type":"SearchAction","target":{"@type":"EntryPoint","urlTemplate":"https:\/\/ilfoglio.info\/new\/?s={search_term_string}"},"query-input":{"@type":"PropertyValueSpecification","valueRequired":true,"valueName":"search_term_string"}}],"inLanguage":"it-IT"},{"@type":"Organization","@id":"https:\/\/ilfoglio.info\/new\/#organization","name":"Istituto delle Suore Francescane Elisabettine","url":"https:\/\/ilfoglio.info\/new\/","logo":{"@type":"ImageObject","inLanguage":"it-IT","@id":"https:\/\/ilfoglio.info\/new\/#\/schema\/logo\/image\/","url":"https:\/\/ilfoglio.info\/new\/wp-content\/uploads\/2022\/05\/logo-imm-profilo-fb-01.png","contentUrl":"https:\/\/ilfoglio.info\/new\/wp-content\/uploads\/2022\/05\/logo-imm-profilo-fb-01.png","width":708,"height":708,"caption":"Istituto delle Suore Francescane Elisabettine"},"image":{"@id":"https:\/\/ilfoglio.info\/new\/#\/schema\/logo\/image\/"},"sameAs":["https:\/\/www.facebook.com\/Francescane-Elisabettine-Pastorale-Giovanile-Vocazionale-403083793120929","https:\/\/www.instagram.com\/evocate__\/?hl=it"]},{"@type":"Person","@id":"https:\/\/ilfoglio.info\/new\/#\/schema\/person\/eb4fa52dd182f0d24eaef84139839fcc","name":"Maria Nisii","image":{"@type":"ImageObject","inLanguage":"it-IT","@id":"https:\/\/ilfoglio.info\/new\/#\/schema\/person\/image\/","url":"https:\/\/secure.gravatar.com\/avatar\/30d34ba860d1669a00919fef166ceb1a0ec9be2de3bd4004cfc682f34db06cfc?s=96&d=mm&r=g","contentUrl":"https:\/\/secure.gravatar.com\/avatar\/30d34ba860d1669a00919fef166ceb1a0ec9be2de3bd4004cfc682f34db06cfc?s=96&d=mm&r=g","caption":"Maria Nisii"},"url":"https:\/\/ilfoglio.info\/new\/author\/maria-nisii\/"}]}},"_links":{"self":[{"href":"https:\/\/ilfoglio.info\/new\/wp-json\/wp\/v2\/posts\/3641","targetHints":{"allow":["GET"]}}],"collection":[{"href":"https:\/\/ilfoglio.info\/new\/wp-json\/wp\/v2\/posts"}],"about":[{"href":"https:\/\/ilfoglio.info\/new\/wp-json\/wp\/v2\/types\/post"}],"author":[{"embeddable":true,"href":"https:\/\/ilfoglio.info\/new\/wp-json\/wp\/v2\/users\/19"}],"replies":[{"embeddable":true,"href":"https:\/\/ilfoglio.info\/new\/wp-json\/wp\/v2\/comments?post=3641"}],"version-history":[{"count":1,"href":"https:\/\/ilfoglio.info\/new\/wp-json\/wp\/v2\/posts\/3641\/revisions"}],"predecessor-version":[{"id":3643,"href":"https:\/\/ilfoglio.info\/new\/wp-json\/wp\/v2\/posts\/3641\/revisions\/3643"}],"wp:featuredmedia":[{"embeddable":true,"href":"https:\/\/ilfoglio.info\/new\/wp-json\/wp\/v2\/media\/3642"}],"wp:attachment":[{"href":"https:\/\/ilfoglio.info\/new\/wp-json\/wp\/v2\/media?parent=3641"}],"wp:term":[{"taxonomy":"category","embeddable":true,"href":"https:\/\/ilfoglio.info\/new\/wp-json\/wp\/v2\/categories?post=3641"},{"taxonomy":"post_tag","embeddable":true,"href":"https:\/\/ilfoglio.info\/new\/wp-json\/wp\/v2\/tags?post=3641"}],"curies":[{"name":"wp","href":"https:\/\/api.w.org\/{rel}","templated":true}]}}