{"id":3659,"date":"2026-01-16T09:00:00","date_gmt":"2026-01-16T08:00:00","guid":{"rendered":"https:\/\/ilfoglio.info\/new\/?p=3659"},"modified":"2026-01-29T22:26:37","modified_gmt":"2026-01-29T21:26:37","slug":"mezzo-mondo-era-confluito-dal-battista","status":"publish","type":"post","link":"https:\/\/ilfoglio.info\/new\/mezzo-mondo-era-confluito-dal-battista\/","title":{"rendered":"Mezzo mondo era confluito dal Battista"},"content":{"rendered":"\n<p><strong>Vangelo della 2\u00aa domenica ordinaria: Giovanni 1,29-34 (35-44)<\/strong><\/p>\n\n\n\n<p><\/p>\n\n\n\n<p>In questo anno A del tempo liturgico ordinario leggeremo il vangelo di Matteo; ma, prima di tale lettura continua, il lezionario ha premesso il passo di Gv 1,29-34, come intermediario fra il vangelo di domenica scorsa (Matteo 3,13-17) e quello di domenica prossima sulla chiamata dei discepoli (Mt 4,12-23), che ritengo saggio per <em>due motivi<\/em>.<\/p>\n\n\n\n<p><\/p>\n\n\n\n<p><strong>1) Chi \u00e8 il battezzatore?<\/strong><\/p>\n\n\n\n<p>Si aggancia al vangelo scorso in cui \u00e8 Giovanni che battezza Ges\u00f9, anche se il Battista esprime (in Mt 3,14s, unico evangelista a farlo) le sue perplessit\u00e0: \u00abIo ho bisogno di essere battezzato da te&#8230;\u00bb, cercando di impedirlo.<\/p>\n\n\n\n<p>Abbiamo gi\u00e0 commentato due volte la festa del battesimo [<a href=\"https:\/\/ilfoglio.info\/new\/vangelo-di-battesimo-di-gesu-marco-17-11\/\">Vangelo del battesimo di Ges\u00f9<\/a>, Marco 1,7-11, e (nella versione lucana) <a href=\"https:\/\/ilfoglio.info\/new\/chi-ha-battezzato-gesu\/\">Chi ha battezzato Ges\u00f9?<\/a>]. Riprendiamo solo la questione scottante con alcuni dettagli allora omessi, ossia il problema che in Luca 3,21ss clamorosamente <em>non \u00e8 il Battista che battezza Ges\u00f9<\/em> [come negli altri due sinottici e nell&#8217;iconografia tradizionale], poich\u00e9 nel v. immediatamente precedente (Lc 3,20) Giovanni \u00e8 gi\u00e0 in prigione. Ges\u00f9 riceve il battesimo per ultimo, dopo che tutto il popolo \u00e8 stato battezzato, ma non si dice chi sia il battezzatore: presumibilmente i discepoli del Battista.<\/p>\n\n\n\n<p>Invece nel IV vangelo esso \u00e8 incredibilmente assente: l&#8217;autore, che conosce sicuramente il vangelo di Matteo diffuso nella stessa zona in Siria (e forse anche quello di Luca), si mostra guardingo, incerto. Non narra il battesimo, anche se il Battista (solo) ricorda di aver \u00abcontemplato lo Spirito discendere come una colomba dal cielo e rimanere su di lui\u00bb (nell&#8217;odierno Gv 1,32: un&#8217;allusione al battesimo), ma senza dire di essere stato lui il battezzatore di colui che egli ha definito \u00abl&#8217;agnello di Dio, che toglie il peccato del mondo\u00bb (1,29). Ma l&#8217;immolazione salvifica \u00e8 un&#8217;idea arcaica da superare.<\/p>\n\n\n\n<p><strong>Il mistero di Andrea.<\/strong> Se ha ragione Luca con l&#8217;imprigionamento precoce di Giovanni, mi piace pensare (lasciatemi l&#8217;istinto) che sia stato Andrea, allora ancora discepolo del Battista (Gv 1,35.40), a battezzare Ges\u00f9. Andrea \u00e8 stato chiamato \u201cProtocleto\u201d proprio perch\u00e9 nel quarto vangelo \u00e8 non solo il <em>primo dei chiamati<\/em>, ma colui che coinvolge gli altri, Pietro, Filippo ecc. (Gv 1,40-45). D&#8217;altronde cosa cambia se \u00e8 stato Giovanni o Andrea?<\/p>\n\n\n\n<p>Tuttavia un certo mistero circonda Andrea, incredibilmente <em>omesso<\/em> nella chiamata dei primi discepoli da Luca [&#8230;il guastafeste, come nell&#8217;aver escluso Giovanni dal battesimo di Ges\u00f9 contro tutta la tradizione, sino al punto di non narrarne il martirio, e men che meno il ballo di Salom\u00e8]. Anche Benedetto XVI ha rilevato il nome tipicamente greco, del tutto a-giudaico di Andrea, come il suo amico e compaesano Filippo: non \u00e8 un caso che entrambi facciano da&#8230; interpreti a Ges\u00f9 nel suo incontro con un gruppo di greci (Gv 12,20-22).<\/p>\n\n\n\n<p>Entrambi erano di Betsaida (Gv 1,44), ai confini storici (se non al di l\u00e0) della terra d&#8217;Israele; perci\u00f2 un territorio nel suo complesso greco-romano: \u00abal di l\u00e0 del Giordano, Galilea dei pagani\u00bb (Mt 4,15). Quindi \u00e8 assai plausibile che Andrea fosse uno dei battezzatori principali in quanto bilingue: si rivolgeva in aramaico agli ebrei palestinesi, in greco ai Giudei della diaspora, e a tutti quelli provenienti numerosi dai paesi vicini nella <em>koin\u00ea dialektos<\/em>, ossia la lingua comune standardizzata dell&#8217;epoca ellenistica (cfr. l&#8217;appendice finale).<\/p>\n\n\n\n<p><\/p>\n\n\n\n<p><strong>2) I discepoli\/e conosciuti nella cerchia del Battista<\/strong><\/p>\n\n\n\n<p>Il testo di oggi si aggancia anche col vangelo di domenica prossima sulla chiamata dei primi 4 discepoli, che \u00e8 uno schema letterario agiografico ed enfatico, poich\u00e9 in modo irrealistico lasciano tutto istantaneamente per seguire Ges\u00f9.<\/p>\n\n\n\n<p>Il vangelo odierno [prolungandolo almeno sino al v. 44] ci dice invece come sono andate <em>storicamente<\/em> le cose: che ci facevano Andrea e Pietro nella cerchia del Battista prima che Ges\u00f9 li chiamasse? Di Andrea si dice esplicitamente che era discepolo del Battista, ma anche Pietro (e pure Ges\u00f9) era tra i suoi simpatizzanti.<\/p>\n\n\n\n<p>Mezzo mondo era confluito da Giovanni: \u00abAccorrevano a lui da <em>Gerusalemme<\/em>, da tutta la Giudea e dalla zona adiacente il Giordano\u00bb: non solo gente comune ma pezzi da 90 come \u00abmolti farisei e sadducei\u00bb (Mt 3,5-7); \u00abi Giudei gli inviarono da <em>Gerusalemme<\/em> sacerdoti e leviti a interrogarlo\u00bb (Gv 1,19).<\/p>\n\n\n\n<p>Ges\u00f9 ha conosciuto i suoi futuri discepoli (galilei e gerosolimitani, uomini e donne) nella cerchia del Battista; tanto da intrattenersi e discutere con loro sino alle quattro del pomeriggio [Gv 1,39; un particolare superfluo nell&#8217;economia teologica del vangelo, ma proprio per questo sicuramente storico, proveniente da una fonte precisa e dettagliata].<\/p>\n\n\n\n<p>Ges\u00f9 li ha ben vagliati prima di chiamarli, compresi quelli gerosolimitani. Se Ges\u00f9 \u00e8 salito a Gerusalemme solo una volta alla fine (come sembra nei sinottici) ci\u00f2 non risulta molto compatibile coi discepoli nella citt\u00e0 santa; ma se seguiamo il pi\u00f9 attendibile quarto vangelo, egli vi \u00e8 salito almeno cinque volte, per cui ha avuto e frequentato amici pure in Giudea. Lo conferma anche Gv 7,2-5: i suoi fratelli, che non credevano in lui, lo vogliono spedire a Gerusalemme perch\u00e9 \u00abanche i tuoi discepoli [sottinteso quelli di l\u00e0] vedano le tue opere\u00bb (quelli galilaici le stanno gi\u00e0 vedendo); e per di pi\u00f9 manifestandosi al mondo nella grande citt\u00e0 santa e non in quel&#8230; buco fuori mano della Galilea.<\/p>\n\n\n\n<p><strong>Ges\u00f9 aveva amici e amiche senza gerarchie.<\/strong> In pratica faceva la spola fra la Galilea e Gerusalemme (Giudea), passando ovviamente attraverso la Samaria dove si reca a far visita a Marta e Maria nella loro casa \u201csamaritana\u201d (Lc 10,38-42). Se egli voleva molto bene a Marta, Maria e Lazzaro (Gv 11,5), non pu\u00f2 essere andato a Gerusalemme (con l&#8217;annessa Betania) una volta sola. Ges\u00f9 aveva amici e amiche, sia in Galilea (i classici 12, Natanaele, Maddalena, Giovanna, Susanna, Salome&#8230;) sia gerosolimitani (il discepolo prediletto, Nicodemo, Giuseppe d&#8217;Arimatea, Lazzaro, Maria di Cleofa, le sorelle di Betania ecc.)<\/p>\n\n\n\n<p>La vulgata tradizionale ci ha fatto credere che all&#8217;ultima cena abbiano partecipato unicamente i (presunti) 12: da qui i preti solo maschi. Invece sono importanti le suddette <em>amicizie&nbsp; femminili<\/em>; parecchie delle sue discepole erano sicuramente presenti nel cenacolo, per cui le donne devono poter presiedere l&#8217;eucarestia, comprese le (future) diaconesse soprattutto nei territori di missione.<\/p>\n\n\n\n<p><\/p>\n\n\n\n<p><strong>Appendice storico-geografica<\/strong><\/p>\n\n\n\n<p>La <em>koin\u00ea dialektos <\/em>\u00e8 la lingua comune emersa e diffusasi durante le conquiste di Alessandro Magno, diventata il greco ellenistico, la semplificata lingua franca del Mediterraneo e del Medio-Oriente; la seconda lingua che unific\u00f2 l&#8217;impero romano, l&#8217;inglese di allora. Andrea e Filippo sono probabilmente gli unici fra gli apostoli a parlarla: il che ha comportato gravi (se non insormontabili) problemi agli altri apostoli nell&#8217;annuncio del vangelo al di fuori della Palestina (nonostante la retorica al riguardo).<\/p>\n\n\n\n<p>Rivedendo la scena del film <em>Quo vadis<\/em> in cui Pietro, essendo appena arrivato a Roma e parlando per la prima volta di notte nelle catacombe (in aramaico?), viene <em>presentato<\/em> ai cristiani da Paolo, mi son detto: Paolo, che ha contribuito notevolmente alla diffusione del cristianesimo in quanto intellettuale poliglotta&#8230; l&#8217;avr\u00e0 necessariamente tradotto. Com&#8217;\u00e8 possibile che Pietro sia stato il \u201cvescovo\u201d di Roma se non parlava n\u00e9 il greco n\u00e9 il latino? [sempre che vi risiedesse stabilmente, perch\u00e9 Paolo alla fine della lettera ai romani saluta ben una trentina di persone ma non Pietro, n\u00e9 lo nomina mai e men che meno nel solenne esordio di indirizzo e saluto (Rom 1,1-7)].<\/p>\n\n\n\n<p>Invece il colto Paolo padroneggiava pi\u00f9 lingue: aramaico, ebraico (per il corso di studi e di formazione rabbinica; Atti 21,40), greco e quasi sicuramente pure il latino poich\u00e9, in quanto cittadino romano, era previsto un processo di integrazione anche linguistica (come da noi oggi per la carta di soggiorno). \u00c8 quindi pi\u00f9 verosimile che semmai il \u201cpastore\u201d di Roma, pur tra vicissitudini giudiziarie, sia stato il quadrilingue teologo Saulo di Tarso.<\/p>\n\n\n\n<p>Betsaida era situata agli estremi confini della Galilea Nord-orientale, sulla sponda est del Giordano nella pianura alluvionale creata dall&#8217;immissione del fiume nel lago di Tiberiade; nei pressi della Betania (o Betaraba, Betabara in Gv 1,28) appunto al di l\u00e0 del Giordano (luogo della predicazione del Battista), in una zona quasi fuori dall&#8217;israelitica \u201cTerra promessa\u201d, nel circondario greco-romano dell&#8217;Iturea (le attuali alture del Golan) governata dal tetrarca Filippo, che elev\u00f2 Betsaida a <em>polis<\/em> col nome di Giulia in onore della figlia di Augusto (Giuseppe Flavio, <em>Antichit\u00e0 giudaiche<\/em> 18,28). Betsaida \u00e8 stata frequentata da Ges\u00f9 che la biasim\u00f2\/condann\u00f2 (\u00abGuai a te Betsaida\u00bb in Mt 11,21); nella zona del lago antistante \u00e8 situata la camminata sulle acque, e nei suoi prati del retroterra la moltiplicazione dei pani.<\/p>\n","protected":false},"excerpt":{"rendered":"<p>Vangelo della 2\u00aa domenica ordinaria: Giovanni 1,29-34 (35-44) In questo anno A del tempo liturgico ordinario leggeremo il vangelo di Matteo; ma, prima di tale lettura continua, il lezionario ha premesso il passo di Gv 1,29-34, come intermediario fra il vangelo di domenica scorsa (Matteo 3,13-17) e quello di domenica prossima sulla chiamata dei discepoli [&hellip;]<\/p>\n","protected":false},"author":29,"featured_media":3662,"comment_status":"open","ping_status":"open","sticky":false,"template":"","format":"standard","meta":{"_et_pb_use_builder":"off","_et_pb_old_content":"","_et_gb_content_width":"","footnotes":""},"categories":[220,1],"tags":[],"class_list":["post-3659","post","type-post","status-publish","format-standard","has-post-thumbnail","hentry","category-bibbia-teologia-religioni","category-news"],"yoast_head":"<!-- This site is optimized with the Yoast SEO plugin v26.4 - https:\/\/yoast.com\/wordpress\/plugins\/seo\/ -->\n<title>Mezzo mondo era confluito dal Battista - Il Foglio<\/title>\n<meta name=\"robots\" content=\"index, follow, max-snippet:-1, max-image-preview:large, max-video-preview:-1\" \/>\n<link rel=\"canonical\" href=\"https:\/\/ilfoglio.info\/new\/mezzo-mondo-era-confluito-dal-battista\/\" \/>\n<meta property=\"og:locale\" content=\"it_IT\" \/>\n<meta property=\"og:type\" content=\"article\" \/>\n<meta property=\"og:title\" content=\"Mezzo mondo era confluito dal Battista - Il Foglio\" \/>\n<meta property=\"og:description\" content=\"Vangelo della 2\u00aa domenica ordinaria: Giovanni 1,29-34 (35-44) In questo anno A del tempo liturgico ordinario leggeremo il vangelo di Matteo; ma, prima di tale lettura continua, il lezionario ha premesso il passo di Gv 1,29-34, come intermediario fra il vangelo di domenica scorsa (Matteo 3,13-17) e quello di domenica prossima sulla chiamata dei discepoli [&hellip;]\" \/>\n<meta property=\"og:url\" content=\"https:\/\/ilfoglio.info\/new\/mezzo-mondo-era-confluito-dal-battista\/\" \/>\n<meta property=\"og:site_name\" content=\"Il Foglio\" \/>\n<meta property=\"article:publisher\" content=\"https:\/\/www.facebook.com\/Francescane-Elisabettine-Pastorale-Giovanile-Vocazionale-403083793120929\" \/>\n<meta property=\"article:published_time\" content=\"2026-01-16T08:00:00+00:00\" \/>\n<meta property=\"article:modified_time\" content=\"2026-01-29T21:26:37+00:00\" \/>\n<meta property=\"og:image\" content=\"https:\/\/ilfoglio.info\/new\/wp-content\/uploads\/2026\/01\/battesimo-fiume-1024x683.png\" \/>\n\t<meta property=\"og:image:width\" content=\"1024\" \/>\n\t<meta property=\"og:image:height\" content=\"683\" \/>\n\t<meta property=\"og:image:type\" content=\"image\/png\" \/>\n<meta name=\"author\" content=\"Mauro Pedrazzoli\" \/>\n<meta name=\"twitter:card\" content=\"summary_large_image\" \/>\n<meta name=\"twitter:label1\" content=\"Scritto da\" \/>\n\t<meta name=\"twitter:data1\" content=\"Mauro Pedrazzoli\" \/>\n\t<meta name=\"twitter:label2\" content=\"Tempo di lettura stimato\" \/>\n\t<meta name=\"twitter:data2\" content=\"8 minuti\" \/>\n<script type=\"application\/ld+json\" class=\"yoast-schema-graph\">{\"@context\":\"https:\/\/schema.org\",\"@graph\":[{\"@type\":\"Article\",\"@id\":\"https:\/\/ilfoglio.info\/new\/mezzo-mondo-era-confluito-dal-battista\/#article\",\"isPartOf\":{\"@id\":\"https:\/\/ilfoglio.info\/new\/mezzo-mondo-era-confluito-dal-battista\/\"},\"author\":{\"name\":\"Mauro Pedrazzoli\",\"@id\":\"https:\/\/ilfoglio.info\/new\/#\/schema\/person\/5150427490ca6594c569bc8c02001918\"},\"headline\":\"Mezzo mondo era confluito dal Battista\",\"datePublished\":\"2026-01-16T08:00:00+00:00\",\"dateModified\":\"2026-01-29T21:26:37+00:00\",\"mainEntityOfPage\":{\"@id\":\"https:\/\/ilfoglio.info\/new\/mezzo-mondo-era-confluito-dal-battista\/\"},\"wordCount\":1383,\"commentCount\":0,\"publisher\":{\"@id\":\"https:\/\/ilfoglio.info\/new\/#organization\"},\"image\":{\"@id\":\"https:\/\/ilfoglio.info\/new\/mezzo-mondo-era-confluito-dal-battista\/#primaryimage\"},\"thumbnailUrl\":\"https:\/\/ilfoglio.info\/new\/wp-content\/uploads\/2026\/01\/battesimo-fiume.png\",\"articleSection\":[\"Bibbia, teologia e religioni\",\"News\"],\"inLanguage\":\"it-IT\",\"potentialAction\":[{\"@type\":\"CommentAction\",\"name\":\"Comment\",\"target\":[\"https:\/\/ilfoglio.info\/new\/mezzo-mondo-era-confluito-dal-battista\/#respond\"]}]},{\"@type\":\"WebPage\",\"@id\":\"https:\/\/ilfoglio.info\/new\/mezzo-mondo-era-confluito-dal-battista\/\",\"url\":\"https:\/\/ilfoglio.info\/new\/mezzo-mondo-era-confluito-dal-battista\/\",\"name\":\"Mezzo mondo era confluito dal Battista - Il Foglio\",\"isPartOf\":{\"@id\":\"https:\/\/ilfoglio.info\/new\/#website\"},\"primaryImageOfPage\":{\"@id\":\"https:\/\/ilfoglio.info\/new\/mezzo-mondo-era-confluito-dal-battista\/#primaryimage\"},\"image\":{\"@id\":\"https:\/\/ilfoglio.info\/new\/mezzo-mondo-era-confluito-dal-battista\/#primaryimage\"},\"thumbnailUrl\":\"https:\/\/ilfoglio.info\/new\/wp-content\/uploads\/2026\/01\/battesimo-fiume.png\",\"datePublished\":\"2026-01-16T08:00:00+00:00\",\"dateModified\":\"2026-01-29T21:26:37+00:00\",\"breadcrumb\":{\"@id\":\"https:\/\/ilfoglio.info\/new\/mezzo-mondo-era-confluito-dal-battista\/#breadcrumb\"},\"inLanguage\":\"it-IT\",\"potentialAction\":[{\"@type\":\"ReadAction\",\"target\":[\"https:\/\/ilfoglio.info\/new\/mezzo-mondo-era-confluito-dal-battista\/\"]}]},{\"@type\":\"ImageObject\",\"inLanguage\":\"it-IT\",\"@id\":\"https:\/\/ilfoglio.info\/new\/mezzo-mondo-era-confluito-dal-battista\/#primaryimage\",\"url\":\"https:\/\/ilfoglio.info\/new\/wp-content\/uploads\/2026\/01\/battesimo-fiume.png\",\"contentUrl\":\"https:\/\/ilfoglio.info\/new\/wp-content\/uploads\/2026\/01\/battesimo-fiume.png\",\"width\":1536,\"height\":1024},{\"@type\":\"BreadcrumbList\",\"@id\":\"https:\/\/ilfoglio.info\/new\/mezzo-mondo-era-confluito-dal-battista\/#breadcrumb\",\"itemListElement\":[{\"@type\":\"ListItem\",\"position\":1,\"name\":\"Home\",\"item\":\"https:\/\/ilfoglio.info\/new\/\"},{\"@type\":\"ListItem\",\"position\":2,\"name\":\"Mezzo mondo era confluito dal Battista\"}]},{\"@type\":\"WebSite\",\"@id\":\"https:\/\/ilfoglio.info\/new\/#website\",\"url\":\"https:\/\/ilfoglio.info\/new\/\",\"name\":\"Il Foglio\",\"description\":\"\",\"publisher\":{\"@id\":\"https:\/\/ilfoglio.info\/new\/#organization\"},\"potentialAction\":[{\"@type\":\"SearchAction\",\"target\":{\"@type\":\"EntryPoint\",\"urlTemplate\":\"https:\/\/ilfoglio.info\/new\/?s={search_term_string}\"},\"query-input\":{\"@type\":\"PropertyValueSpecification\",\"valueRequired\":true,\"valueName\":\"search_term_string\"}}],\"inLanguage\":\"it-IT\"},{\"@type\":\"Organization\",\"@id\":\"https:\/\/ilfoglio.info\/new\/#organization\",\"name\":\"Istituto delle Suore Francescane Elisabettine\",\"url\":\"https:\/\/ilfoglio.info\/new\/\",\"logo\":{\"@type\":\"ImageObject\",\"inLanguage\":\"it-IT\",\"@id\":\"https:\/\/ilfoglio.info\/new\/#\/schema\/logo\/image\/\",\"url\":\"https:\/\/ilfoglio.info\/new\/wp-content\/uploads\/2022\/05\/logo-imm-profilo-fb-01.png\",\"contentUrl\":\"https:\/\/ilfoglio.info\/new\/wp-content\/uploads\/2022\/05\/logo-imm-profilo-fb-01.png\",\"width\":708,\"height\":708,\"caption\":\"Istituto delle Suore Francescane Elisabettine\"},\"image\":{\"@id\":\"https:\/\/ilfoglio.info\/new\/#\/schema\/logo\/image\/\"},\"sameAs\":[\"https:\/\/www.facebook.com\/Francescane-Elisabettine-Pastorale-Giovanile-Vocazionale-403083793120929\",\"https:\/\/www.instagram.com\/evocate__\/?hl=it\"]},{\"@type\":\"Person\",\"@id\":\"https:\/\/ilfoglio.info\/new\/#\/schema\/person\/5150427490ca6594c569bc8c02001918\",\"name\":\"Mauro Pedrazzoli\",\"image\":{\"@type\":\"ImageObject\",\"inLanguage\":\"it-IT\",\"@id\":\"https:\/\/ilfoglio.info\/new\/#\/schema\/person\/image\/\",\"url\":\"https:\/\/secure.gravatar.com\/avatar\/27fa5c25bf3dd76657fb8ddb6dcf11fae23ce588752530e85d42262437504ef8?s=96&d=mm&r=g\",\"contentUrl\":\"https:\/\/secure.gravatar.com\/avatar\/27fa5c25bf3dd76657fb8ddb6dcf11fae23ce588752530e85d42262437504ef8?s=96&d=mm&r=g\",\"caption\":\"Mauro Pedrazzoli\"},\"url\":\"https:\/\/ilfoglio.info\/new\/author\/mauro-pedrazzoli\/\"}]}<\/script>\n<!-- \/ Yoast SEO plugin. -->","yoast_head_json":{"title":"Mezzo mondo era confluito dal Battista - Il Foglio","robots":{"index":"index","follow":"follow","max-snippet":"max-snippet:-1","max-image-preview":"max-image-preview:large","max-video-preview":"max-video-preview:-1"},"canonical":"https:\/\/ilfoglio.info\/new\/mezzo-mondo-era-confluito-dal-battista\/","og_locale":"it_IT","og_type":"article","og_title":"Mezzo mondo era confluito dal Battista - Il Foglio","og_description":"Vangelo della 2\u00aa domenica ordinaria: Giovanni 1,29-34 (35-44) In questo anno A del tempo liturgico ordinario leggeremo il vangelo di Matteo; ma, prima di tale lettura continua, il lezionario ha premesso il passo di Gv 1,29-34, come intermediario fra il vangelo di domenica scorsa (Matteo 3,13-17) e quello di domenica prossima sulla chiamata dei discepoli [&hellip;]","og_url":"https:\/\/ilfoglio.info\/new\/mezzo-mondo-era-confluito-dal-battista\/","og_site_name":"Il Foglio","article_publisher":"https:\/\/www.facebook.com\/Francescane-Elisabettine-Pastorale-Giovanile-Vocazionale-403083793120929","article_published_time":"2026-01-16T08:00:00+00:00","article_modified_time":"2026-01-29T21:26:37+00:00","og_image":[{"width":1024,"height":683,"url":"https:\/\/ilfoglio.info\/new\/wp-content\/uploads\/2026\/01\/battesimo-fiume-1024x683.png","type":"image\/png"}],"author":"Mauro Pedrazzoli","twitter_card":"summary_large_image","twitter_misc":{"Scritto da":"Mauro Pedrazzoli","Tempo di lettura stimato":"8 minuti"},"schema":{"@context":"https:\/\/schema.org","@graph":[{"@type":"Article","@id":"https:\/\/ilfoglio.info\/new\/mezzo-mondo-era-confluito-dal-battista\/#article","isPartOf":{"@id":"https:\/\/ilfoglio.info\/new\/mezzo-mondo-era-confluito-dal-battista\/"},"author":{"name":"Mauro Pedrazzoli","@id":"https:\/\/ilfoglio.info\/new\/#\/schema\/person\/5150427490ca6594c569bc8c02001918"},"headline":"Mezzo mondo era confluito dal Battista","datePublished":"2026-01-16T08:00:00+00:00","dateModified":"2026-01-29T21:26:37+00:00","mainEntityOfPage":{"@id":"https:\/\/ilfoglio.info\/new\/mezzo-mondo-era-confluito-dal-battista\/"},"wordCount":1383,"commentCount":0,"publisher":{"@id":"https:\/\/ilfoglio.info\/new\/#organization"},"image":{"@id":"https:\/\/ilfoglio.info\/new\/mezzo-mondo-era-confluito-dal-battista\/#primaryimage"},"thumbnailUrl":"https:\/\/ilfoglio.info\/new\/wp-content\/uploads\/2026\/01\/battesimo-fiume.png","articleSection":["Bibbia, teologia e religioni","News"],"inLanguage":"it-IT","potentialAction":[{"@type":"CommentAction","name":"Comment","target":["https:\/\/ilfoglio.info\/new\/mezzo-mondo-era-confluito-dal-battista\/#respond"]}]},{"@type":"WebPage","@id":"https:\/\/ilfoglio.info\/new\/mezzo-mondo-era-confluito-dal-battista\/","url":"https:\/\/ilfoglio.info\/new\/mezzo-mondo-era-confluito-dal-battista\/","name":"Mezzo mondo era confluito dal Battista - Il Foglio","isPartOf":{"@id":"https:\/\/ilfoglio.info\/new\/#website"},"primaryImageOfPage":{"@id":"https:\/\/ilfoglio.info\/new\/mezzo-mondo-era-confluito-dal-battista\/#primaryimage"},"image":{"@id":"https:\/\/ilfoglio.info\/new\/mezzo-mondo-era-confluito-dal-battista\/#primaryimage"},"thumbnailUrl":"https:\/\/ilfoglio.info\/new\/wp-content\/uploads\/2026\/01\/battesimo-fiume.png","datePublished":"2026-01-16T08:00:00+00:00","dateModified":"2026-01-29T21:26:37+00:00","breadcrumb":{"@id":"https:\/\/ilfoglio.info\/new\/mezzo-mondo-era-confluito-dal-battista\/#breadcrumb"},"inLanguage":"it-IT","potentialAction":[{"@type":"ReadAction","target":["https:\/\/ilfoglio.info\/new\/mezzo-mondo-era-confluito-dal-battista\/"]}]},{"@type":"ImageObject","inLanguage":"it-IT","@id":"https:\/\/ilfoglio.info\/new\/mezzo-mondo-era-confluito-dal-battista\/#primaryimage","url":"https:\/\/ilfoglio.info\/new\/wp-content\/uploads\/2026\/01\/battesimo-fiume.png","contentUrl":"https:\/\/ilfoglio.info\/new\/wp-content\/uploads\/2026\/01\/battesimo-fiume.png","width":1536,"height":1024},{"@type":"BreadcrumbList","@id":"https:\/\/ilfoglio.info\/new\/mezzo-mondo-era-confluito-dal-battista\/#breadcrumb","itemListElement":[{"@type":"ListItem","position":1,"name":"Home","item":"https:\/\/ilfoglio.info\/new\/"},{"@type":"ListItem","position":2,"name":"Mezzo mondo era confluito dal Battista"}]},{"@type":"WebSite","@id":"https:\/\/ilfoglio.info\/new\/#website","url":"https:\/\/ilfoglio.info\/new\/","name":"Il Foglio","description":"","publisher":{"@id":"https:\/\/ilfoglio.info\/new\/#organization"},"potentialAction":[{"@type":"SearchAction","target":{"@type":"EntryPoint","urlTemplate":"https:\/\/ilfoglio.info\/new\/?s={search_term_string}"},"query-input":{"@type":"PropertyValueSpecification","valueRequired":true,"valueName":"search_term_string"}}],"inLanguage":"it-IT"},{"@type":"Organization","@id":"https:\/\/ilfoglio.info\/new\/#organization","name":"Istituto delle Suore Francescane Elisabettine","url":"https:\/\/ilfoglio.info\/new\/","logo":{"@type":"ImageObject","inLanguage":"it-IT","@id":"https:\/\/ilfoglio.info\/new\/#\/schema\/logo\/image\/","url":"https:\/\/ilfoglio.info\/new\/wp-content\/uploads\/2022\/05\/logo-imm-profilo-fb-01.png","contentUrl":"https:\/\/ilfoglio.info\/new\/wp-content\/uploads\/2022\/05\/logo-imm-profilo-fb-01.png","width":708,"height":708,"caption":"Istituto delle Suore Francescane Elisabettine"},"image":{"@id":"https:\/\/ilfoglio.info\/new\/#\/schema\/logo\/image\/"},"sameAs":["https:\/\/www.facebook.com\/Francescane-Elisabettine-Pastorale-Giovanile-Vocazionale-403083793120929","https:\/\/www.instagram.com\/evocate__\/?hl=it"]},{"@type":"Person","@id":"https:\/\/ilfoglio.info\/new\/#\/schema\/person\/5150427490ca6594c569bc8c02001918","name":"Mauro Pedrazzoli","image":{"@type":"ImageObject","inLanguage":"it-IT","@id":"https:\/\/ilfoglio.info\/new\/#\/schema\/person\/image\/","url":"https:\/\/secure.gravatar.com\/avatar\/27fa5c25bf3dd76657fb8ddb6dcf11fae23ce588752530e85d42262437504ef8?s=96&d=mm&r=g","contentUrl":"https:\/\/secure.gravatar.com\/avatar\/27fa5c25bf3dd76657fb8ddb6dcf11fae23ce588752530e85d42262437504ef8?s=96&d=mm&r=g","caption":"Mauro Pedrazzoli"},"url":"https:\/\/ilfoglio.info\/new\/author\/mauro-pedrazzoli\/"}]}},"_links":{"self":[{"href":"https:\/\/ilfoglio.info\/new\/wp-json\/wp\/v2\/posts\/3659","targetHints":{"allow":["GET"]}}],"collection":[{"href":"https:\/\/ilfoglio.info\/new\/wp-json\/wp\/v2\/posts"}],"about":[{"href":"https:\/\/ilfoglio.info\/new\/wp-json\/wp\/v2\/types\/post"}],"author":[{"embeddable":true,"href":"https:\/\/ilfoglio.info\/new\/wp-json\/wp\/v2\/users\/29"}],"replies":[{"embeddable":true,"href":"https:\/\/ilfoglio.info\/new\/wp-json\/wp\/v2\/comments?post=3659"}],"version-history":[{"count":2,"href":"https:\/\/ilfoglio.info\/new\/wp-json\/wp\/v2\/posts\/3659\/revisions"}],"predecessor-version":[{"id":3665,"href":"https:\/\/ilfoglio.info\/new\/wp-json\/wp\/v2\/posts\/3659\/revisions\/3665"}],"wp:featuredmedia":[{"embeddable":true,"href":"https:\/\/ilfoglio.info\/new\/wp-json\/wp\/v2\/media\/3662"}],"wp:attachment":[{"href":"https:\/\/ilfoglio.info\/new\/wp-json\/wp\/v2\/media?parent=3659"}],"wp:term":[{"taxonomy":"category","embeddable":true,"href":"https:\/\/ilfoglio.info\/new\/wp-json\/wp\/v2\/categories?post=3659"},{"taxonomy":"post_tag","embeddable":true,"href":"https:\/\/ilfoglio.info\/new\/wp-json\/wp\/v2\/tags?post=3659"}],"curies":[{"name":"wp","href":"https:\/\/api.w.org\/{rel}","templated":true}]}}