{"id":3678,"date":"2026-01-28T09:00:00","date_gmt":"2026-01-28T08:00:00","guid":{"rendered":"https:\/\/ilfoglio.info\/new\/?p=3678"},"modified":"2026-01-28T07:07:43","modified_gmt":"2026-01-28T06:07:43","slug":"che-cosa-resta-dei-nostri-maestri","status":"publish","type":"post","link":"https:\/\/ilfoglio.info\/new\/che-cosa-resta-dei-nostri-maestri\/","title":{"rendered":"Che cosa resta dei nostri maestri"},"content":{"rendered":"\n<p><strong>Registro di scuola \/ 8<\/strong><\/p>\n\n\n\n<p><em>Si conclude con questa puntata<\/em> <em>il Registro dell&#8217;anno scolastico 2024-2025. Per leggere le puntate precedenti basta cliccare sul nome dell&#8217;autore sotto il titolo in alto a sinistra. A breve ricomincer\u00e0 il Registro del 2025-2026.<\/em><\/p>\n\n\n\n<p class=\"has-text-align-right\"><em>30 dicembre<\/em><\/p>\n\n\n\n<p><strong>Appuntamento<\/strong>. Non mi sembra vero: ricevo una notifica dal registro secondo la quale un genitore mi chiede conferma del ricevimento il 2 di gennaio! Formalmente ha ragione: il sistema una volta impostato il giorno e l\u2019ora del ricevimento crea degli slot automatici. Va da s\u00e9 che se la scuola \u00e8 chiusa \u00e8 difficile che si possa fare il ricevimento. E non ci va molto a capire che durante le vacanze natalizie la scuola resta chiusa, o almeno i professori non sono in servizio. Certo, per la precisione avrei dovuto eliminare questo slot, o meglio avrebbe dovuto farlo il sistema. Mi viene da pensare, a fronte della mia negligenza, come faccia un adulto a fidarsi pi\u00f9 di un sistema automatico che del buon senso\u2026<\/p>\n\n\n\n<p class=\"has-text-align-right\"><em>17 marzo<\/em><\/p>\n\n\n\n<p><strong>Giovenale<\/strong>. Anche se sono laureato in Lettere classiche, mi c\u00e0pita raramente di fare lezione di letteratura latina dell\u2019et\u00e0 imperiale. Sapendo che una collega con cui spesso collaboro doveva affrontare l\u2019autore su cui mi sono laureato, Giovenale, ho chiesto di andare a fare una lezione nella sua quinta. Sono anni che non spiego questo autore&#8230; Il fatto \u00e8 che i libri in genere non lo trattano bene e spesso dovendo fare dei tagli&#8230; si taglia Giovenale (e qualche altro). L&#8217;ultima quinta in cui l&#8217;ho spiegato credo risalga a una decina di anni fa. Questo autore comunque mi \u00e8 rimasto dentro: qualche amico pi\u00f9 in confidenza mi dice che anche nei miei modi di esprimermi devo aver ereditato qualcosa dall\u2019autore che ho studiato, che \u00e8 un gran moralista che tende a vedere nero ovunque ed esagera in modo parossistico la realt\u00e0 deformandola, non risparmiando nessuna espressione linguistica pi\u00f9 volgare. Un autore oggi pi\u00f9 che mai quasi in via di estinzione: nel clima di <em>cancel culture<\/em> e <em>woke<\/em> che viviamo dubito che Giovenale possa suscitare entusiasmo negli studenti, a meno che siano MAGA (o MEGA)! Gi\u00e0 a quei tempi, a margine di una conferenza sulle famigerata satira sesta di Giovenale, contro le donne, il mio professore dovette subire un\u2019invettiva di alcune femministe che lo rimproverarono di aver presentato un argomento tanto sgradevole, che sarebbe stato meglio tacere: precorritrici della <em>cancel culture.<\/em><\/p>\n\n\n\n<p>L&#8217;occasione di preparare una presentazione sul \u201cmio\u201d autore mi ha fatto tornare alla mente tanti ricordi, tante impressioni di quel periodo lontano. Penso di dovere a quell\u2019apprendistato molte cose: e non solo riguardo a Giovenale, o alla satira. Per esempio il modo di affrontare i testi: stando molto radicati sul testo stesso, cercando di esaminarlo nell\u2019insieme e nel dettaglio. Ma direi anche pi\u00f9 in generale il modo di concepire la letteratura, non solo latina. Questo \u00e8 venuto fuori bene nella discussione vivace davanti ai ragazzi con la collega della classe che mi ha invitato: lei sosteneva pressappoco la tesi della letteratura umanizzante&#8230; Io no, mi pare che non ci siamo. Fosse vero. Ma non ci credo. La collega ribatteva che almeno a scuola un po&#8217; bisogna crederci: e glielo concedo. Ma c&#8217;\u00e8 modo e modo. Non tutti i modi mi piacciono. La convinzione del mio \u201cmaestro\u201d \u00e8 che la letteratura ha un suo status e una sua autonomia e non possa essere ridotta alla storia o all\u2019antropologia. E la letteratura non fa diventare pi\u00f9 buoni. Quando mai.<\/p>\n\n\n\n<p>Dopo la lezione gli ho scritto. Ho fatto difficolt\u00e0 a trovare la sua mail, ma ce l\u2019ho fatta. Pur avendolo incontrato in modo casuale qualche volta, purtroppo non ho mantenuto i contatti. Gli ho espresso la mia gratitudine, mi ha risposto in modo non formale. Mi sono commosso a leggere la sua risposta. A distanza di tempo credo sia bello sapere che rimane molto, quasi tutto. Sembra il contrario, ma non \u00e8 vero.<\/p>\n\n\n\n<p>Cos\u00ec a distanza di tanti lustri c\u00e0pita con un altro maestro che ho avuto, di glottodidattica e linguistica: l&#8217;idea di grammatica che gira oggi nelle scuole \u00e8 molto vecchia (l\u2019elenco dei complementi!), e invece di andare avanti, siamo andati indietro, e studiare la lingua con lui \u00e8 stato davvero una bella avventura.<\/p>\n\n\n\n<p class=\"has-text-align-right\"><em>25 marzo<\/em><\/p>\n\n\n\n<p><strong>Pianti<\/strong>. Quando arrivo a scuola vedo dei piccoli crocicchi nel corridoio. \u00c8 normale, ma non \u00e8 normale quel tono, quel \u201csottovoce\u201d. Mi avvicino e capisco: \u00e8 successa una brutta cosa: il marito di una collega si \u00e8 suicidato. Lascia un bambino piccolo. Le voci in un ambiente come la scuola si espandono velocemente. Per due ore faccio lezione e non ci penso, ma quando esco per l\u2019intervallo i crocicchi si sono moltiplicati, anche dentro la sala insegnanti si respira un\u2019aria molto triste. Vedo colleghe e colleghi piangere, pi\u00f9 di uno. In queste occasioni io non so mai come comportarmi\u2026 Non riesco a sopportare quell\u2019aria, ascolto un po\u2019, non so che fare. Decido di andare a casa senza quasi salutare: non riesco a sopportare quel clima, mi fa troppo male. Non so come far\u00e0, la collega. Sono muto.<\/p>\n\n\n\n<p class=\"has-text-align-right\"><em>17 maggio<\/em><\/p>\n\n\n\n<p><strong>Velocit\u00e0 oraria<\/strong>. Arrivo alla fine dell\u2019anno della terza quasi sempre con lo stesso dilemma: se faccio bene Boccaccio, faccio maluccio Petrarca e viceversa. Certo, le classi non aiutano! O forse sono io che non sono capace, evidentemente. Inserendo gli argomenti sul registro elettronico calcolo che per fare il sonetto incipitario del Canzoniere ci ho messo due o tre lezioni! Non \u00e8 possibile leggere 8 versi in una lezione! \u00c8 vero che all\u2019inizio ci sono tante cose da chiarire, io lascio sempre a loro l\u2019inquadramento, assegnando le pagine introduttive sul libro, ma poi di fatto una parte di quegli elementi ritorna leggendo direttamente i testi. Sento di colleghe che leggono in una sola lezione due tre o quattro testi, anche pi\u00f9 lunghi di semplici sonetti. Se la cavano molto meglio di me. Ma quel che \u00e8 peggio \u00e8, talora, l\u2019illusione che lo <em>slow reading<\/em> serva a qualcosa. Mi \u00e8 capitato in una prima di arrabbiarmi incontenibilmente perch\u00e9 in due lezioni consecutive di epica, a distanza di meno di 24 ore una dall\u2019altra, gli allievi non sapevano rispondere a semplici domande su quello che avevamo letto il giorno prima. Forse perch\u00e9 avevo letto pi\u00f9 di 8 versi?<\/p>\n\n\n\n<p class=\"has-text-align-right\"><em>3 giugno<\/em><\/p>\n\n\n\n<p><strong>Scherzetto<\/strong>. Mentre sto parlando con un exallievo, capisco da un cenno che sa qualcosa che mi era successo a scuola al tempo del Covid, quattro anni fa&#8230; Vado fino in fondo, perch\u00e9 la curiosit\u00e0 mi rode. Vengo cos\u00ec a sapere il retroscena di un episodio che non mi aveva fatto onore al tempo del covid.<\/p>\n\n\n\n<p>Stavamo tutti imparando a usare quegli strumenti che ci sono poi divenuti familiari, uno per tutti: meet, con tutte le sue funzionalit\u00e0. Ero a casa, appunto. Una mattina dovevo spiegare storia. Volevo presentare il libro di testo, c&#8217;era la possibilit\u00e0, ma non riuscivo a farlo. Mi squilla il telefono fisso. Non vado a rispondere, lo lascio squillare, ma ovviamente la sovrapposizione tra il lungo squillo e la mia voce che cercava di guidare i ragazzi sulle pagine presentate da remoto mi dava un certo fastidio. Passano pochi minuti e il telefono squilla di nuovo. Questa volta vado a rispondere: non potevo sapere chi fosse. Magari era una cosa urgente. Non risponde nessuno. Riattacco. Passa qualche minuto e squilla di nuovo. Di nuovo devo interrompere \u2013 e nel frattempo non riuscivo a presentare il libro nel modo in cui volevo e stavo cominciando a perdere i freni inibitori \u2013 e di nuovo nessuno risponde. Credo che la cosa sia continuata per qualche altra volta. Alla fine devo aver tirato gi\u00f9 non una bestemmia ma una sonora parolaccia, che ovviamente hanno sentito tutti \u2013 all\u2019epoca molti genitori approfittavano delle lezioni da remoto per ascoltare senza essere visti alcune lezioni dei figli. Quell\u2019episodio fu probabilmente riferito al coordinatore di classe, forse senza citare l\u2019autore, e divenne oggetto di una severa critica durante il Consiglio di classe (ovviamente sempre da remoto). Io ci rimasi male, sia per aver avuto quella reazione eccessiva sia per la citazione che se ne fece, pur senza riferirsi a me, durante il Consiglio.<\/p>\n\n\n\n<p>A parziale risarcimento tardivo vengo a scoprire che quelle telefonate non furono casuali. Un mio allievo, trovato il numero di telefono sulla guida, durante la lezione aveva fatto in modo di interrompere o almeno di rendere difficile o impossibile la lezione. Mi chiedo che gusto particolare ci fosse a fare uno scherzo di questo tipo, sicuramente fu un\u2019idea brillante in una situazione gi\u00e0 di per s\u00e9 difficile come quella di gestire una lezione da remoto durante il covid, con allievi che non si connettevano, e se si connettevano non mostravano il volto, e comunque non davano segni di vita ad eventuali domande ecc. Viene da pensare alla verit\u00e0 di quel detto andreottiano, per cui a pensar male si fa peccato ma non si sbaglia quasi mai. Quella volta non pensai male. E mi sbagliai.<\/p>\n","protected":false},"excerpt":{"rendered":"<p>Registro di scuola \/ 8 Si conclude con questa puntata il Registro dell&#8217;anno scolastico 2024-2025. Per leggere le puntate precedenti basta cliccare sul nome dell&#8217;autore sotto il titolo in alto a sinistra. A breve ricomincer\u00e0 il Registro del 2025-2026. 30 dicembre Appuntamento. Non mi sembra vero: ricevo una notifica dal registro secondo la quale un [&hellip;]<\/p>\n","protected":false},"author":31,"featured_media":3679,"comment_status":"open","ping_status":"open","sticky":false,"template":"","format":"standard","meta":{"_et_pb_use_builder":"off","_et_pb_old_content":"","_et_gb_content_width":"","footnotes":""},"categories":[1,228],"tags":[],"class_list":["post-3678","post","type-post","status-publish","format-standard","has-post-thumbnail","hentry","category-news","category-zibaldone"],"yoast_head":"<!-- This site is optimized with the Yoast SEO plugin v26.4 - https:\/\/yoast.com\/wordpress\/plugins\/seo\/ -->\n<title>Che cosa resta dei nostri maestri - Il Foglio<\/title>\n<meta name=\"robots\" content=\"index, follow, max-snippet:-1, max-image-preview:large, max-video-preview:-1\" \/>\n<link rel=\"canonical\" href=\"https:\/\/ilfoglio.info\/new\/che-cosa-resta-dei-nostri-maestri\/\" \/>\n<meta property=\"og:locale\" content=\"it_IT\" \/>\n<meta property=\"og:type\" content=\"article\" \/>\n<meta property=\"og:title\" content=\"Che cosa resta dei nostri maestri - Il Foglio\" \/>\n<meta property=\"og:description\" content=\"Registro di scuola \/ 8 Si conclude con questa puntata il Registro dell&#8217;anno scolastico 2024-2025. Per leggere le puntate precedenti basta cliccare sul nome dell&#8217;autore sotto il titolo in alto a sinistra. A breve ricomincer\u00e0 il Registro del 2025-2026. 30 dicembre Appuntamento. Non mi sembra vero: ricevo una notifica dal registro secondo la quale un [&hellip;]\" \/>\n<meta property=\"og:url\" content=\"https:\/\/ilfoglio.info\/new\/che-cosa-resta-dei-nostri-maestri\/\" \/>\n<meta property=\"og:site_name\" content=\"Il Foglio\" \/>\n<meta property=\"article:publisher\" content=\"https:\/\/www.facebook.com\/Francescane-Elisabettine-Pastorale-Giovanile-Vocazionale-403083793120929\" \/>\n<meta property=\"article:published_time\" content=\"2026-01-28T08:00:00+00:00\" \/>\n<meta property=\"og:image\" content=\"https:\/\/ilfoglio.info\/new\/wp-content\/uploads\/2026\/01\/libro-e-tempo-e1769580418732.png\" \/>\n\t<meta property=\"og:image:width\" content=\"653\" \/>\n\t<meta property=\"og:image:height\" content=\"783\" \/>\n\t<meta property=\"og:image:type\" content=\"image\/png\" \/>\n<meta name=\"author\" content=\"Savio Simoncini\" \/>\n<meta name=\"twitter:card\" content=\"summary_large_image\" \/>\n<meta name=\"twitter:label1\" content=\"Scritto da\" \/>\n\t<meta name=\"twitter:data1\" content=\"Savio Simoncini\" \/>\n\t<meta name=\"twitter:label2\" content=\"Tempo di lettura stimato\" \/>\n\t<meta name=\"twitter:data2\" content=\"9 minuti\" \/>\n<script type=\"application\/ld+json\" class=\"yoast-schema-graph\">{\"@context\":\"https:\/\/schema.org\",\"@graph\":[{\"@type\":\"Article\",\"@id\":\"https:\/\/ilfoglio.info\/new\/che-cosa-resta-dei-nostri-maestri\/#article\",\"isPartOf\":{\"@id\":\"https:\/\/ilfoglio.info\/new\/che-cosa-resta-dei-nostri-maestri\/\"},\"author\":{\"name\":\"Savio Simoncini\",\"@id\":\"https:\/\/ilfoglio.info\/new\/#\/schema\/person\/75c9ffb765b6f61bfb22c1558c3b3da5\"},\"headline\":\"Che cosa resta dei nostri maestri\",\"datePublished\":\"2026-01-28T08:00:00+00:00\",\"mainEntityOfPage\":{\"@id\":\"https:\/\/ilfoglio.info\/new\/che-cosa-resta-dei-nostri-maestri\/\"},\"wordCount\":1481,\"commentCount\":0,\"publisher\":{\"@id\":\"https:\/\/ilfoglio.info\/new\/#organization\"},\"image\":{\"@id\":\"https:\/\/ilfoglio.info\/new\/che-cosa-resta-dei-nostri-maestri\/#primaryimage\"},\"thumbnailUrl\":\"https:\/\/ilfoglio.info\/new\/wp-content\/uploads\/2026\/01\/libro-e-tempo-e1769580418732.png\",\"articleSection\":[\"News\",\"Zibaldone\"],\"inLanguage\":\"it-IT\",\"potentialAction\":[{\"@type\":\"CommentAction\",\"name\":\"Comment\",\"target\":[\"https:\/\/ilfoglio.info\/new\/che-cosa-resta-dei-nostri-maestri\/#respond\"]}]},{\"@type\":\"WebPage\",\"@id\":\"https:\/\/ilfoglio.info\/new\/che-cosa-resta-dei-nostri-maestri\/\",\"url\":\"https:\/\/ilfoglio.info\/new\/che-cosa-resta-dei-nostri-maestri\/\",\"name\":\"Che cosa resta dei nostri maestri - Il Foglio\",\"isPartOf\":{\"@id\":\"https:\/\/ilfoglio.info\/new\/#website\"},\"primaryImageOfPage\":{\"@id\":\"https:\/\/ilfoglio.info\/new\/che-cosa-resta-dei-nostri-maestri\/#primaryimage\"},\"image\":{\"@id\":\"https:\/\/ilfoglio.info\/new\/che-cosa-resta-dei-nostri-maestri\/#primaryimage\"},\"thumbnailUrl\":\"https:\/\/ilfoglio.info\/new\/wp-content\/uploads\/2026\/01\/libro-e-tempo-e1769580418732.png\",\"datePublished\":\"2026-01-28T08:00:00+00:00\",\"breadcrumb\":{\"@id\":\"https:\/\/ilfoglio.info\/new\/che-cosa-resta-dei-nostri-maestri\/#breadcrumb\"},\"inLanguage\":\"it-IT\",\"potentialAction\":[{\"@type\":\"ReadAction\",\"target\":[\"https:\/\/ilfoglio.info\/new\/che-cosa-resta-dei-nostri-maestri\/\"]}]},{\"@type\":\"ImageObject\",\"inLanguage\":\"it-IT\",\"@id\":\"https:\/\/ilfoglio.info\/new\/che-cosa-resta-dei-nostri-maestri\/#primaryimage\",\"url\":\"https:\/\/ilfoglio.info\/new\/wp-content\/uploads\/2026\/01\/libro-e-tempo-e1769580418732.png\",\"contentUrl\":\"https:\/\/ilfoglio.info\/new\/wp-content\/uploads\/2026\/01\/libro-e-tempo-e1769580418732.png\",\"width\":653,\"height\":783},{\"@type\":\"BreadcrumbList\",\"@id\":\"https:\/\/ilfoglio.info\/new\/che-cosa-resta-dei-nostri-maestri\/#breadcrumb\",\"itemListElement\":[{\"@type\":\"ListItem\",\"position\":1,\"name\":\"Home\",\"item\":\"https:\/\/ilfoglio.info\/new\/\"},{\"@type\":\"ListItem\",\"position\":2,\"name\":\"Che cosa resta dei nostri maestri\"}]},{\"@type\":\"WebSite\",\"@id\":\"https:\/\/ilfoglio.info\/new\/#website\",\"url\":\"https:\/\/ilfoglio.info\/new\/\",\"name\":\"Il Foglio\",\"description\":\"\",\"publisher\":{\"@id\":\"https:\/\/ilfoglio.info\/new\/#organization\"},\"potentialAction\":[{\"@type\":\"SearchAction\",\"target\":{\"@type\":\"EntryPoint\",\"urlTemplate\":\"https:\/\/ilfoglio.info\/new\/?s={search_term_string}\"},\"query-input\":{\"@type\":\"PropertyValueSpecification\",\"valueRequired\":true,\"valueName\":\"search_term_string\"}}],\"inLanguage\":\"it-IT\"},{\"@type\":\"Organization\",\"@id\":\"https:\/\/ilfoglio.info\/new\/#organization\",\"name\":\"Istituto delle Suore Francescane Elisabettine\",\"url\":\"https:\/\/ilfoglio.info\/new\/\",\"logo\":{\"@type\":\"ImageObject\",\"inLanguage\":\"it-IT\",\"@id\":\"https:\/\/ilfoglio.info\/new\/#\/schema\/logo\/image\/\",\"url\":\"https:\/\/ilfoglio.info\/new\/wp-content\/uploads\/2022\/05\/logo-imm-profilo-fb-01.png\",\"contentUrl\":\"https:\/\/ilfoglio.info\/new\/wp-content\/uploads\/2022\/05\/logo-imm-profilo-fb-01.png\",\"width\":708,\"height\":708,\"caption\":\"Istituto delle Suore Francescane Elisabettine\"},\"image\":{\"@id\":\"https:\/\/ilfoglio.info\/new\/#\/schema\/logo\/image\/\"},\"sameAs\":[\"https:\/\/www.facebook.com\/Francescane-Elisabettine-Pastorale-Giovanile-Vocazionale-403083793120929\",\"https:\/\/www.instagram.com\/evocate__\/?hl=it\"]},{\"@type\":\"Person\",\"@id\":\"https:\/\/ilfoglio.info\/new\/#\/schema\/person\/75c9ffb765b6f61bfb22c1558c3b3da5\",\"name\":\"Savio Simoncini\",\"image\":{\"@type\":\"ImageObject\",\"inLanguage\":\"it-IT\",\"@id\":\"https:\/\/ilfoglio.info\/new\/#\/schema\/person\/image\/\",\"url\":\"https:\/\/secure.gravatar.com\/avatar\/19554233aea4ad8ea84fcb532b333306127e8b267c972e4d8de7a47e5d73ce37?s=96&d=mm&r=g\",\"contentUrl\":\"https:\/\/secure.gravatar.com\/avatar\/19554233aea4ad8ea84fcb532b333306127e8b267c972e4d8de7a47e5d73ce37?s=96&d=mm&r=g\",\"caption\":\"Savio Simoncini\"},\"url\":\"https:\/\/ilfoglio.info\/new\/author\/savio-simoncini\/\"}]}<\/script>\n<!-- \/ Yoast SEO plugin. -->","yoast_head_json":{"title":"Che cosa resta dei nostri maestri - Il Foglio","robots":{"index":"index","follow":"follow","max-snippet":"max-snippet:-1","max-image-preview":"max-image-preview:large","max-video-preview":"max-video-preview:-1"},"canonical":"https:\/\/ilfoglio.info\/new\/che-cosa-resta-dei-nostri-maestri\/","og_locale":"it_IT","og_type":"article","og_title":"Che cosa resta dei nostri maestri - Il Foglio","og_description":"Registro di scuola \/ 8 Si conclude con questa puntata il Registro dell&#8217;anno scolastico 2024-2025. Per leggere le puntate precedenti basta cliccare sul nome dell&#8217;autore sotto il titolo in alto a sinistra. A breve ricomincer\u00e0 il Registro del 2025-2026. 30 dicembre Appuntamento. Non mi sembra vero: ricevo una notifica dal registro secondo la quale un [&hellip;]","og_url":"https:\/\/ilfoglio.info\/new\/che-cosa-resta-dei-nostri-maestri\/","og_site_name":"Il Foglio","article_publisher":"https:\/\/www.facebook.com\/Francescane-Elisabettine-Pastorale-Giovanile-Vocazionale-403083793120929","article_published_time":"2026-01-28T08:00:00+00:00","og_image":[{"width":653,"height":783,"url":"https:\/\/ilfoglio.info\/new\/wp-content\/uploads\/2026\/01\/libro-e-tempo-e1769580418732.png","type":"image\/png"}],"author":"Savio Simoncini","twitter_card":"summary_large_image","twitter_misc":{"Scritto da":"Savio Simoncini","Tempo di lettura stimato":"9 minuti"},"schema":{"@context":"https:\/\/schema.org","@graph":[{"@type":"Article","@id":"https:\/\/ilfoglio.info\/new\/che-cosa-resta-dei-nostri-maestri\/#article","isPartOf":{"@id":"https:\/\/ilfoglio.info\/new\/che-cosa-resta-dei-nostri-maestri\/"},"author":{"name":"Savio Simoncini","@id":"https:\/\/ilfoglio.info\/new\/#\/schema\/person\/75c9ffb765b6f61bfb22c1558c3b3da5"},"headline":"Che cosa resta dei nostri maestri","datePublished":"2026-01-28T08:00:00+00:00","mainEntityOfPage":{"@id":"https:\/\/ilfoglio.info\/new\/che-cosa-resta-dei-nostri-maestri\/"},"wordCount":1481,"commentCount":0,"publisher":{"@id":"https:\/\/ilfoglio.info\/new\/#organization"},"image":{"@id":"https:\/\/ilfoglio.info\/new\/che-cosa-resta-dei-nostri-maestri\/#primaryimage"},"thumbnailUrl":"https:\/\/ilfoglio.info\/new\/wp-content\/uploads\/2026\/01\/libro-e-tempo-e1769580418732.png","articleSection":["News","Zibaldone"],"inLanguage":"it-IT","potentialAction":[{"@type":"CommentAction","name":"Comment","target":["https:\/\/ilfoglio.info\/new\/che-cosa-resta-dei-nostri-maestri\/#respond"]}]},{"@type":"WebPage","@id":"https:\/\/ilfoglio.info\/new\/che-cosa-resta-dei-nostri-maestri\/","url":"https:\/\/ilfoglio.info\/new\/che-cosa-resta-dei-nostri-maestri\/","name":"Che cosa resta dei nostri maestri - Il Foglio","isPartOf":{"@id":"https:\/\/ilfoglio.info\/new\/#website"},"primaryImageOfPage":{"@id":"https:\/\/ilfoglio.info\/new\/che-cosa-resta-dei-nostri-maestri\/#primaryimage"},"image":{"@id":"https:\/\/ilfoglio.info\/new\/che-cosa-resta-dei-nostri-maestri\/#primaryimage"},"thumbnailUrl":"https:\/\/ilfoglio.info\/new\/wp-content\/uploads\/2026\/01\/libro-e-tempo-e1769580418732.png","datePublished":"2026-01-28T08:00:00+00:00","breadcrumb":{"@id":"https:\/\/ilfoglio.info\/new\/che-cosa-resta-dei-nostri-maestri\/#breadcrumb"},"inLanguage":"it-IT","potentialAction":[{"@type":"ReadAction","target":["https:\/\/ilfoglio.info\/new\/che-cosa-resta-dei-nostri-maestri\/"]}]},{"@type":"ImageObject","inLanguage":"it-IT","@id":"https:\/\/ilfoglio.info\/new\/che-cosa-resta-dei-nostri-maestri\/#primaryimage","url":"https:\/\/ilfoglio.info\/new\/wp-content\/uploads\/2026\/01\/libro-e-tempo-e1769580418732.png","contentUrl":"https:\/\/ilfoglio.info\/new\/wp-content\/uploads\/2026\/01\/libro-e-tempo-e1769580418732.png","width":653,"height":783},{"@type":"BreadcrumbList","@id":"https:\/\/ilfoglio.info\/new\/che-cosa-resta-dei-nostri-maestri\/#breadcrumb","itemListElement":[{"@type":"ListItem","position":1,"name":"Home","item":"https:\/\/ilfoglio.info\/new\/"},{"@type":"ListItem","position":2,"name":"Che cosa resta dei nostri maestri"}]},{"@type":"WebSite","@id":"https:\/\/ilfoglio.info\/new\/#website","url":"https:\/\/ilfoglio.info\/new\/","name":"Il Foglio","description":"","publisher":{"@id":"https:\/\/ilfoglio.info\/new\/#organization"},"potentialAction":[{"@type":"SearchAction","target":{"@type":"EntryPoint","urlTemplate":"https:\/\/ilfoglio.info\/new\/?s={search_term_string}"},"query-input":{"@type":"PropertyValueSpecification","valueRequired":true,"valueName":"search_term_string"}}],"inLanguage":"it-IT"},{"@type":"Organization","@id":"https:\/\/ilfoglio.info\/new\/#organization","name":"Istituto delle Suore Francescane Elisabettine","url":"https:\/\/ilfoglio.info\/new\/","logo":{"@type":"ImageObject","inLanguage":"it-IT","@id":"https:\/\/ilfoglio.info\/new\/#\/schema\/logo\/image\/","url":"https:\/\/ilfoglio.info\/new\/wp-content\/uploads\/2022\/05\/logo-imm-profilo-fb-01.png","contentUrl":"https:\/\/ilfoglio.info\/new\/wp-content\/uploads\/2022\/05\/logo-imm-profilo-fb-01.png","width":708,"height":708,"caption":"Istituto delle Suore Francescane Elisabettine"},"image":{"@id":"https:\/\/ilfoglio.info\/new\/#\/schema\/logo\/image\/"},"sameAs":["https:\/\/www.facebook.com\/Francescane-Elisabettine-Pastorale-Giovanile-Vocazionale-403083793120929","https:\/\/www.instagram.com\/evocate__\/?hl=it"]},{"@type":"Person","@id":"https:\/\/ilfoglio.info\/new\/#\/schema\/person\/75c9ffb765b6f61bfb22c1558c3b3da5","name":"Savio Simoncini","image":{"@type":"ImageObject","inLanguage":"it-IT","@id":"https:\/\/ilfoglio.info\/new\/#\/schema\/person\/image\/","url":"https:\/\/secure.gravatar.com\/avatar\/19554233aea4ad8ea84fcb532b333306127e8b267c972e4d8de7a47e5d73ce37?s=96&d=mm&r=g","contentUrl":"https:\/\/secure.gravatar.com\/avatar\/19554233aea4ad8ea84fcb532b333306127e8b267c972e4d8de7a47e5d73ce37?s=96&d=mm&r=g","caption":"Savio Simoncini"},"url":"https:\/\/ilfoglio.info\/new\/author\/savio-simoncini\/"}]}},"_links":{"self":[{"href":"https:\/\/ilfoglio.info\/new\/wp-json\/wp\/v2\/posts\/3678","targetHints":{"allow":["GET"]}}],"collection":[{"href":"https:\/\/ilfoglio.info\/new\/wp-json\/wp\/v2\/posts"}],"about":[{"href":"https:\/\/ilfoglio.info\/new\/wp-json\/wp\/v2\/types\/post"}],"author":[{"embeddable":true,"href":"https:\/\/ilfoglio.info\/new\/wp-json\/wp\/v2\/users\/31"}],"replies":[{"embeddable":true,"href":"https:\/\/ilfoglio.info\/new\/wp-json\/wp\/v2\/comments?post=3678"}],"version-history":[{"count":1,"href":"https:\/\/ilfoglio.info\/new\/wp-json\/wp\/v2\/posts\/3678\/revisions"}],"predecessor-version":[{"id":3680,"href":"https:\/\/ilfoglio.info\/new\/wp-json\/wp\/v2\/posts\/3678\/revisions\/3680"}],"wp:featuredmedia":[{"embeddable":true,"href":"https:\/\/ilfoglio.info\/new\/wp-json\/wp\/v2\/media\/3679"}],"wp:attachment":[{"href":"https:\/\/ilfoglio.info\/new\/wp-json\/wp\/v2\/media?parent=3678"}],"wp:term":[{"taxonomy":"category","embeddable":true,"href":"https:\/\/ilfoglio.info\/new\/wp-json\/wp\/v2\/categories?post=3678"},{"taxonomy":"post_tag","embeddable":true,"href":"https:\/\/ilfoglio.info\/new\/wp-json\/wp\/v2\/tags?post=3678"}],"curies":[{"name":"wp","href":"https:\/\/api.w.org\/{rel}","templated":true}]}}