{"id":3702,"date":"2026-02-06T09:00:00","date_gmt":"2026-02-06T08:00:00","guid":{"rendered":"https:\/\/ilfoglio.info\/new\/?p=3702"},"modified":"2026-03-01T18:34:20","modified_gmt":"2026-03-01T17:34:20","slug":"sale-della-terra-e-luce-del-cosmo","status":"publish","type":"post","link":"https:\/\/ilfoglio.info\/new\/sale-della-terra-e-luce-del-cosmo\/","title":{"rendered":"Sale della terra e luce del cosmo"},"content":{"rendered":"\n<p><strong>Vangelo della 5<\/strong>\u00aa <strong>dom. ordinaria: Matteo 5,13-16 (38-48)<\/strong><\/p>\n\n\n\n<p><\/p>\n\n\n\n<p>Nel brevissimo vangelo odierno ci sono le due immagini chiare di essere il sale della terra (che da sapore alla vita) e la luce del mondo: \u00abCos\u00ec risplenda la vostra luce davanti agli uomini, perch\u00e9 vedano le vostre opere buone\u00bb [Mt 5,16; per la precisione \u201cbelle\u201d (<em>kala<\/em>), come il bel (<em>kalos<\/em>, anzich\u00e9 \u201cbuon\u201d) pastore in Gv 10].<\/p>\n\n\n\n<p>Storicamentele opere dei cristiani non sono apparse sempre eccellenti, anzi a volte pessime (gli inquisitori), ma \u00e8 altrettanto vero che esse sovente siano state ignorate, incomprese, e pure combattute, come nel caso di Ges\u00f9 e del Battista [Mt 11,18s che qui citiamo poich\u00e9 verr\u00e0 <em>saltato<\/em> all&#8217;inizio dell&#8217;estate nella lettura continua del vangelo]: \u00ab\u00c8 venuto Giovanni che non mangia e non beve, e dicono \u201c\u00c8 indemoniato\u201d. \u00c8 venuto il figlio dell&#8217;uomo che mangia e beve, e dicono: \u201cEcco un mangione e un beone, un amico di pubblicani e peccatori\u201d. Ma la sapienza \u00e8 stata riconosciuta giusta per le opere che essa compie\u00bb (in Mt 11,19 o \u201cdai suoi figli\u201d in Luca 7,35; cfr l&#8217;appendice tecnica).<\/p>\n\n\n\n<p>Ora domenica prossimacommenteremo Mt 5,17-37 (la seconda parte del discorso della montagna), ma il resto del discorso (5,38-48), dato l&#8217;inizio della quaresima, verr\u00e0 <em>saltato<\/em> pure in giugno nella lettura continua perch\u00e9 prevarranno le letture della Trinit\u00e0 e del <em>Corpus Domini<\/em> (un pessimo calendario). Dato quindi l&#8217;esiguo vangelo odierno, trattiamo allora oggi la <em>terza<\/em> e ultima parte del grande discorso sull&#8217;amore (38-48), che inizia con la celebre triade: guancia, mantello, miglio.<\/p>\n\n\n\n<p><strong>Miglio.<\/strong> Iniziamo da quest&#8217;ultimo pi\u00f9 chiaro (presente solo in Mt 5,41, e non in Luca): \u00abSe uno ti costringer\u00e0 a fare un miglio, tu va&#8217; con lui per due\u00bb. L&#8217;autorit\u00e0 di occupazione romana,non conoscendo bene la <em>geografia<\/em> del paese, poteva obbligare uno del posto ad accompagnare i suoi funzionari o militari facendo loro strada per un miglio (romano, mille passi, 1,5 km), ma non di pi\u00f9 (una tutela legislativa del pi\u00f9 debole). Cfr. i soldati che \u201crequisiscono\u201d Simone di Cirene (il Cireneo) per portare la croce di Ges\u00f9. Ora Ges\u00f9 dice di fare da guida per due miglia; il senso \u00e8 chiaro: vai oltre la legge, oltre il diritto romano e le concezioni strettamente giuridiche, raddoppia, sii generoso, d\u00e0 a chi ti domanda, non rifiutare l&#8217;aiuto a un bisognoso, come nel v. 42 successivo, e nella prima lettura di Isaia 58,7-10 sino ad <em>introdurre in casa i senza tetto<\/em> (senza trascurare i parenti)! Ossia la dismisura del dono: tanto che in alcuni manoscritti, come la Vulgata, viene triplicato (\u00abtu fanne altri due\u00bb, cio\u00e8 tre in totale), e nel codice D, Ireneo e in parecchie versioni latine \u00abtu va&#8217; con lui per altri ancora\u00bb (alla <em>n<\/em>). \u00c8 ora di triplicare la generosit\u00e0 solidale, soprattutto oggi in tempi di guerre e migrazioni.<\/p>\n\n\n\n<p><strong>Guancia. <\/strong>\u00abSe uno ti schiaffeggia la guancia <em>destra tua<\/em>, tu porgigli anche l&#8217;altra (5,39); \u00e8 il passo universalmente conosciuto dello schiaffone, anche se il suo significato non \u00e8 del tutto chiaro, dato il genere paradossale. Se avesse <em>solo<\/em> voluto dire di non opporsi aggressivamente al malvagio, di non rispondere alla violenza con la violenza (cosa che rimane pur valida in generale), avrebbe detto semplicemente \u201dguancia\u201d. Invece dice \u201cguancia destra\u201d: perch\u00e9 distinguere fra destra e sinistra? Infatti in Luca non c&#8217;\u00e8 il termine \u201cdestra\u201d poich\u00e9 per lui privo di senso, non conoscendo il diritto palestinese: una guancia vale l&#8217;altra&#8230; Ora, a meno che uno non sia mancino, per colpire su tale guancia l&#8217;aggressore deve operare con un man-rovescio della mano destra (come ha osservato J. Dupont); ricercando nei testi giuridici dell&#8217;epoca \u00e8 emerso che il man-rovescio era considerata un&#8217;offesa doppia dello schiaffo normale (sulla guancia sinistra del percosso), doppiamente ingiurioso a causa del disprezzo che manifestava. Si percuoteva cos\u00ec uno di rango inferiore; era un\u2019umiliazione destinata ai presunti inferiori: schiavi, servi, stranieri, meteci&#8230; donne. Ges\u00f9 parlava a povera gente, che conosceva questa umiliazione. Era come dirgli: \u00abProva ancora. Io non ti riconosco il potere di umiliarmi. Sono pari a te. Tu non riesci ad offendere la mia dignit\u00e0\u00bb. Dal punto di vista penale, se per il primo (man-rovescio) bisognava riparare pagando un indennizzo di 200 denari, per il secondo (schiaffo \u201cnormale\u201d) solo di 100.<\/p>\n\n\n\n<p>Fin qui Dupont, che sottolinea l&#8217;andare oltre il diritto in generale, il superamento della legge del taglione, e la dedizione incondizionata verso tutti, in particolare i nemici (ripetuto due volte in Luca 6,27.35). Tuttavia c&#8217;\u00e8 forse qualcosa di ancor pi\u00f9 preciso; infatti il superamento della legge giudaica o romana vale per il mantello [cfr. pi\u00f9 sotto] e il miglio, ma non per la guancia, in cui semmai si invita al dimezzamento nello spirito del diritto penale palestinese. Ges\u00f9 invita a rispondere con l&#8217;altra guancia calando, ricadendo paradossalmente nella seconda opzione meno grave e ingiuriosa. Ges\u00f9 non propone un atteggiamento incondizionatamente passivo\/inattivo; egli sprona a \u201creagire\u201d anche se in una forma inconsueta che chiaramente spiazza il violento: si presume che egli si blocchi senza continuare.<\/p>\n\n\n\n<p>Attualizzando in modo creativo e personale questo passo tutt&#8217;altro che chiaro, sottolineo che la forza offensiva (vuoi manuale, vuoi armata) deve essere dimezzata (possibilmente pi\u00f9 volte); le armi (la forma pi\u00f9 distruttiva di \u201cpercussione\u201d) non devono essere aumentate, elevate al quadrato o al cubo come di solito avviene, bens\u00ec rimosse secondo l&#8217;<em>inverso<\/em> del quadrato (come nella gravitazione newtoniana); disinnescate totalmente quelle offensive [a maggior ragione oggi con un <em>nuovo trattato<\/em> poich\u00e9 il vecchio di non-proliferazione \u00e8 scaduto ieri (5 febbraio)] e ridotte al minimo quelle difensive, ad es. col nuovo sistema di intercettazione dei missili e droni tramite il laser (che non \u00e8 una bomba balistica) per proteggere con efficacia i civili.<\/p>\n\n\n\n<p><strong>Mantello. \u00ab<\/strong>E a chi ti vuol chiamare in giudizio per toglierti la tunica, lasciagli anche il mantello (5,40), che \u00e8 ancor pi\u00f9 oscuro della guancia. Infatti Luca non ha capito neppure questo, sintetizzando tutto velocemente in un solo versetto (Lc 6,29) e invertendo il mantello con la tunica (credendo in tal modo di essere razionalmente pi\u00f9 logico; infatti in condizioni normali ci si toglie prima il mantello, pi\u00f9 esterno, e poi la tunica): ma dimostrando cos\u00ec di non conoscere, oltre alla geografia della Palestina, neppure il diritto giudaico: secondo questo infatti, se uno allora era fortemente indebitato (come lascia presumere il \u201cchiamare in giudizio\u201d), il tribunale poteva sentenziare la restituzione \u201cpignorando\u201d persino i vestiti, ma non il mantello che era l&#8217;ultima difesa del povero contro le intemperie (un&#8217;altra tutela giuridica). Il problema \u00e8 che Ges\u00f9 dice di lasciare al creditore anche il mantello (in un paradosso brutale a mio parere infelice), ossia l&#8217;ultimo bene di chi \u00e8 rimasto in braghe di tela&#8230; Con la tunica-mantello a quale sottrazione si allude? Sappiamo bene che un&#8217;autentica ricerca del Regno implica l&#8217;accettazione lucida del rischio, non solo di essere privato dei mezzi di sussistenza, ma anche di perdere la vita (come Ges\u00f9 che durante la passione \u00e8 stato lui stesso schiaffeggiato dai soldati che lo hanno spogliato delle sue vesti per poi giocarsi la tunica). <em>Sottrazione<\/em> di sicurezza, dei beni fondamentali? E se s\u00ec, come si chiedeva l&#8217;amico e compianto Dario Oitana redattore del <em>foglio<\/em>, solo in quanto ci\u00f2 \u00e8 causato dagli altri (nemici\/avversari)? Oppure, prescindendo dagli attacchi esterni, c&#8217;\u00e8 una componente anche personale attiva: sottrarsi a Mammona per dare ai poveri?<\/p>\n\n\n\n<p><\/p>\n\n\n\n<p><strong>Appendice tecnica sulla perfezione<\/strong><\/p>\n\n\n\n<p>Si tratta di fare il bene nella dedizione incondizionata, per essere figli e imitatori del Padre celeste, perfetti come lui [5,48: <em>teleioi<\/em> (dalla radice <em>telos<\/em>, scopo) non indica una perfezione statica come il Dio metafisico infinito, satollo, immutabile e impassibile, ma il raggiungimento dinamico di un fine nel suo massimo potenziale]; \u00abegli fa sorgere il suo Sole sui cattivi e suoi buoni, e fa piovere sui giusti e gli ingiusti\u00bb (Mt 5,45 in forma debole e indifferenziata), mentre Luca (6,35) \u00e8 molto pi\u00f9 intenso: \u00abbenevolo verso gli ingrati e i <em>malvagi<\/em>\u00bb. Un conto \u00e8 trattare tutti allo stesso modo, un altro la rivoluzione impensabile del Dio della grazia verso i \u201ccattivi\u201d [<em>pon\u00earous,<\/em> \u03c0\u03bf\u03bd\u03b7\u03c1\u03bf\u03c5\u03c2, pi\u00f9 forte di <em>kakos<\/em>, cattivo in senso generico], ossia di colui che <em>originariamente<\/em> ama, non il Padre celeste dalle mille pretese.<\/p>\n\n\n\n<p>In greco \u00e8 minima la differenza tra i due genitivi plurali: <em>tekn\u00f4n<\/em>, <em>\u03c4\u03b5\u03ba\u03bd\u03c9\u03bd<\/em> (col kappa), cio\u00e8 figli, e <em>techn\u00f4n<\/em>, (con la \u03c7) <em>\u03c4\u03b5\u03c7\u03bd\u03c9\u03bd<\/em>, vale a dire abilit\u00e0, mestieri, lavori, <em>opere<\/em>, da cui il nostro termine \u201ctecnica\u201d con tutti i suoi derivati. Per questo in Mt 11,19 \u00e8 stato scritto in alcuni manoscritti autorevoli (come il Sinaitico e Vaticano) il sinonimo di \u201copere\u201d <em>erg\u00f4n<\/em>, <em>\u03b5\u03c1\u03b3\u03c9\u03bd<\/em> per evitare l&#8217;ambiguit\u00e0.<\/p>\n","protected":false},"excerpt":{"rendered":"<p>Vangelo della 5\u00aa dom. ordinaria: Matteo 5,13-16 (38-48) Nel brevissimo vangelo odierno ci sono le due immagini chiare di essere il sale della terra (che da sapore alla vita) e la luce del mondo: \u00abCos\u00ec risplenda la vostra luce davanti agli uomini, perch\u00e9 vedano le vostre opere buone\u00bb [Mt 5,16; per la precisione \u201cbelle\u201d (kala), [&hellip;]<\/p>\n","protected":false},"author":29,"featured_media":3703,"comment_status":"open","ping_status":"open","sticky":false,"template":"","format":"standard","meta":{"_et_pb_use_builder":"off","_et_pb_old_content":"","_et_gb_content_width":"","footnotes":""},"categories":[220,1],"tags":[],"class_list":["post-3702","post","type-post","status-publish","format-standard","has-post-thumbnail","hentry","category-bibbia-teologia-religioni","category-news"],"yoast_head":"<!-- This site is optimized with the Yoast SEO plugin v26.4 - https:\/\/yoast.com\/wordpress\/plugins\/seo\/ -->\n<title>Sale della terra e luce del cosmo - Il Foglio<\/title>\n<meta name=\"robots\" content=\"index, follow, max-snippet:-1, max-image-preview:large, max-video-preview:-1\" \/>\n<link rel=\"canonical\" href=\"https:\/\/ilfoglio.info\/new\/sale-della-terra-e-luce-del-cosmo\/\" \/>\n<meta property=\"og:locale\" content=\"it_IT\" \/>\n<meta property=\"og:type\" content=\"article\" \/>\n<meta property=\"og:title\" content=\"Sale della terra e luce del cosmo - Il Foglio\" \/>\n<meta property=\"og:description\" content=\"Vangelo della 5\u00aa dom. ordinaria: Matteo 5,13-16 (38-48) Nel brevissimo vangelo odierno ci sono le due immagini chiare di essere il sale della terra (che da sapore alla vita) e la luce del mondo: \u00abCos\u00ec risplenda la vostra luce davanti agli uomini, perch\u00e9 vedano le vostre opere buone\u00bb [Mt 5,16; per la precisione \u201cbelle\u201d (kala), [&hellip;]\" \/>\n<meta property=\"og:url\" content=\"https:\/\/ilfoglio.info\/new\/sale-della-terra-e-luce-del-cosmo\/\" \/>\n<meta property=\"og:site_name\" content=\"Il Foglio\" \/>\n<meta property=\"article:publisher\" content=\"https:\/\/www.facebook.com\/Francescane-Elisabettine-Pastorale-Giovanile-Vocazionale-403083793120929\" \/>\n<meta property=\"article:published_time\" content=\"2026-02-06T08:00:00+00:00\" \/>\n<meta property=\"article:modified_time\" content=\"2026-03-01T17:34:20+00:00\" \/>\n<meta property=\"og:image\" content=\"https:\/\/ilfoglio.info\/new\/wp-content\/uploads\/2026\/02\/Saline_di_Trapani_e_Paceco_6-scaled.jpg\" \/>\n\t<meta property=\"og:image:width\" content=\"2560\" \/>\n\t<meta property=\"og:image:height\" content=\"1920\" \/>\n\t<meta property=\"og:image:type\" content=\"image\/jpeg\" \/>\n<meta name=\"author\" content=\"Mauro Pedrazzoli\" \/>\n<meta name=\"twitter:card\" content=\"summary_large_image\" \/>\n<meta name=\"twitter:label1\" content=\"Scritto da\" \/>\n\t<meta name=\"twitter:data1\" content=\"Mauro Pedrazzoli\" \/>\n\t<meta name=\"twitter:label2\" content=\"Tempo di lettura stimato\" \/>\n\t<meta name=\"twitter:data2\" content=\"8 minuti\" \/>\n<script type=\"application\/ld+json\" class=\"yoast-schema-graph\">{\"@context\":\"https:\/\/schema.org\",\"@graph\":[{\"@type\":\"Article\",\"@id\":\"https:\/\/ilfoglio.info\/new\/sale-della-terra-e-luce-del-cosmo\/#article\",\"isPartOf\":{\"@id\":\"https:\/\/ilfoglio.info\/new\/sale-della-terra-e-luce-del-cosmo\/\"},\"author\":{\"name\":\"Mauro Pedrazzoli\",\"@id\":\"https:\/\/ilfoglio.info\/new\/#\/schema\/person\/5150427490ca6594c569bc8c02001918\"},\"headline\":\"Sale della terra e luce del cosmo\",\"datePublished\":\"2026-02-06T08:00:00+00:00\",\"dateModified\":\"2026-03-01T17:34:20+00:00\",\"mainEntityOfPage\":{\"@id\":\"https:\/\/ilfoglio.info\/new\/sale-della-terra-e-luce-del-cosmo\/\"},\"wordCount\":1398,\"commentCount\":0,\"publisher\":{\"@id\":\"https:\/\/ilfoglio.info\/new\/#organization\"},\"image\":{\"@id\":\"https:\/\/ilfoglio.info\/new\/sale-della-terra-e-luce-del-cosmo\/#primaryimage\"},\"thumbnailUrl\":\"https:\/\/ilfoglio.info\/new\/wp-content\/uploads\/2026\/02\/Saline_di_Trapani_e_Paceco_6-scaled.jpg\",\"articleSection\":[\"Bibbia, teologia e religioni\",\"News\"],\"inLanguage\":\"it-IT\",\"potentialAction\":[{\"@type\":\"CommentAction\",\"name\":\"Comment\",\"target\":[\"https:\/\/ilfoglio.info\/new\/sale-della-terra-e-luce-del-cosmo\/#respond\"]}]},{\"@type\":\"WebPage\",\"@id\":\"https:\/\/ilfoglio.info\/new\/sale-della-terra-e-luce-del-cosmo\/\",\"url\":\"https:\/\/ilfoglio.info\/new\/sale-della-terra-e-luce-del-cosmo\/\",\"name\":\"Sale della terra e luce del cosmo - Il Foglio\",\"isPartOf\":{\"@id\":\"https:\/\/ilfoglio.info\/new\/#website\"},\"primaryImageOfPage\":{\"@id\":\"https:\/\/ilfoglio.info\/new\/sale-della-terra-e-luce-del-cosmo\/#primaryimage\"},\"image\":{\"@id\":\"https:\/\/ilfoglio.info\/new\/sale-della-terra-e-luce-del-cosmo\/#primaryimage\"},\"thumbnailUrl\":\"https:\/\/ilfoglio.info\/new\/wp-content\/uploads\/2026\/02\/Saline_di_Trapani_e_Paceco_6-scaled.jpg\",\"datePublished\":\"2026-02-06T08:00:00+00:00\",\"dateModified\":\"2026-03-01T17:34:20+00:00\",\"breadcrumb\":{\"@id\":\"https:\/\/ilfoglio.info\/new\/sale-della-terra-e-luce-del-cosmo\/#breadcrumb\"},\"inLanguage\":\"it-IT\",\"potentialAction\":[{\"@type\":\"ReadAction\",\"target\":[\"https:\/\/ilfoglio.info\/new\/sale-della-terra-e-luce-del-cosmo\/\"]}]},{\"@type\":\"ImageObject\",\"inLanguage\":\"it-IT\",\"@id\":\"https:\/\/ilfoglio.info\/new\/sale-della-terra-e-luce-del-cosmo\/#primaryimage\",\"url\":\"https:\/\/ilfoglio.info\/new\/wp-content\/uploads\/2026\/02\/Saline_di_Trapani_e_Paceco_6-scaled.jpg\",\"contentUrl\":\"https:\/\/ilfoglio.info\/new\/wp-content\/uploads\/2026\/02\/Saline_di_Trapani_e_Paceco_6-scaled.jpg\",\"width\":2560,\"height\":1920},{\"@type\":\"BreadcrumbList\",\"@id\":\"https:\/\/ilfoglio.info\/new\/sale-della-terra-e-luce-del-cosmo\/#breadcrumb\",\"itemListElement\":[{\"@type\":\"ListItem\",\"position\":1,\"name\":\"Home\",\"item\":\"https:\/\/ilfoglio.info\/new\/\"},{\"@type\":\"ListItem\",\"position\":2,\"name\":\"Sale della terra e luce del cosmo\"}]},{\"@type\":\"WebSite\",\"@id\":\"https:\/\/ilfoglio.info\/new\/#website\",\"url\":\"https:\/\/ilfoglio.info\/new\/\",\"name\":\"Il Foglio\",\"description\":\"\",\"publisher\":{\"@id\":\"https:\/\/ilfoglio.info\/new\/#organization\"},\"potentialAction\":[{\"@type\":\"SearchAction\",\"target\":{\"@type\":\"EntryPoint\",\"urlTemplate\":\"https:\/\/ilfoglio.info\/new\/?s={search_term_string}\"},\"query-input\":{\"@type\":\"PropertyValueSpecification\",\"valueRequired\":true,\"valueName\":\"search_term_string\"}}],\"inLanguage\":\"it-IT\"},{\"@type\":\"Organization\",\"@id\":\"https:\/\/ilfoglio.info\/new\/#organization\",\"name\":\"Istituto delle Suore Francescane Elisabettine\",\"url\":\"https:\/\/ilfoglio.info\/new\/\",\"logo\":{\"@type\":\"ImageObject\",\"inLanguage\":\"it-IT\",\"@id\":\"https:\/\/ilfoglio.info\/new\/#\/schema\/logo\/image\/\",\"url\":\"https:\/\/ilfoglio.info\/new\/wp-content\/uploads\/2022\/05\/logo-imm-profilo-fb-01.png\",\"contentUrl\":\"https:\/\/ilfoglio.info\/new\/wp-content\/uploads\/2022\/05\/logo-imm-profilo-fb-01.png\",\"width\":708,\"height\":708,\"caption\":\"Istituto delle Suore Francescane Elisabettine\"},\"image\":{\"@id\":\"https:\/\/ilfoglio.info\/new\/#\/schema\/logo\/image\/\"},\"sameAs\":[\"https:\/\/www.facebook.com\/Francescane-Elisabettine-Pastorale-Giovanile-Vocazionale-403083793120929\",\"https:\/\/www.instagram.com\/evocate__\/?hl=it\"]},{\"@type\":\"Person\",\"@id\":\"https:\/\/ilfoglio.info\/new\/#\/schema\/person\/5150427490ca6594c569bc8c02001918\",\"name\":\"Mauro Pedrazzoli\",\"image\":{\"@type\":\"ImageObject\",\"inLanguage\":\"it-IT\",\"@id\":\"https:\/\/ilfoglio.info\/new\/#\/schema\/person\/image\/\",\"url\":\"https:\/\/secure.gravatar.com\/avatar\/27fa5c25bf3dd76657fb8ddb6dcf11fae23ce588752530e85d42262437504ef8?s=96&d=mm&r=g\",\"contentUrl\":\"https:\/\/secure.gravatar.com\/avatar\/27fa5c25bf3dd76657fb8ddb6dcf11fae23ce588752530e85d42262437504ef8?s=96&d=mm&r=g\",\"caption\":\"Mauro Pedrazzoli\"},\"url\":\"https:\/\/ilfoglio.info\/new\/author\/mauro-pedrazzoli\/\"}]}<\/script>\n<!-- \/ Yoast SEO plugin. -->","yoast_head_json":{"title":"Sale della terra e luce del cosmo - Il Foglio","robots":{"index":"index","follow":"follow","max-snippet":"max-snippet:-1","max-image-preview":"max-image-preview:large","max-video-preview":"max-video-preview:-1"},"canonical":"https:\/\/ilfoglio.info\/new\/sale-della-terra-e-luce-del-cosmo\/","og_locale":"it_IT","og_type":"article","og_title":"Sale della terra e luce del cosmo - Il Foglio","og_description":"Vangelo della 5\u00aa dom. ordinaria: Matteo 5,13-16 (38-48) Nel brevissimo vangelo odierno ci sono le due immagini chiare di essere il sale della terra (che da sapore alla vita) e la luce del mondo: \u00abCos\u00ec risplenda la vostra luce davanti agli uomini, perch\u00e9 vedano le vostre opere buone\u00bb [Mt 5,16; per la precisione \u201cbelle\u201d (kala), [&hellip;]","og_url":"https:\/\/ilfoglio.info\/new\/sale-della-terra-e-luce-del-cosmo\/","og_site_name":"Il Foglio","article_publisher":"https:\/\/www.facebook.com\/Francescane-Elisabettine-Pastorale-Giovanile-Vocazionale-403083793120929","article_published_time":"2026-02-06T08:00:00+00:00","article_modified_time":"2026-03-01T17:34:20+00:00","og_image":[{"width":2560,"height":1920,"url":"https:\/\/ilfoglio.info\/new\/wp-content\/uploads\/2026\/02\/Saline_di_Trapani_e_Paceco_6-scaled.jpg","type":"image\/jpeg"}],"author":"Mauro Pedrazzoli","twitter_card":"summary_large_image","twitter_misc":{"Scritto da":"Mauro Pedrazzoli","Tempo di lettura stimato":"8 minuti"},"schema":{"@context":"https:\/\/schema.org","@graph":[{"@type":"Article","@id":"https:\/\/ilfoglio.info\/new\/sale-della-terra-e-luce-del-cosmo\/#article","isPartOf":{"@id":"https:\/\/ilfoglio.info\/new\/sale-della-terra-e-luce-del-cosmo\/"},"author":{"name":"Mauro Pedrazzoli","@id":"https:\/\/ilfoglio.info\/new\/#\/schema\/person\/5150427490ca6594c569bc8c02001918"},"headline":"Sale della terra e luce del cosmo","datePublished":"2026-02-06T08:00:00+00:00","dateModified":"2026-03-01T17:34:20+00:00","mainEntityOfPage":{"@id":"https:\/\/ilfoglio.info\/new\/sale-della-terra-e-luce-del-cosmo\/"},"wordCount":1398,"commentCount":0,"publisher":{"@id":"https:\/\/ilfoglio.info\/new\/#organization"},"image":{"@id":"https:\/\/ilfoglio.info\/new\/sale-della-terra-e-luce-del-cosmo\/#primaryimage"},"thumbnailUrl":"https:\/\/ilfoglio.info\/new\/wp-content\/uploads\/2026\/02\/Saline_di_Trapani_e_Paceco_6-scaled.jpg","articleSection":["Bibbia, teologia e religioni","News"],"inLanguage":"it-IT","potentialAction":[{"@type":"CommentAction","name":"Comment","target":["https:\/\/ilfoglio.info\/new\/sale-della-terra-e-luce-del-cosmo\/#respond"]}]},{"@type":"WebPage","@id":"https:\/\/ilfoglio.info\/new\/sale-della-terra-e-luce-del-cosmo\/","url":"https:\/\/ilfoglio.info\/new\/sale-della-terra-e-luce-del-cosmo\/","name":"Sale della terra e luce del cosmo - Il Foglio","isPartOf":{"@id":"https:\/\/ilfoglio.info\/new\/#website"},"primaryImageOfPage":{"@id":"https:\/\/ilfoglio.info\/new\/sale-della-terra-e-luce-del-cosmo\/#primaryimage"},"image":{"@id":"https:\/\/ilfoglio.info\/new\/sale-della-terra-e-luce-del-cosmo\/#primaryimage"},"thumbnailUrl":"https:\/\/ilfoglio.info\/new\/wp-content\/uploads\/2026\/02\/Saline_di_Trapani_e_Paceco_6-scaled.jpg","datePublished":"2026-02-06T08:00:00+00:00","dateModified":"2026-03-01T17:34:20+00:00","breadcrumb":{"@id":"https:\/\/ilfoglio.info\/new\/sale-della-terra-e-luce-del-cosmo\/#breadcrumb"},"inLanguage":"it-IT","potentialAction":[{"@type":"ReadAction","target":["https:\/\/ilfoglio.info\/new\/sale-della-terra-e-luce-del-cosmo\/"]}]},{"@type":"ImageObject","inLanguage":"it-IT","@id":"https:\/\/ilfoglio.info\/new\/sale-della-terra-e-luce-del-cosmo\/#primaryimage","url":"https:\/\/ilfoglio.info\/new\/wp-content\/uploads\/2026\/02\/Saline_di_Trapani_e_Paceco_6-scaled.jpg","contentUrl":"https:\/\/ilfoglio.info\/new\/wp-content\/uploads\/2026\/02\/Saline_di_Trapani_e_Paceco_6-scaled.jpg","width":2560,"height":1920},{"@type":"BreadcrumbList","@id":"https:\/\/ilfoglio.info\/new\/sale-della-terra-e-luce-del-cosmo\/#breadcrumb","itemListElement":[{"@type":"ListItem","position":1,"name":"Home","item":"https:\/\/ilfoglio.info\/new\/"},{"@type":"ListItem","position":2,"name":"Sale della terra e luce del cosmo"}]},{"@type":"WebSite","@id":"https:\/\/ilfoglio.info\/new\/#website","url":"https:\/\/ilfoglio.info\/new\/","name":"Il Foglio","description":"","publisher":{"@id":"https:\/\/ilfoglio.info\/new\/#organization"},"potentialAction":[{"@type":"SearchAction","target":{"@type":"EntryPoint","urlTemplate":"https:\/\/ilfoglio.info\/new\/?s={search_term_string}"},"query-input":{"@type":"PropertyValueSpecification","valueRequired":true,"valueName":"search_term_string"}}],"inLanguage":"it-IT"},{"@type":"Organization","@id":"https:\/\/ilfoglio.info\/new\/#organization","name":"Istituto delle Suore Francescane Elisabettine","url":"https:\/\/ilfoglio.info\/new\/","logo":{"@type":"ImageObject","inLanguage":"it-IT","@id":"https:\/\/ilfoglio.info\/new\/#\/schema\/logo\/image\/","url":"https:\/\/ilfoglio.info\/new\/wp-content\/uploads\/2022\/05\/logo-imm-profilo-fb-01.png","contentUrl":"https:\/\/ilfoglio.info\/new\/wp-content\/uploads\/2022\/05\/logo-imm-profilo-fb-01.png","width":708,"height":708,"caption":"Istituto delle Suore Francescane Elisabettine"},"image":{"@id":"https:\/\/ilfoglio.info\/new\/#\/schema\/logo\/image\/"},"sameAs":["https:\/\/www.facebook.com\/Francescane-Elisabettine-Pastorale-Giovanile-Vocazionale-403083793120929","https:\/\/www.instagram.com\/evocate__\/?hl=it"]},{"@type":"Person","@id":"https:\/\/ilfoglio.info\/new\/#\/schema\/person\/5150427490ca6594c569bc8c02001918","name":"Mauro Pedrazzoli","image":{"@type":"ImageObject","inLanguage":"it-IT","@id":"https:\/\/ilfoglio.info\/new\/#\/schema\/person\/image\/","url":"https:\/\/secure.gravatar.com\/avatar\/27fa5c25bf3dd76657fb8ddb6dcf11fae23ce588752530e85d42262437504ef8?s=96&d=mm&r=g","contentUrl":"https:\/\/secure.gravatar.com\/avatar\/27fa5c25bf3dd76657fb8ddb6dcf11fae23ce588752530e85d42262437504ef8?s=96&d=mm&r=g","caption":"Mauro Pedrazzoli"},"url":"https:\/\/ilfoglio.info\/new\/author\/mauro-pedrazzoli\/"}]}},"_links":{"self":[{"href":"https:\/\/ilfoglio.info\/new\/wp-json\/wp\/v2\/posts\/3702","targetHints":{"allow":["GET"]}}],"collection":[{"href":"https:\/\/ilfoglio.info\/new\/wp-json\/wp\/v2\/posts"}],"about":[{"href":"https:\/\/ilfoglio.info\/new\/wp-json\/wp\/v2\/types\/post"}],"author":[{"embeddable":true,"href":"https:\/\/ilfoglio.info\/new\/wp-json\/wp\/v2\/users\/29"}],"replies":[{"embeddable":true,"href":"https:\/\/ilfoglio.info\/new\/wp-json\/wp\/v2\/comments?post=3702"}],"version-history":[{"count":1,"href":"https:\/\/ilfoglio.info\/new\/wp-json\/wp\/v2\/posts\/3702\/revisions"}],"predecessor-version":[{"id":3704,"href":"https:\/\/ilfoglio.info\/new\/wp-json\/wp\/v2\/posts\/3702\/revisions\/3704"}],"wp:featuredmedia":[{"embeddable":true,"href":"https:\/\/ilfoglio.info\/new\/wp-json\/wp\/v2\/media\/3703"}],"wp:attachment":[{"href":"https:\/\/ilfoglio.info\/new\/wp-json\/wp\/v2\/media?parent=3702"}],"wp:term":[{"taxonomy":"category","embeddable":true,"href":"https:\/\/ilfoglio.info\/new\/wp-json\/wp\/v2\/categories?post=3702"},{"taxonomy":"post_tag","embeddable":true,"href":"https:\/\/ilfoglio.info\/new\/wp-json\/wp\/v2\/tags?post=3702"}],"curies":[{"name":"wp","href":"https:\/\/api.w.org\/{rel}","templated":true}]}}