{"id":3736,"date":"2026-03-02T09:00:00","date_gmt":"2026-03-02T08:00:00","guid":{"rendered":"https:\/\/ilfoglio.info\/new\/?p=3736"},"modified":"2026-03-01T10:02:40","modified_gmt":"2026-03-01T09:02:40","slug":"dal-carbone-allia-come-lindustria-ha-modellato-la-societa","status":"publish","type":"post","link":"https:\/\/ilfoglio.info\/new\/dal-carbone-allia-come-lindustria-ha-modellato-la-societa\/","title":{"rendered":"Dal carbone all\u2019IA: come l\u2019industria ha modellato la societ\u00e0"},"content":{"rendered":"\n<p>La rivoluzione industriale ha modellato e sta ancora modellando il mondo che viviamo. Lo pu\u00f2 fare grazie alla sua grande capacit\u00e0 di produrre e di innovare. Se confrontiamo il paesaggio e il tenore di vita in Occidente all\u2019inizio dell\u2019Ottocento con quello attuale possiamo comprendere cosa questa rivoluzione produttiva \u00e8 riuscita a fare, considerando anche che la popolazione da allora \u00e8 aumentata di cinque volte.<\/p>\n\n\n\n<p><\/p>\n\n\n\n<p><strong>Il percorso dell\u2019Occidente industriale dall\u2019800 a oggi<\/strong><\/p>\n\n\n\n<p>Questo grande sviluppo per\u00f2 non \u00e8 stato uniforme. \u00c8 avvenuto dapprima nel centro-nord Europa, poi nell\u2019America del nord, alla fine dell\u2019Ottocento in Giappone e solo nel Novecento in Russia. Grazie al vantaggio, all\u2019organizzazione, alle risorse, ai sistemi di arma sempre pi\u00f9 distruttivi, i primi paesi industrializzati hanno potuto colonizzare il resto del mondo, utilizzandone le risorse per accrescere sempre pi\u00f9 il loro sviluppo. La rivoluzione industriale ha cos\u00ec spaccato il mondo in due. Mentre una parte minoritaria, molto avanzata, consuma una parte esorbitante delle risorse mondiali e ha un tenore e un\u2019aspettativa di vita molto alti, la maggioranza che contribuisce a questa ricchezza ristagna nel sottosviluppo. Questa situazione \u00e8 rimasta pressoch\u00e9 immutata fino agli ultimi Trenta anni del Novecento. Da allora la storia ha avuto un\u2019accelerazione straordinaria.<\/p>\n\n\n\n<p>Ma approfondiamo cosa \u00e8 avvenuto in Occidente negli ultimi duecento anni, perch\u00e9 \u00e8 quello che vediamo avvenire oggi. Certo il sistema economico industriale ha una grande forza e una vitalit\u00e0 eccezionali, ma presenta anche dei problemi. Il pi\u00f9 grave \u00e8 che impone alla societ\u00e0 le sue regole e le sue leggi che sono molto dure, mettendo in un angolo la politica che tendeva a ordinare la societ\u00e0 secondo principi religiosi o tradizionali. Le leggi economiche prevedono una concorrenza spietata che non d\u00e0 respiro, crea continuamente disuguaglianze (quella tra i paesi del mondo l\u2019abbiamo appena vista), sfrutta l\u2019ambiente e le capacit\u00e0 umane all\u2019estremo, crea centri di potere sempre pi\u00f9 grandi e pi\u00f9 forti. Alla base del sistema ci sono la domanda e l\u2019offerta di merci, ma anche il lavoro salariato \u00e8 una merce e come tale viene scambiato su un mercato di concorrenza. All\u2019inizio della rivoluzione industriale per\u00f2 il disequilibrio tra domanda e offerta di lavoro era immenso. Da una parte grandi masse di uomini, donne e anche bambini in cerca di lavoro, dall\u2019altra imprese in numero crescente, ma ancora limitato. Questo portava le condizioni di lavoro e il salario al minimo vitale. Anche il potere politico era contrario agli interessi dei lavoratori. Autocrazie, assolutismo, governi in mano ai ricchi borghesi, erano a favore del capitale perch\u00e9 l\u2019aumento della produzione portava prestigio, potere e ricchezze al paese e alle loro classi dirigenti. In questa situazione le condizioni di vita degli operai erano molto difficili. Abbiamo descrizioni raccapriccianti di come il popolo lavorava in fabbrica e viveva negli agglomerati urbani nell\u2019Ottocento. Contro questa situazione \u00e8 cominciata subito una lotta sociale. Sindacati e partiti operai, attraverso dure lotte, sacrifici anche della vita, vittorie, sconfitte ed errori, riescono lentamente a ottenere miglioramenti decisivi nelle condizioni di lavoro, nei salari, nei diritti. Questi miglioramenti vanno anche a vantaggio del funzionamento del sistema produttivo, come aveva capito l\u2019industriale americano Ford. Infatti, l\u2019aumento del potere d\u2019acquisto dei lavoratori contrasta la tendenza endemica del capitalismo alla sovrapproduzione. Il vertice di questa azione politica \u00e8 stato raggiunto nel trentennio dopo la Seconda Guerra Mondiale. In Europa, grazie a un\u2019imposta fortemente progressiva e all\u2019intervento pubblico, si \u00e8 realizzato lo \u201cstato sociale\u201d, una democrazia in cui il potere pubblico, utilizzando la grande capacit\u00e0 produttiva raggiunta dal sistema industriale, si occupa di tutti i cittadini durante l\u2019intera durata della loro vita. Ma intorno a questa piccola oasi europea di benessere, tumultuavano grandi masse ormai liberatesi dal colonialismo, ma ancora bloccate nel sottosviluppo e nell\u2019arretratezza. \u00c8 utilizzando questa situazione che il capitale si \u00e8 lanciato nella globalizzazione, risollevando vertiginosamente i margini di profitto che ormai languivano nel vecchio continente.<\/p>\n\n\n\n<p><\/p>\n\n\n\n<p><strong>Disuguaglianze globali: quando la storia si ripete<\/strong><\/p>\n\n\n\n<p>Improvvisamente il mondo si \u00e8 unificato, e ha fatto in una decina di anni un balzo indietro di due secoli. Si ripresentano, questa volta a livello mondiale, le condizioni dell\u2019inizio dell\u2019industrializzazione: un enorme divario tra domanda e offerta di lavoro (le masse di disoccupati e sottoccupati mondiale preme per lavorare a qualsiasi condizione) e la brutalit\u00e0 del potere. Ci troviamo di fronte a Stati autocratici, militaristi, in mano a nomenclature affaristiche, che si preoccupano pi\u00f9 di aumentare, attraverso l\u2019incremento della produzione, la loro forza, la loro influenza e la loro ricchezza che del benessere dei loro popoli. \u00c8 un film gi\u00e0 visto, certo con le dovute differenze perch\u00e9 non siamo pi\u00f9 nell\u2019Ottocento, ma la sostanza resta sempre la stessa.<\/p>\n\n\n\n<p>L\u2019Occidente \u00e8 stato completamente travolto come da uno tsunami. In questo periodo il presidente Trump tenta una resistenza usando interventi politici di altri tempi, perch\u00e9 si \u00e8 accorto che la globalizzazione favorisce i paesi emergenti (Cina soprattutto) e mette a rischio l\u2019egemonia americana. Ma sar\u00e0 travolto anche lui perch\u00e9 il capitale questa volta gli \u00e8 contrario. Non accetter\u00e0 a lungo la decurtazione degli extraprofitti stratosferici che pu\u00f2 fare con la mondializzazione.<\/p>\n\n\n\n<p>In questo grande movimento globale l\u2019Europa \u00e8 in serie difficolt\u00e0, \u00e8 costretta a fare passi indietro, tornando ad epoche che credeva di aver superato per sempre. Ha per\u00f2 un bagaglio di conoscenze e di esperienze da offrire, perch\u00e9 le leggi economiche che modellano l\u2019industrializzazione funzionano sempre allo stesso modo in tutti i luoghi e in tutti i tempi, e quindi il mondo che si sta sviluppando dovr\u00e0 affrontare gli stessi problemi che abbiamo affrontato noi. La sinistra in particolare ha una grande ricchezza da offrire alle masse sfruttate che cercano di emergere in questo mercato capitalistico del lavoro, caotico e senza regole: la lunga pratica di lotte che sono riuscite a umanizzarlo. Certo ricominciare daccapo in condizioni molto difficili \u00e8 duro e scoreggiante, ma penso non ci sia altra strada percorribile.<\/p>\n\n\n\n<p>Alla fine di questo periodo, che potr\u00e0 essere anche abbastanza lungo, in cui il mondo continuer\u00e0 ad integrarsi e la maggioranza dei paesi arretrati avr\u00e0 il suo sviluppo, si riaffaccer\u00e0 per tutti il problema che l\u2019Europa avrebbe dovuto affrontare se non fosse stata travolta dalla globalizzazione. Come distribuire la ricchezza in un mondo in cui la produzione \u00e8 effettuata dalle macchine dirette dall\u2019intelligenza artificiale, mentre chi lavora \u00e8 impegnato a fornire servizi essenziali ad altri o alla collettivit\u00e0. In queste condizioni il sistema del lavoro salariato non \u00e8 pi\u00f9 un metodo di distribuzione della ricchezza efficiente. Ma anche su questo problema le idee che la sinistra europea aveva cominciato ad elaborare potrebbero essere decisive.<\/p>\n","protected":false},"excerpt":{"rendered":"<p>La rivoluzione industriale ha modellato e sta ancora modellando il mondo che viviamo. Lo pu\u00f2 fare grazie alla sua grande capacit\u00e0 di produrre e di innovare. Se confrontiamo il paesaggio e il tenore di vita in Occidente all\u2019inizio dell\u2019Ottocento con quello attuale possiamo comprendere cosa questa rivoluzione produttiva \u00e8 riuscita a fare, considerando anche che [&hellip;]<\/p>\n","protected":false},"author":26,"featured_media":3737,"comment_status":"open","ping_status":"open","sticky":false,"template":"","format":"standard","meta":{"_et_pb_use_builder":"off","_et_pb_old_content":"","_et_gb_content_width":"","footnotes":""},"categories":[1,221,222],"tags":[],"class_list":["post-3736","post","type-post","status-publish","format-standard","has-post-thumbnail","hentry","category-news","category-politica","category-societa"],"yoast_head":"<!-- This site is optimized with the Yoast SEO plugin v26.4 - https:\/\/yoast.com\/wordpress\/plugins\/seo\/ -->\n<title>Dal carbone all\u2019IA: come l\u2019industria ha modellato la societ\u00e0 - Il Foglio<\/title>\n<meta name=\"robots\" content=\"index, follow, max-snippet:-1, max-image-preview:large, max-video-preview:-1\" \/>\n<link rel=\"canonical\" href=\"https:\/\/ilfoglio.info\/new\/dal-carbone-allia-come-lindustria-ha-modellato-la-societa\/\" \/>\n<meta property=\"og:locale\" content=\"it_IT\" \/>\n<meta property=\"og:type\" content=\"article\" \/>\n<meta property=\"og:title\" content=\"Dal carbone all\u2019IA: come l\u2019industria ha modellato la societ\u00e0 - Il Foglio\" \/>\n<meta property=\"og:description\" content=\"La rivoluzione industriale ha modellato e sta ancora modellando il mondo che viviamo. Lo pu\u00f2 fare grazie alla sua grande capacit\u00e0 di produrre e di innovare. Se confrontiamo il paesaggio e il tenore di vita in Occidente all\u2019inizio dell\u2019Ottocento con quello attuale possiamo comprendere cosa questa rivoluzione produttiva \u00e8 riuscita a fare, considerando anche che [&hellip;]\" \/>\n<meta property=\"og:url\" content=\"https:\/\/ilfoglio.info\/new\/dal-carbone-allia-come-lindustria-ha-modellato-la-societa\/\" \/>\n<meta property=\"og:site_name\" content=\"Il Foglio\" \/>\n<meta property=\"article:publisher\" content=\"https:\/\/www.facebook.com\/Francescane-Elisabettine-Pastorale-Giovanile-Vocazionale-403083793120929\" \/>\n<meta property=\"article:published_time\" content=\"2026-03-02T08:00:00+00:00\" \/>\n<meta property=\"og:image\" content=\"https:\/\/ilfoglio.info\/new\/wp-content\/uploads\/2026\/03\/rivoluzione-industriale.jpg\" \/>\n\t<meta property=\"og:image:width\" content=\"640\" \/>\n\t<meta property=\"og:image:height\" content=\"467\" \/>\n\t<meta property=\"og:image:type\" content=\"image\/jpeg\" \/>\n<meta name=\"author\" content=\"Angelo Papuzza\" \/>\n<meta name=\"twitter:card\" content=\"summary_large_image\" \/>\n<meta name=\"twitter:label1\" content=\"Scritto da\" \/>\n\t<meta name=\"twitter:data1\" content=\"Angelo Papuzza\" \/>\n\t<meta name=\"twitter:label2\" content=\"Tempo di lettura stimato\" \/>\n\t<meta name=\"twitter:data2\" content=\"6 minuti\" \/>\n<script type=\"application\/ld+json\" class=\"yoast-schema-graph\">{\"@context\":\"https:\/\/schema.org\",\"@graph\":[{\"@type\":\"Article\",\"@id\":\"https:\/\/ilfoglio.info\/new\/dal-carbone-allia-come-lindustria-ha-modellato-la-societa\/#article\",\"isPartOf\":{\"@id\":\"https:\/\/ilfoglio.info\/new\/dal-carbone-allia-come-lindustria-ha-modellato-la-societa\/\"},\"author\":{\"name\":\"Angelo Papuzza\",\"@id\":\"https:\/\/ilfoglio.info\/new\/#\/schema\/person\/aaef35fe4f5275845d3e265986a83df4\"},\"headline\":\"Dal carbone all\u2019IA: come l\u2019industria ha modellato la societ\u00e0\",\"datePublished\":\"2026-03-02T08:00:00+00:00\",\"mainEntityOfPage\":{\"@id\":\"https:\/\/ilfoglio.info\/new\/dal-carbone-allia-come-lindustria-ha-modellato-la-societa\/\"},\"wordCount\":1095,\"commentCount\":0,\"publisher\":{\"@id\":\"https:\/\/ilfoglio.info\/new\/#organization\"},\"image\":{\"@id\":\"https:\/\/ilfoglio.info\/new\/dal-carbone-allia-come-lindustria-ha-modellato-la-societa\/#primaryimage\"},\"thumbnailUrl\":\"https:\/\/ilfoglio.info\/new\/wp-content\/uploads\/2026\/03\/rivoluzione-industriale.jpg\",\"articleSection\":[\"News\",\"Politica\",\"Societ\u00e0\"],\"inLanguage\":\"it-IT\",\"potentialAction\":[{\"@type\":\"CommentAction\",\"name\":\"Comment\",\"target\":[\"https:\/\/ilfoglio.info\/new\/dal-carbone-allia-come-lindustria-ha-modellato-la-societa\/#respond\"]}]},{\"@type\":\"WebPage\",\"@id\":\"https:\/\/ilfoglio.info\/new\/dal-carbone-allia-come-lindustria-ha-modellato-la-societa\/\",\"url\":\"https:\/\/ilfoglio.info\/new\/dal-carbone-allia-come-lindustria-ha-modellato-la-societa\/\",\"name\":\"Dal carbone all\u2019IA: come l\u2019industria ha modellato la societ\u00e0 - Il Foglio\",\"isPartOf\":{\"@id\":\"https:\/\/ilfoglio.info\/new\/#website\"},\"primaryImageOfPage\":{\"@id\":\"https:\/\/ilfoglio.info\/new\/dal-carbone-allia-come-lindustria-ha-modellato-la-societa\/#primaryimage\"},\"image\":{\"@id\":\"https:\/\/ilfoglio.info\/new\/dal-carbone-allia-come-lindustria-ha-modellato-la-societa\/#primaryimage\"},\"thumbnailUrl\":\"https:\/\/ilfoglio.info\/new\/wp-content\/uploads\/2026\/03\/rivoluzione-industriale.jpg\",\"datePublished\":\"2026-03-02T08:00:00+00:00\",\"breadcrumb\":{\"@id\":\"https:\/\/ilfoglio.info\/new\/dal-carbone-allia-come-lindustria-ha-modellato-la-societa\/#breadcrumb\"},\"inLanguage\":\"it-IT\",\"potentialAction\":[{\"@type\":\"ReadAction\",\"target\":[\"https:\/\/ilfoglio.info\/new\/dal-carbone-allia-come-lindustria-ha-modellato-la-societa\/\"]}]},{\"@type\":\"ImageObject\",\"inLanguage\":\"it-IT\",\"@id\":\"https:\/\/ilfoglio.info\/new\/dal-carbone-allia-come-lindustria-ha-modellato-la-societa\/#primaryimage\",\"url\":\"https:\/\/ilfoglio.info\/new\/wp-content\/uploads\/2026\/03\/rivoluzione-industriale.jpg\",\"contentUrl\":\"https:\/\/ilfoglio.info\/new\/wp-content\/uploads\/2026\/03\/rivoluzione-industriale.jpg\",\"width\":640,\"height\":467},{\"@type\":\"BreadcrumbList\",\"@id\":\"https:\/\/ilfoglio.info\/new\/dal-carbone-allia-come-lindustria-ha-modellato-la-societa\/#breadcrumb\",\"itemListElement\":[{\"@type\":\"ListItem\",\"position\":1,\"name\":\"Home\",\"item\":\"https:\/\/ilfoglio.info\/new\/\"},{\"@type\":\"ListItem\",\"position\":2,\"name\":\"Dal carbone all\u2019IA: come l\u2019industria ha modellato la societ\u00e0\"}]},{\"@type\":\"WebSite\",\"@id\":\"https:\/\/ilfoglio.info\/new\/#website\",\"url\":\"https:\/\/ilfoglio.info\/new\/\",\"name\":\"Il Foglio\",\"description\":\"\",\"publisher\":{\"@id\":\"https:\/\/ilfoglio.info\/new\/#organization\"},\"potentialAction\":[{\"@type\":\"SearchAction\",\"target\":{\"@type\":\"EntryPoint\",\"urlTemplate\":\"https:\/\/ilfoglio.info\/new\/?s={search_term_string}\"},\"query-input\":{\"@type\":\"PropertyValueSpecification\",\"valueRequired\":true,\"valueName\":\"search_term_string\"}}],\"inLanguage\":\"it-IT\"},{\"@type\":\"Organization\",\"@id\":\"https:\/\/ilfoglio.info\/new\/#organization\",\"name\":\"Istituto delle Suore Francescane Elisabettine\",\"url\":\"https:\/\/ilfoglio.info\/new\/\",\"logo\":{\"@type\":\"ImageObject\",\"inLanguage\":\"it-IT\",\"@id\":\"https:\/\/ilfoglio.info\/new\/#\/schema\/logo\/image\/\",\"url\":\"https:\/\/ilfoglio.info\/new\/wp-content\/uploads\/2022\/05\/logo-imm-profilo-fb-01.png\",\"contentUrl\":\"https:\/\/ilfoglio.info\/new\/wp-content\/uploads\/2022\/05\/logo-imm-profilo-fb-01.png\",\"width\":708,\"height\":708,\"caption\":\"Istituto delle Suore Francescane Elisabettine\"},\"image\":{\"@id\":\"https:\/\/ilfoglio.info\/new\/#\/schema\/logo\/image\/\"},\"sameAs\":[\"https:\/\/www.facebook.com\/Francescane-Elisabettine-Pastorale-Giovanile-Vocazionale-403083793120929\",\"https:\/\/www.instagram.com\/evocate__\/?hl=it\"]},{\"@type\":\"Person\",\"@id\":\"https:\/\/ilfoglio.info\/new\/#\/schema\/person\/aaef35fe4f5275845d3e265986a83df4\",\"name\":\"Angelo Papuzza\",\"image\":{\"@type\":\"ImageObject\",\"inLanguage\":\"it-IT\",\"@id\":\"https:\/\/ilfoglio.info\/new\/#\/schema\/person\/image\/\",\"url\":\"https:\/\/secure.gravatar.com\/avatar\/7212386f2c191a41ce92a0a2b100d9fbc49691ee190f943f394bf92de6fbad67?s=96&d=mm&r=g\",\"contentUrl\":\"https:\/\/secure.gravatar.com\/avatar\/7212386f2c191a41ce92a0a2b100d9fbc49691ee190f943f394bf92de6fbad67?s=96&d=mm&r=g\",\"caption\":\"Angelo Papuzza\"},\"url\":\"https:\/\/ilfoglio.info\/new\/author\/angelo-papuzza\/\"}]}<\/script>\n<!-- \/ Yoast SEO plugin. -->","yoast_head_json":{"title":"Dal carbone all\u2019IA: come l\u2019industria ha modellato la societ\u00e0 - Il Foglio","robots":{"index":"index","follow":"follow","max-snippet":"max-snippet:-1","max-image-preview":"max-image-preview:large","max-video-preview":"max-video-preview:-1"},"canonical":"https:\/\/ilfoglio.info\/new\/dal-carbone-allia-come-lindustria-ha-modellato-la-societa\/","og_locale":"it_IT","og_type":"article","og_title":"Dal carbone all\u2019IA: come l\u2019industria ha modellato la societ\u00e0 - Il Foglio","og_description":"La rivoluzione industriale ha modellato e sta ancora modellando il mondo che viviamo. Lo pu\u00f2 fare grazie alla sua grande capacit\u00e0 di produrre e di innovare. Se confrontiamo il paesaggio e il tenore di vita in Occidente all\u2019inizio dell\u2019Ottocento con quello attuale possiamo comprendere cosa questa rivoluzione produttiva \u00e8 riuscita a fare, considerando anche che [&hellip;]","og_url":"https:\/\/ilfoglio.info\/new\/dal-carbone-allia-come-lindustria-ha-modellato-la-societa\/","og_site_name":"Il Foglio","article_publisher":"https:\/\/www.facebook.com\/Francescane-Elisabettine-Pastorale-Giovanile-Vocazionale-403083793120929","article_published_time":"2026-03-02T08:00:00+00:00","og_image":[{"width":640,"height":467,"url":"https:\/\/ilfoglio.info\/new\/wp-content\/uploads\/2026\/03\/rivoluzione-industriale.jpg","type":"image\/jpeg"}],"author":"Angelo Papuzza","twitter_card":"summary_large_image","twitter_misc":{"Scritto da":"Angelo Papuzza","Tempo di lettura stimato":"6 minuti"},"schema":{"@context":"https:\/\/schema.org","@graph":[{"@type":"Article","@id":"https:\/\/ilfoglio.info\/new\/dal-carbone-allia-come-lindustria-ha-modellato-la-societa\/#article","isPartOf":{"@id":"https:\/\/ilfoglio.info\/new\/dal-carbone-allia-come-lindustria-ha-modellato-la-societa\/"},"author":{"name":"Angelo Papuzza","@id":"https:\/\/ilfoglio.info\/new\/#\/schema\/person\/aaef35fe4f5275845d3e265986a83df4"},"headline":"Dal carbone all\u2019IA: come l\u2019industria ha modellato la societ\u00e0","datePublished":"2026-03-02T08:00:00+00:00","mainEntityOfPage":{"@id":"https:\/\/ilfoglio.info\/new\/dal-carbone-allia-come-lindustria-ha-modellato-la-societa\/"},"wordCount":1095,"commentCount":0,"publisher":{"@id":"https:\/\/ilfoglio.info\/new\/#organization"},"image":{"@id":"https:\/\/ilfoglio.info\/new\/dal-carbone-allia-come-lindustria-ha-modellato-la-societa\/#primaryimage"},"thumbnailUrl":"https:\/\/ilfoglio.info\/new\/wp-content\/uploads\/2026\/03\/rivoluzione-industriale.jpg","articleSection":["News","Politica","Societ\u00e0"],"inLanguage":"it-IT","potentialAction":[{"@type":"CommentAction","name":"Comment","target":["https:\/\/ilfoglio.info\/new\/dal-carbone-allia-come-lindustria-ha-modellato-la-societa\/#respond"]}]},{"@type":"WebPage","@id":"https:\/\/ilfoglio.info\/new\/dal-carbone-allia-come-lindustria-ha-modellato-la-societa\/","url":"https:\/\/ilfoglio.info\/new\/dal-carbone-allia-come-lindustria-ha-modellato-la-societa\/","name":"Dal carbone all\u2019IA: come l\u2019industria ha modellato la societ\u00e0 - Il Foglio","isPartOf":{"@id":"https:\/\/ilfoglio.info\/new\/#website"},"primaryImageOfPage":{"@id":"https:\/\/ilfoglio.info\/new\/dal-carbone-allia-come-lindustria-ha-modellato-la-societa\/#primaryimage"},"image":{"@id":"https:\/\/ilfoglio.info\/new\/dal-carbone-allia-come-lindustria-ha-modellato-la-societa\/#primaryimage"},"thumbnailUrl":"https:\/\/ilfoglio.info\/new\/wp-content\/uploads\/2026\/03\/rivoluzione-industriale.jpg","datePublished":"2026-03-02T08:00:00+00:00","breadcrumb":{"@id":"https:\/\/ilfoglio.info\/new\/dal-carbone-allia-come-lindustria-ha-modellato-la-societa\/#breadcrumb"},"inLanguage":"it-IT","potentialAction":[{"@type":"ReadAction","target":["https:\/\/ilfoglio.info\/new\/dal-carbone-allia-come-lindustria-ha-modellato-la-societa\/"]}]},{"@type":"ImageObject","inLanguage":"it-IT","@id":"https:\/\/ilfoglio.info\/new\/dal-carbone-allia-come-lindustria-ha-modellato-la-societa\/#primaryimage","url":"https:\/\/ilfoglio.info\/new\/wp-content\/uploads\/2026\/03\/rivoluzione-industriale.jpg","contentUrl":"https:\/\/ilfoglio.info\/new\/wp-content\/uploads\/2026\/03\/rivoluzione-industriale.jpg","width":640,"height":467},{"@type":"BreadcrumbList","@id":"https:\/\/ilfoglio.info\/new\/dal-carbone-allia-come-lindustria-ha-modellato-la-societa\/#breadcrumb","itemListElement":[{"@type":"ListItem","position":1,"name":"Home","item":"https:\/\/ilfoglio.info\/new\/"},{"@type":"ListItem","position":2,"name":"Dal carbone all\u2019IA: come l\u2019industria ha modellato la societ\u00e0"}]},{"@type":"WebSite","@id":"https:\/\/ilfoglio.info\/new\/#website","url":"https:\/\/ilfoglio.info\/new\/","name":"Il Foglio","description":"","publisher":{"@id":"https:\/\/ilfoglio.info\/new\/#organization"},"potentialAction":[{"@type":"SearchAction","target":{"@type":"EntryPoint","urlTemplate":"https:\/\/ilfoglio.info\/new\/?s={search_term_string}"},"query-input":{"@type":"PropertyValueSpecification","valueRequired":true,"valueName":"search_term_string"}}],"inLanguage":"it-IT"},{"@type":"Organization","@id":"https:\/\/ilfoglio.info\/new\/#organization","name":"Istituto delle Suore Francescane Elisabettine","url":"https:\/\/ilfoglio.info\/new\/","logo":{"@type":"ImageObject","inLanguage":"it-IT","@id":"https:\/\/ilfoglio.info\/new\/#\/schema\/logo\/image\/","url":"https:\/\/ilfoglio.info\/new\/wp-content\/uploads\/2022\/05\/logo-imm-profilo-fb-01.png","contentUrl":"https:\/\/ilfoglio.info\/new\/wp-content\/uploads\/2022\/05\/logo-imm-profilo-fb-01.png","width":708,"height":708,"caption":"Istituto delle Suore Francescane Elisabettine"},"image":{"@id":"https:\/\/ilfoglio.info\/new\/#\/schema\/logo\/image\/"},"sameAs":["https:\/\/www.facebook.com\/Francescane-Elisabettine-Pastorale-Giovanile-Vocazionale-403083793120929","https:\/\/www.instagram.com\/evocate__\/?hl=it"]},{"@type":"Person","@id":"https:\/\/ilfoglio.info\/new\/#\/schema\/person\/aaef35fe4f5275845d3e265986a83df4","name":"Angelo Papuzza","image":{"@type":"ImageObject","inLanguage":"it-IT","@id":"https:\/\/ilfoglio.info\/new\/#\/schema\/person\/image\/","url":"https:\/\/secure.gravatar.com\/avatar\/7212386f2c191a41ce92a0a2b100d9fbc49691ee190f943f394bf92de6fbad67?s=96&d=mm&r=g","contentUrl":"https:\/\/secure.gravatar.com\/avatar\/7212386f2c191a41ce92a0a2b100d9fbc49691ee190f943f394bf92de6fbad67?s=96&d=mm&r=g","caption":"Angelo Papuzza"},"url":"https:\/\/ilfoglio.info\/new\/author\/angelo-papuzza\/"}]}},"_links":{"self":[{"href":"https:\/\/ilfoglio.info\/new\/wp-json\/wp\/v2\/posts\/3736","targetHints":{"allow":["GET"]}}],"collection":[{"href":"https:\/\/ilfoglio.info\/new\/wp-json\/wp\/v2\/posts"}],"about":[{"href":"https:\/\/ilfoglio.info\/new\/wp-json\/wp\/v2\/types\/post"}],"author":[{"embeddable":true,"href":"https:\/\/ilfoglio.info\/new\/wp-json\/wp\/v2\/users\/26"}],"replies":[{"embeddable":true,"href":"https:\/\/ilfoglio.info\/new\/wp-json\/wp\/v2\/comments?post=3736"}],"version-history":[{"count":1,"href":"https:\/\/ilfoglio.info\/new\/wp-json\/wp\/v2\/posts\/3736\/revisions"}],"predecessor-version":[{"id":3738,"href":"https:\/\/ilfoglio.info\/new\/wp-json\/wp\/v2\/posts\/3736\/revisions\/3738"}],"wp:featuredmedia":[{"embeddable":true,"href":"https:\/\/ilfoglio.info\/new\/wp-json\/wp\/v2\/media\/3737"}],"wp:attachment":[{"href":"https:\/\/ilfoglio.info\/new\/wp-json\/wp\/v2\/media?parent=3736"}],"wp:term":[{"taxonomy":"category","embeddable":true,"href":"https:\/\/ilfoglio.info\/new\/wp-json\/wp\/v2\/categories?post=3736"},{"taxonomy":"post_tag","embeddable":true,"href":"https:\/\/ilfoglio.info\/new\/wp-json\/wp\/v2\/tags?post=3736"}],"curies":[{"name":"wp","href":"https:\/\/api.w.org\/{rel}","templated":true}]}}