{"id":3761,"date":"2026-03-13T09:00:00","date_gmt":"2026-03-13T08:00:00","guid":{"rendered":"https:\/\/ilfoglio.info\/new\/?p=3761"},"modified":"2026-03-19T21:30:08","modified_gmt":"2026-03-19T20:30:08","slug":"aprire-i-teatri-vedere-le-prove","status":"publish","type":"post","link":"https:\/\/ilfoglio.info\/new\/aprire-i-teatri-vedere-le-prove\/","title":{"rendered":"Aprire i teatri, vedere le prove"},"content":{"rendered":"\n<p>Durante il covid (maggio 2020) il regista Gabriele Vacis ha scritto una riflessione sul teatro in cui sosteneva che bisognava aprire i teatri e tenerli aperti tutto il giorno: \u00abLe prove sono molto pi\u00f9 appassionanti dello spettacolo. I maestri del Novecento ci hanno insegnato che quello che c\u2019\u00e8 dietro alla rappresentazione \u00e8 prezioso quanto lo spettacolo stesso. Portiamo in scena tutto: le prove, le letture dei testi, l\u2019allenamento\u2026 Nel lavoro quotidiano, nel training, nelle lezioni dei maestri c\u2019\u00e8 tensione, cultura, scoperta comune: c\u2019\u00e8 tanta bellezza. Smettiamola di tenercela per noi. Da quando lavoro con disabili, studenti, immigrati, gente comune, vivo momenti di teatro straordinari. Il teatro pi\u00f9 che creazione di forme \u00e8 creazione di relazioni tra persone\u2026 L\u2019obiettivo sar\u00e0 la partecipazione comune alla creazione dell\u2019evento teatro. Cogliamo l\u2019occasione per trasformare finalmente i teatri da luoghi esclusivi in spazi d\u2019inclusione\u00bb.<\/p>\n\n\n\n<p>Dal covid in poi aprire i teatri per vedere le prove \u00e8 diventato in un certo senso ancora pi\u00f9 necessario: infatti ci\u00f2 che di solito non veniva mostrato al pubblico, ora \u00e8 messo al centro di molti video. \u00c8 ormai normale vedere su TikTok persone che si filmano mentre compiono gesti quotidiani, persino lavarsi i denti. Chi lo avrebbe immaginato fino a pochi anni fa? Il teatro al contrario rimane spesso un luogo impenetrabile. \u00c8 questo il tempo di fare delle prove teatrali un\u2019esperienza condivisa.<\/p>\n\n\n\n<p>Sabato 7 marzo nella sala Pasolini del Teatro Gobetti, un piccolo gruppo di fortunati spettatori ha potuto vedere le prove di un passaggio dello spettacolo che i PoEm stanno preparando e che andr\u00e0 in scena alla fine del mese. Gabriele Vacis e i giovani attori di PoEM in questi anni stanno puntando lo sguardo sui libri sacri dell\u2019umanit\u00e0. Dopo l\u2019Antico Testamento e prima del Corano, i Vangeli sono quest\u2019anno il nuovo capitolo di un percorso che interroga ci\u00f2 che queste scritture hanno ancora da dire oggi, e come possano risuonare nelle coscienze dei pi\u00f9 giovani, nel cuore inquieto del presente.<\/p>\n\n\n\n<p>E in sala abbiamo sentito ripetere molte volte \u2212 forse addirittura alcune decine \u2212 queste frasi, cos\u00ec note da risultare proverbiali per molti, ma non necessariamente per le nuove generazioni. \u00abQuando digiunate, non diventate malinconici come gli ipocriti, che assumono un&#8217;aria disfatta per far vedere agli altri che digiunano. In verit\u00e0 io vi dico: hanno gi\u00e0 ricevuto la loro ricompensa. Invece, quando tu digiuni, prof\u00f9mati la testa e l\u00e0vati il volto, perch\u00e9 la gente non veda che tu digiuni, ma solo il Padre tuo, che \u00e8 nel segreto; e il Padre tuo, che vede nel segreto, ti ricompenser\u00e0. Non accumulate per voi tesori sulla terra\u2026 Perci\u00f2 io vi dico: non preoccupatevi per la vostra vita, di quello che mangerete o berrete, n\u00e9 per il vostro corpo, di quello che indosserete; la vita non vale forse pi\u00f9 del cibo e il corpo pi\u00f9 del vestito? Guardate gli uccelli del cielo: non seminano e non mietono, n\u00e9 raccolgono nei granai; eppure il Padre vostro celeste li nutre. Non valete forse pi\u00f9 di loro? Non preoccupatevi dunque dicendo: &#8220;Che cosa mangeremo? Che cosa berremo? Che cosa indosseremo?&#8221;. Di tutte queste cose vanno in cerca i pagani. Il Padre vostro celeste, infatti, sa che ne avete bisogno. Non preoccupatevi dunque del domani, perch\u00e9 il domani si preoccuper\u00e0 di se stesso. A ciascun giorno basta la sua pena\u00bb. Che cosa significano in questi giorni di grande pena per il futuro del mondo frasi come queste di Matteo 6?<\/p>\n\n\n\n<p>E ancora: \u00abNon giudicate, per non essere giudicati; perch\u00e9 con il giudizio con il quale giudicate sarete giudicati voi e con la misura con la quale misurate sar\u00e0 misurato a voi. Perch\u00e9 guardi la pagliuzza che \u00e8 nell&#8217;occhio del tuo fratello, e non ti accorgi della trave che \u00e8 nel tuo occhio? O come dirai al tuo fratello: &#8220;Lascia che tolga la pagliuzza dal tuo occhio&#8221;, mentre nel tuo occhio c&#8217;\u00e8 la trave? Ipocrita! Togli prima la trave dal tuo occhio e allora ci vedrai bene per togliere la pagliuzza dall&#8217;occhio del tuo fratello. Chi di voi, al figlio che gli chiede un pane, dar\u00e0 una pietra? E se gli chiede un pesce, gli dar\u00e0 una serpe? Se voi, dunque, che siete cattivi, sapete dare cose buone ai vostri figli, quanto pi\u00f9 il Padre vostro che \u00e8 nei cieli dar\u00e0 cose buone a quelli che gliele chiedono! Guardatevi dai falsi profeti, che vengono a voi in veste di pecore, ma dentro sono lupi rapaci!\u00bb. Che cosa dicono queste parole il giorno dopo aver visto ministri di culto toccare le spalle di Trump mentre vomita il suo potere di dare la morte?<\/p>\n\n\n\n<figure class=\"wp-block-image size-large is-resized\"><img loading=\"lazy\" decoding=\"async\" width=\"768\" height=\"1024\" src=\"https:\/\/ilfoglio.info\/new\/wp-content\/uploads\/2026\/03\/WhatsApp-Image-2026-03-14-at-10.20.29-768x1024.jpeg\" alt=\"\" class=\"wp-image-3766\" style=\"aspect-ratio:0.7500095430774516;width:823px;height:auto\"\/><\/figure>\n\n\n\n<p>In scena, nel piccolo spazio in cui si muovono gli attori in un silenzio \u201creligioso\u201d, le parole vengono ripetute tante e tante volte: fino a trovare la sintonia tra corpo, movimenti, ritmo, musica e parole. Perch\u00e9 a teatro parlano i corpi, non la bocca. Se il teatro \u00e8 pensare col corpo, il problema delle prove non \u00e8 imparare il testo a memoria (il testo a questo punto \u00e8 \u2212 o dovrebbe essere \u2013 memorizzato), ma allenare il corpo ad agire dicendo, o a dire agendo. E ogni tentativo \u00e8 un prendere una forma, mai soddisfacente, mai definitiva, neppure quando si smette di provare. Andrea ricomincia da capo una, due, dieci, venti volte, mentre Vacis commenta, annota, a volte sbotta, o suggerisce, ride, ironizza; ma tra il regista e gli attori c\u2019\u00e8 un codice comune: per questo tra lui e i &#8220;suoi&#8221; attori spesso basta un cenno, il movimento del braccio, un \u00abQui!&#8230; L\u00e0!\u00bb, un \u00abDai!\u00bb. Gli spettatori guardano a volte distaccati, a volte partecipi, e soffrono: si chiedono se un regista sia sempre cos\u00ec &#8220;cattivo&#8221; o se stia anche lui facendo teatro\u2026 Se io fossi stato Andrea forse mi sarei messo a piangere a forza di dover ricominciare. Ma in teatro succede qualcosa di unico. Sappiamo che spesso le prove sono &#8220;cruente&#8221;. Mi conferma Lorenzo: \u00abNon \u00e8 cattiveria, quella! \u00c8 energia. Quando si costruisce uno spettacolo o c\u2019\u00e8 quell\u2019energia l\u00ec o noi attori, che siamo pigri, non tiriamo fuori niente\u00bb. Non so se siano pigri, ma mi sembra che ci sia davvero tanta energia dentro queste prove. In fondo sono passate quasi due ore per provare solo un piccolo passaggio dello spettacolo. Alla fine ci alziamo un po\u2019 stanchi anche noi, ma soddisfatti di aver visto al lavoro l\u2019energia di questo gruppo di giovani attori col loro regista, alla ricerca di una forma. Chiamiamola pure bellezza.<\/p>\n\n\n\n<p><\/p>\n\n\n\n<p>Foto: Carolina Dardano<\/p>\n","protected":false},"excerpt":{"rendered":"<p>Durante il covid (maggio 2020) il regista Gabriele Vacis ha scritto una riflessione sul teatro in cui sosteneva che bisognava aprire i teatri e tenerli aperti tutto il giorno: \u00abLe prove sono molto pi\u00f9 appassionanti dello spettacolo. I maestri del Novecento ci hanno insegnato che quello che c\u2019\u00e8 dietro alla rappresentazione \u00e8 prezioso quanto lo [&hellip;]<\/p>\n","protected":false},"author":27,"featured_media":3764,"comment_status":"open","ping_status":"open","sticky":false,"template":"","format":"standard","meta":{"_et_pb_use_builder":"off","_et_pb_old_content":"","_et_gb_content_width":"","footnotes":""},"categories":[223,1],"tags":[],"class_list":["post-3761","post","type-post","status-publish","format-standard","has-post-thumbnail","hentry","category-libri-cinema-e-televisione","category-news"],"yoast_head":"<!-- This site is optimized with the Yoast SEO plugin v26.4 - https:\/\/yoast.com\/wordpress\/plugins\/seo\/ -->\n<title>Aprire i teatri, vedere le prove - Il Foglio<\/title>\n<meta name=\"robots\" content=\"index, follow, max-snippet:-1, max-image-preview:large, max-video-preview:-1\" \/>\n<link rel=\"canonical\" href=\"https:\/\/ilfoglio.info\/new\/aprire-i-teatri-vedere-le-prove\/\" \/>\n<meta property=\"og:locale\" content=\"it_IT\" \/>\n<meta property=\"og:type\" content=\"article\" \/>\n<meta property=\"og:title\" content=\"Aprire i teatri, vedere le prove - Il Foglio\" \/>\n<meta property=\"og:description\" content=\"Durante il covid (maggio 2020) il regista Gabriele Vacis ha scritto una riflessione sul teatro in cui sosteneva che bisognava aprire i teatri e tenerli aperti tutto il giorno: \u00abLe prove sono molto pi\u00f9 appassionanti dello spettacolo. I maestri del Novecento ci hanno insegnato che quello che c\u2019\u00e8 dietro alla rappresentazione \u00e8 prezioso quanto lo [&hellip;]\" \/>\n<meta property=\"og:url\" content=\"https:\/\/ilfoglio.info\/new\/aprire-i-teatri-vedere-le-prove\/\" \/>\n<meta property=\"og:site_name\" content=\"Il Foglio\" \/>\n<meta property=\"article:publisher\" content=\"https:\/\/www.facebook.com\/Francescane-Elisabettine-Pastorale-Giovanile-Vocazionale-403083793120929\" \/>\n<meta property=\"article:published_time\" content=\"2026-03-13T08:00:00+00:00\" \/>\n<meta property=\"article:modified_time\" content=\"2026-03-19T20:30:08+00:00\" \/>\n<meta property=\"og:image\" content=\"https:\/\/ilfoglio.info\/new\/wp-content\/uploads\/2026\/03\/WhatsApp-Image-2026-03-14-at-10.20.29-1.jpeg\" \/>\n\t<meta property=\"og:image:width\" content=\"2048\" \/>\n\t<meta property=\"og:image:height\" content=\"1536\" \/>\n\t<meta property=\"og:image:type\" content=\"image\/jpeg\" \/>\n<meta name=\"author\" content=\"Antonello Ronca\" \/>\n<meta name=\"twitter:card\" content=\"summary_large_image\" \/>\n<meta name=\"twitter:label1\" content=\"Scritto da\" \/>\n\t<meta name=\"twitter:data1\" content=\"Antonello Ronca\" \/>\n\t<meta name=\"twitter:label2\" content=\"Tempo di lettura stimato\" \/>\n\t<meta name=\"twitter:data2\" content=\"7 minuti\" \/>\n<script type=\"application\/ld+json\" class=\"yoast-schema-graph\">{\"@context\":\"https:\/\/schema.org\",\"@graph\":[{\"@type\":\"Article\",\"@id\":\"https:\/\/ilfoglio.info\/new\/aprire-i-teatri-vedere-le-prove\/#article\",\"isPartOf\":{\"@id\":\"https:\/\/ilfoglio.info\/new\/aprire-i-teatri-vedere-le-prove\/\"},\"author\":{\"name\":\"Antonello Ronca\",\"@id\":\"https:\/\/ilfoglio.info\/new\/#\/schema\/person\/e4668e14228f20a7775caeed22221c60\"},\"headline\":\"Aprire i teatri, vedere le prove\",\"datePublished\":\"2026-03-13T08:00:00+00:00\",\"dateModified\":\"2026-03-19T20:30:08+00:00\",\"mainEntityOfPage\":{\"@id\":\"https:\/\/ilfoglio.info\/new\/aprire-i-teatri-vedere-le-prove\/\"},\"wordCount\":1066,\"commentCount\":0,\"publisher\":{\"@id\":\"https:\/\/ilfoglio.info\/new\/#organization\"},\"image\":{\"@id\":\"https:\/\/ilfoglio.info\/new\/aprire-i-teatri-vedere-le-prove\/#primaryimage\"},\"thumbnailUrl\":\"https:\/\/ilfoglio.info\/new\/wp-content\/uploads\/2026\/03\/WhatsApp-Image-2026-03-14-at-10.20.29-1.jpeg\",\"articleSection\":[\"Libri, cinema, teatro e televisione, arte\",\"News\"],\"inLanguage\":\"it-IT\",\"potentialAction\":[{\"@type\":\"CommentAction\",\"name\":\"Comment\",\"target\":[\"https:\/\/ilfoglio.info\/new\/aprire-i-teatri-vedere-le-prove\/#respond\"]}]},{\"@type\":\"WebPage\",\"@id\":\"https:\/\/ilfoglio.info\/new\/aprire-i-teatri-vedere-le-prove\/\",\"url\":\"https:\/\/ilfoglio.info\/new\/aprire-i-teatri-vedere-le-prove\/\",\"name\":\"Aprire i teatri, vedere le prove - Il Foglio\",\"isPartOf\":{\"@id\":\"https:\/\/ilfoglio.info\/new\/#website\"},\"primaryImageOfPage\":{\"@id\":\"https:\/\/ilfoglio.info\/new\/aprire-i-teatri-vedere-le-prove\/#primaryimage\"},\"image\":{\"@id\":\"https:\/\/ilfoglio.info\/new\/aprire-i-teatri-vedere-le-prove\/#primaryimage\"},\"thumbnailUrl\":\"https:\/\/ilfoglio.info\/new\/wp-content\/uploads\/2026\/03\/WhatsApp-Image-2026-03-14-at-10.20.29-1.jpeg\",\"datePublished\":\"2026-03-13T08:00:00+00:00\",\"dateModified\":\"2026-03-19T20:30:08+00:00\",\"breadcrumb\":{\"@id\":\"https:\/\/ilfoglio.info\/new\/aprire-i-teatri-vedere-le-prove\/#breadcrumb\"},\"inLanguage\":\"it-IT\",\"potentialAction\":[{\"@type\":\"ReadAction\",\"target\":[\"https:\/\/ilfoglio.info\/new\/aprire-i-teatri-vedere-le-prove\/\"]}]},{\"@type\":\"ImageObject\",\"inLanguage\":\"it-IT\",\"@id\":\"https:\/\/ilfoglio.info\/new\/aprire-i-teatri-vedere-le-prove\/#primaryimage\",\"url\":\"https:\/\/ilfoglio.info\/new\/wp-content\/uploads\/2026\/03\/WhatsApp-Image-2026-03-14-at-10.20.29-1.jpeg\",\"contentUrl\":\"https:\/\/ilfoglio.info\/new\/wp-content\/uploads\/2026\/03\/WhatsApp-Image-2026-03-14-at-10.20.29-1.jpeg\",\"width\":2048,\"height\":1536},{\"@type\":\"BreadcrumbList\",\"@id\":\"https:\/\/ilfoglio.info\/new\/aprire-i-teatri-vedere-le-prove\/#breadcrumb\",\"itemListElement\":[{\"@type\":\"ListItem\",\"position\":1,\"name\":\"Home\",\"item\":\"https:\/\/ilfoglio.info\/new\/\"},{\"@type\":\"ListItem\",\"position\":2,\"name\":\"Aprire i teatri, vedere le prove\"}]},{\"@type\":\"WebSite\",\"@id\":\"https:\/\/ilfoglio.info\/new\/#website\",\"url\":\"https:\/\/ilfoglio.info\/new\/\",\"name\":\"Il Foglio\",\"description\":\"\",\"publisher\":{\"@id\":\"https:\/\/ilfoglio.info\/new\/#organization\"},\"potentialAction\":[{\"@type\":\"SearchAction\",\"target\":{\"@type\":\"EntryPoint\",\"urlTemplate\":\"https:\/\/ilfoglio.info\/new\/?s={search_term_string}\"},\"query-input\":{\"@type\":\"PropertyValueSpecification\",\"valueRequired\":true,\"valueName\":\"search_term_string\"}}],\"inLanguage\":\"it-IT\"},{\"@type\":\"Organization\",\"@id\":\"https:\/\/ilfoglio.info\/new\/#organization\",\"name\":\"Istituto delle Suore Francescane Elisabettine\",\"url\":\"https:\/\/ilfoglio.info\/new\/\",\"logo\":{\"@type\":\"ImageObject\",\"inLanguage\":\"it-IT\",\"@id\":\"https:\/\/ilfoglio.info\/new\/#\/schema\/logo\/image\/\",\"url\":\"https:\/\/ilfoglio.info\/new\/wp-content\/uploads\/2022\/05\/logo-imm-profilo-fb-01.png\",\"contentUrl\":\"https:\/\/ilfoglio.info\/new\/wp-content\/uploads\/2022\/05\/logo-imm-profilo-fb-01.png\",\"width\":708,\"height\":708,\"caption\":\"Istituto delle Suore Francescane Elisabettine\"},\"image\":{\"@id\":\"https:\/\/ilfoglio.info\/new\/#\/schema\/logo\/image\/\"},\"sameAs\":[\"https:\/\/www.facebook.com\/Francescane-Elisabettine-Pastorale-Giovanile-Vocazionale-403083793120929\",\"https:\/\/www.instagram.com\/evocate__\/?hl=it\"]},{\"@type\":\"Person\",\"@id\":\"https:\/\/ilfoglio.info\/new\/#\/schema\/person\/e4668e14228f20a7775caeed22221c60\",\"name\":\"Antonello Ronca\",\"image\":{\"@type\":\"ImageObject\",\"inLanguage\":\"it-IT\",\"@id\":\"https:\/\/ilfoglio.info\/new\/#\/schema\/person\/image\/\",\"url\":\"https:\/\/secure.gravatar.com\/avatar\/25f770835895cd48bed0c3606df29bcb68215dbe5541e2fc145ce945f8cc3e5a?s=96&d=mm&r=g\",\"contentUrl\":\"https:\/\/secure.gravatar.com\/avatar\/25f770835895cd48bed0c3606df29bcb68215dbe5541e2fc145ce945f8cc3e5a?s=96&d=mm&r=g\",\"caption\":\"Antonello Ronca\"},\"url\":\"https:\/\/ilfoglio.info\/new\/author\/antonello-ronca\/\"}]}<\/script>\n<!-- \/ Yoast SEO plugin. -->","yoast_head_json":{"title":"Aprire i teatri, vedere le prove - Il Foglio","robots":{"index":"index","follow":"follow","max-snippet":"max-snippet:-1","max-image-preview":"max-image-preview:large","max-video-preview":"max-video-preview:-1"},"canonical":"https:\/\/ilfoglio.info\/new\/aprire-i-teatri-vedere-le-prove\/","og_locale":"it_IT","og_type":"article","og_title":"Aprire i teatri, vedere le prove - Il Foglio","og_description":"Durante il covid (maggio 2020) il regista Gabriele Vacis ha scritto una riflessione sul teatro in cui sosteneva che bisognava aprire i teatri e tenerli aperti tutto il giorno: \u00abLe prove sono molto pi\u00f9 appassionanti dello spettacolo. I maestri del Novecento ci hanno insegnato che quello che c\u2019\u00e8 dietro alla rappresentazione \u00e8 prezioso quanto lo [&hellip;]","og_url":"https:\/\/ilfoglio.info\/new\/aprire-i-teatri-vedere-le-prove\/","og_site_name":"Il Foglio","article_publisher":"https:\/\/www.facebook.com\/Francescane-Elisabettine-Pastorale-Giovanile-Vocazionale-403083793120929","article_published_time":"2026-03-13T08:00:00+00:00","article_modified_time":"2026-03-19T20:30:08+00:00","og_image":[{"width":2048,"height":1536,"url":"https:\/\/ilfoglio.info\/new\/wp-content\/uploads\/2026\/03\/WhatsApp-Image-2026-03-14-at-10.20.29-1.jpeg","type":"image\/jpeg"}],"author":"Antonello Ronca","twitter_card":"summary_large_image","twitter_misc":{"Scritto da":"Antonello Ronca","Tempo di lettura stimato":"7 minuti"},"schema":{"@context":"https:\/\/schema.org","@graph":[{"@type":"Article","@id":"https:\/\/ilfoglio.info\/new\/aprire-i-teatri-vedere-le-prove\/#article","isPartOf":{"@id":"https:\/\/ilfoglio.info\/new\/aprire-i-teatri-vedere-le-prove\/"},"author":{"name":"Antonello Ronca","@id":"https:\/\/ilfoglio.info\/new\/#\/schema\/person\/e4668e14228f20a7775caeed22221c60"},"headline":"Aprire i teatri, vedere le prove","datePublished":"2026-03-13T08:00:00+00:00","dateModified":"2026-03-19T20:30:08+00:00","mainEntityOfPage":{"@id":"https:\/\/ilfoglio.info\/new\/aprire-i-teatri-vedere-le-prove\/"},"wordCount":1066,"commentCount":0,"publisher":{"@id":"https:\/\/ilfoglio.info\/new\/#organization"},"image":{"@id":"https:\/\/ilfoglio.info\/new\/aprire-i-teatri-vedere-le-prove\/#primaryimage"},"thumbnailUrl":"https:\/\/ilfoglio.info\/new\/wp-content\/uploads\/2026\/03\/WhatsApp-Image-2026-03-14-at-10.20.29-1.jpeg","articleSection":["Libri, cinema, teatro e televisione, arte","News"],"inLanguage":"it-IT","potentialAction":[{"@type":"CommentAction","name":"Comment","target":["https:\/\/ilfoglio.info\/new\/aprire-i-teatri-vedere-le-prove\/#respond"]}]},{"@type":"WebPage","@id":"https:\/\/ilfoglio.info\/new\/aprire-i-teatri-vedere-le-prove\/","url":"https:\/\/ilfoglio.info\/new\/aprire-i-teatri-vedere-le-prove\/","name":"Aprire i teatri, vedere le prove - Il Foglio","isPartOf":{"@id":"https:\/\/ilfoglio.info\/new\/#website"},"primaryImageOfPage":{"@id":"https:\/\/ilfoglio.info\/new\/aprire-i-teatri-vedere-le-prove\/#primaryimage"},"image":{"@id":"https:\/\/ilfoglio.info\/new\/aprire-i-teatri-vedere-le-prove\/#primaryimage"},"thumbnailUrl":"https:\/\/ilfoglio.info\/new\/wp-content\/uploads\/2026\/03\/WhatsApp-Image-2026-03-14-at-10.20.29-1.jpeg","datePublished":"2026-03-13T08:00:00+00:00","dateModified":"2026-03-19T20:30:08+00:00","breadcrumb":{"@id":"https:\/\/ilfoglio.info\/new\/aprire-i-teatri-vedere-le-prove\/#breadcrumb"},"inLanguage":"it-IT","potentialAction":[{"@type":"ReadAction","target":["https:\/\/ilfoglio.info\/new\/aprire-i-teatri-vedere-le-prove\/"]}]},{"@type":"ImageObject","inLanguage":"it-IT","@id":"https:\/\/ilfoglio.info\/new\/aprire-i-teatri-vedere-le-prove\/#primaryimage","url":"https:\/\/ilfoglio.info\/new\/wp-content\/uploads\/2026\/03\/WhatsApp-Image-2026-03-14-at-10.20.29-1.jpeg","contentUrl":"https:\/\/ilfoglio.info\/new\/wp-content\/uploads\/2026\/03\/WhatsApp-Image-2026-03-14-at-10.20.29-1.jpeg","width":2048,"height":1536},{"@type":"BreadcrumbList","@id":"https:\/\/ilfoglio.info\/new\/aprire-i-teatri-vedere-le-prove\/#breadcrumb","itemListElement":[{"@type":"ListItem","position":1,"name":"Home","item":"https:\/\/ilfoglio.info\/new\/"},{"@type":"ListItem","position":2,"name":"Aprire i teatri, vedere le prove"}]},{"@type":"WebSite","@id":"https:\/\/ilfoglio.info\/new\/#website","url":"https:\/\/ilfoglio.info\/new\/","name":"Il Foglio","description":"","publisher":{"@id":"https:\/\/ilfoglio.info\/new\/#organization"},"potentialAction":[{"@type":"SearchAction","target":{"@type":"EntryPoint","urlTemplate":"https:\/\/ilfoglio.info\/new\/?s={search_term_string}"},"query-input":{"@type":"PropertyValueSpecification","valueRequired":true,"valueName":"search_term_string"}}],"inLanguage":"it-IT"},{"@type":"Organization","@id":"https:\/\/ilfoglio.info\/new\/#organization","name":"Istituto delle Suore Francescane Elisabettine","url":"https:\/\/ilfoglio.info\/new\/","logo":{"@type":"ImageObject","inLanguage":"it-IT","@id":"https:\/\/ilfoglio.info\/new\/#\/schema\/logo\/image\/","url":"https:\/\/ilfoglio.info\/new\/wp-content\/uploads\/2022\/05\/logo-imm-profilo-fb-01.png","contentUrl":"https:\/\/ilfoglio.info\/new\/wp-content\/uploads\/2022\/05\/logo-imm-profilo-fb-01.png","width":708,"height":708,"caption":"Istituto delle Suore Francescane Elisabettine"},"image":{"@id":"https:\/\/ilfoglio.info\/new\/#\/schema\/logo\/image\/"},"sameAs":["https:\/\/www.facebook.com\/Francescane-Elisabettine-Pastorale-Giovanile-Vocazionale-403083793120929","https:\/\/www.instagram.com\/evocate__\/?hl=it"]},{"@type":"Person","@id":"https:\/\/ilfoglio.info\/new\/#\/schema\/person\/e4668e14228f20a7775caeed22221c60","name":"Antonello Ronca","image":{"@type":"ImageObject","inLanguage":"it-IT","@id":"https:\/\/ilfoglio.info\/new\/#\/schema\/person\/image\/","url":"https:\/\/secure.gravatar.com\/avatar\/25f770835895cd48bed0c3606df29bcb68215dbe5541e2fc145ce945f8cc3e5a?s=96&d=mm&r=g","contentUrl":"https:\/\/secure.gravatar.com\/avatar\/25f770835895cd48bed0c3606df29bcb68215dbe5541e2fc145ce945f8cc3e5a?s=96&d=mm&r=g","caption":"Antonello Ronca"},"url":"https:\/\/ilfoglio.info\/new\/author\/antonello-ronca\/"}]}},"_links":{"self":[{"href":"https:\/\/ilfoglio.info\/new\/wp-json\/wp\/v2\/posts\/3761","targetHints":{"allow":["GET"]}}],"collection":[{"href":"https:\/\/ilfoglio.info\/new\/wp-json\/wp\/v2\/posts"}],"about":[{"href":"https:\/\/ilfoglio.info\/new\/wp-json\/wp\/v2\/types\/post"}],"author":[{"embeddable":true,"href":"https:\/\/ilfoglio.info\/new\/wp-json\/wp\/v2\/users\/27"}],"replies":[{"embeddable":true,"href":"https:\/\/ilfoglio.info\/new\/wp-json\/wp\/v2\/comments?post=3761"}],"version-history":[{"count":5,"href":"https:\/\/ilfoglio.info\/new\/wp-json\/wp\/v2\/posts\/3761\/revisions"}],"predecessor-version":[{"id":3772,"href":"https:\/\/ilfoglio.info\/new\/wp-json\/wp\/v2\/posts\/3761\/revisions\/3772"}],"wp:featuredmedia":[{"embeddable":true,"href":"https:\/\/ilfoglio.info\/new\/wp-json\/wp\/v2\/media\/3764"}],"wp:attachment":[{"href":"https:\/\/ilfoglio.info\/new\/wp-json\/wp\/v2\/media?parent=3761"}],"wp:term":[{"taxonomy":"category","embeddable":true,"href":"https:\/\/ilfoglio.info\/new\/wp-json\/wp\/v2\/categories?post=3761"},{"taxonomy":"post_tag","embeddable":true,"href":"https:\/\/ilfoglio.info\/new\/wp-json\/wp\/v2\/tags?post=3761"}],"curies":[{"name":"wp","href":"https:\/\/api.w.org\/{rel}","templated":true}]}}