{"id":3773,"date":"2026-03-18T09:00:00","date_gmt":"2026-03-18T08:00:00","guid":{"rendered":"https:\/\/ilfoglio.info\/new\/?p=3773"},"modified":"2026-03-19T21:30:43","modified_gmt":"2026-03-19T20:30:43","slug":"astronavi-aliene-su-venere","status":"publish","type":"post","link":"https:\/\/ilfoglio.info\/new\/astronavi-aliene-su-venere\/","title":{"rendered":"Astronavi aliene su Venere"},"content":{"rendered":"\n<p>Rispettivamente il 3 febbraio e il 1\u00b0 marzo 2026 ricorre il 60\u00b0 anniversario del primo allunaggio di una nostra sonda automatica (il Luna 9 sovietico nel 1966) e della prima discesa su Venere (il Venera 3 sempre dell&#8217;Urss all&#8217;inizio di marzo): nel giro di un mese una civilt\u00e0 tecnologica ha inviato navicelle su altri due corpi celesti trasmettendocene i dati. Avendo gi\u00e0 scritto in passato sulla Luna (cfr. comunque la conclusione dell&#8217;appendice), mi concentro su Venere, la dea della bellezza e dell&#8217;eros sin dall&#8217;antichit\u00e0, l&#8217;ellenica Afrodite nata dalla <em>spuma<\/em> del mare (in greco \u03b1\u03c6\u03c1\u03bf\u03c2, da cui il nostro termine afrodisiaco).<\/p>\n\n\n\n<p><strong>Il nostro <em>Arrival<\/em> su pianeti extraterrestri<\/strong><\/p>\n\n\n\n<p>Come Leopardi le \u00abvaghe stelle dell&#8217;Orsa\u00bb sulle verdi zolle (in <em>Le ricordanze<\/em>) del giardino paterno, la contemplavo sin da ragazzino poich\u00e9, oltre ad essere la &#8220;stellina&#8221; pi\u00f9 luminosa del firmamento, \u00e8 facilmente individuabile: o a Est prima del sorgere del Sole (chiamata Lucifero, v. il mio articolo precedente \u00abDiavolerie ed esorcismi\u00bb del 4 marzo 2026), o alla sera a Ovest poco dopo il tramonto (chiamata Vespero). Alle nostre latitudini Venere non compare mai a notte fonda al centro del firmamento, nei meravigliosi cieli stellati (purtroppo) solo di una volta.<\/p>\n\n\n\n<p>Il raggiungimento di altri oggetti cosmici era una cosa impensabile fino al 1956; ma con l&#8217;avvento dell&#8217;astronautica nell&#8217;ottobre \u201957 (col primo Sputnik) sono iniziati, per dirla con Guido Piovene, \u00abgli scatti verso il non-terrestre\u00bb (il titolo del quotidiano \u201cLa Stampa\u201d del 5 ottobre 1957). In poco pi\u00f9 di 30 anni abbiamo esplorato il nostro \u201cgiardino di casa\u201d; nel 1989 col sorvolo da parte del Voyager 2 di Nettuno abbiamo provvisoriamente operato una prima mappatura-ricognizione dell&#8217;intero sistema solare.<\/p>\n\n\n\n<p>Il Venera 7 del 1970 appur\u00f2 con precisione che la temperatura sul suolo di Venere oscilla intorno ai 450 gradi (fonde il piombo), con una pressione spaventosa che ci ridurrebbe in poltiglia, pi\u00f9 un terrificante odore di uova marce dovuto all&#8217;acido solforico. Una situazione insostenibile per un astronauta: andremo probabilmente su Marte, ma non su Venere in quelle condizioni proibitive. Eventuali astronauti potranno solo circumnavigarla ai confini dell&#8217;atmosfera superiore in cui ci sono temperature decisamente pi\u00f9 miti a noi confacenti. Se esistono microrganismi simili ai nostri (e&#8230; belle venusiane), possono sopravvivere solo volando molto in alto (&#8230;con la testa) fra le nuvole.<\/p>\n\n\n\n<p><\/p>\n\n\n\n<p><strong>Le fasi&#8230; dell&#8217;amore<\/strong><\/p>\n\n\n\n<p>Venere era gi\u00e0 famosa come dea dell&#8217;amore; lo \u00e8 diventata ancora di pi\u00f9 quando Galileo nel 1610 col cannocchiale ne ha osservato le fasi come la Luna: <em>Cynthiae figuras aemulatur mater amorum<\/em>: la <em>madre degli amori<\/em> riproduce le stesse configurazioni della selenica Cinzia: primo quarto, piena, ultimo quarto, a falci sottili chiamata \u201ccornicolata\u201d da Galileo (cfr. la foto).<\/p>\n\n\n\n<p>Secondo il vezzo di allora, le scoperte erano spesso comunicate con un <em>anagramma<\/em> dell&#8217;intera frase, segnalato dalle due ultime due lettere spaiate: <em>Haec immatura a me iam frustra leguntur o y<\/em>, cio\u00e8 \u00abQueste cose premature le studio [sono da me lette] ormai invano\u00bb.<\/p>\n\n\n\n<figure class=\"wp-block-image size-full\"><img loading=\"lazy\" decoding=\"async\" width=\"465\" height=\"393\" src=\"https:\/\/ilfoglio.info\/new\/wp-content\/uploads\/2026\/03\/fasi-della-luna.gif\" alt=\"\" class=\"wp-image-3775\"\/><\/figure>\n\n\n\n<p>Si sente spesso dire che allora non esistevano &#8220;prove osservative&#8221; dell&#8217;eliocentrismo, per difendere pateticamente il Sant&#8217;Uffizio nella condanna di Galileo. Il che non \u00e8 esatto: se Tolomeo avesse ragione, Venere dovrebbe essere <em>continuamente in fase <\/em>(soprattutto \u201ccornuta\u201d) e <em>mai piena<\/em> (e neppure gibbosa) perch\u00e9 nel suo sistema rimane sempre dalla nostra parte fra il Sole e la Terra. \u00c8 stato ritrovato in una biblioteca di Firenze un&#8217;edizione latina dell&#8217;<em>Almagesto<\/em>, con fitte annotazioni a margine che sono quasi sicuramente di Galileo, il quale ha studiato in profondit\u00e0 i calcoli matematici e i disegni-schizzi di Tolomeo nel gran lavoro del II secolo d. C.; il suo \u201cvituperato\u201d equante \u00e8 l&#8217;equivalente secco della seconda legge di Keplero: Tolomeo, avendo a che fare con orbite circolari, ha potuto usare i pi\u00f9 semplici angoli: si spazzano angoli uguali in tempi eguali. Keplero invece con le sue orbite ellittiche ha dovuto usare le aree, perch\u00e9 gli angoli non funzionano.<\/p>\n\n\n\n<p>La Venere <em>piena<\/em> (e <em>gibbosa<\/em>) significa che essa \u00e8 andata dall&#8217;altra parte del Sole [cfr. l&#8217;immagine], come Mercurio che ha anch&#8217;esso le fasi complete in quanto pianeta pi\u00f9 interno della Terra. Quindi Venere e Mercurio girano intorno al Sole (ci\u00f2 non significa ancora che lo faccia pure la Terra). Infatti \u00e8 contro Tolomeo ma compatibile sia col sistema copernicano sia con quello di Tycho Brahe, in cui tutti i pianeti, escluso il nostro, ruotano intorno al Sole, ma il Sole gira quotidianamente intorno alla Terra trascinando la sua&#8230; corte planetaria.<\/p>\n\n\n\n<p><\/p>\n\n\n\n<p><strong>Il Sole a mezzanotte<\/strong><\/p>\n\n\n\n<p>Certo non esistevano prove osservative a portata di mano, ma il Sole di mezzanotte ai poli \u00e8 decisivo. Gi\u00e0 Pitea nel quarto secolo avanti Cristo, circa mezzo millennio prima di Tolomeo, un esploratore geografo della Magna Grecia (di Massalia, l&#8217;attuale Marsiglia), si era spinto lungo la costa nordica dell&#8217;Atlantico navigando sino al circolo polare artico, e aveva riferito e scritto del Sole notturno oltre che dell&#8217;aurora boreale, ma venne ritenuto pazzoide.<\/p>\n\n\n\n<p>All&#8217;estremo Nord della Norvegia il Sole non tramonta mai dal 20 aprile al 22 agosto; i fossili del nostro antenato <em>Homo antecessor<\/em> (vissuto 1 milione di anni fa, di cui parleremo nel prossimo articolo sulla storia dell&#8217;<em>Homo sapiens<\/em>) provano che egli si \u00e8 avventurato seguendo la costa fino alla Scandinavia occidentale; altrettanto sino ai viaggi lungo le rotte del Nord-Atlantico dei grandi navigatori medievali ben prima di Galileo. Perci\u00f2 era chiaro fin d&#8217;allora, alla vista del Sole notturno, che esso, pur tramontando alle nostre latitudini, non va a girare&#8230; dall&#8217;altra parte di una Terra immobile, confutando cos\u00ec pure il sistema del danese Tycho [dalla Danimarca non si vede il Sole di mezzanotte] gi\u00e0&#8230; nel Pleistocene inferiore dell&#8217;<em>antecessor.<\/em><\/p>\n\n\n\n<p>Stiamo facendo pi\u00f9 di 100 mila km all&#8217;ora senza accorgercene, ma il nostro moto si trasferisce sull&#8217;oggetto guardato [Sole, Luna, pianeti, cielo stellato con le costellazioni&#8230;] in senso inverso: \u00e8 la trappola in cui \u00e8 caduto quasi tutto il mondo antico, anche per l&#8217;assenza di una teoria fisica che spiegasse come mai il duplice moto del nostro pianeta non ci faccia sobbalzare da terra.<\/p>\n\n\n\n<p>Ma Aristarco, e subito dopo Archimede che lo cita approvandolo nell&#8217;<em>Arenario<\/em>, non si sono lasciati \u201cingannare\u201d (come invece \u00e8 successo a Dante) dall&#8217;osservazione ingenua degli spostamenti celesti trascinati dal presunto <em>Primo<\/em> <em>Mobile<\/em>. Aristarco di Samo visse nel III secolo a. C., quindi della generazione immediatamente successiva a quella di Pitea nel circolo di Alessandria: \u00e8 perci\u00f2 probabile che Aristarco abbia letto il <em>Periplo dell&#8217;oceano<\/em>, sicuramente presente nella pi\u00f9 grande biblioteca dell&#8217;antichit\u00e0, del geografo che descrisse l&#8217;isola di <em>Thule<\/em> (attuale Islanda oppure Norvegia, le quali nelle loro coste pi\u00f9 settentrionali sforano oltre il circolo polare), confermandolo nell&#8217;eliocentrismo da lui intuito e proposto.<\/p>\n\n\n\n<p>Tutti i pianeti s\u00ec muovono nella rivoluzione in senso antiorario, visti secondo la consuetudine dall&#8217;alto \u2212 se visti dal basso il senso \u00e8 orario&#8230; e se visto di costa? \u00c8 una questione di gusti.<\/p>\n\n\n\n<p>Anche la loro rotazione diurna \u00e8 antioraria, ma con un paio di eccezioni: una \u00e8 appunto Venere che \u00e8 oraria, quindi retrograda, e lentissima in 243 giorni terrestri, a fronte della sua veloce rivoluzione antioraria di 224 giorni (di 24 ore). <em>Il giorno di Venere \u00e8 pi\u00f9 lungo del suo anno<\/em>!<\/p>\n\n\n\n<p><\/p>\n\n\n\n<p><strong>Appendice sugli impatti<\/strong><\/p>\n\n\n\n<p>Ci\u00f2 \u00e8 quasi sicuramente dovuto all&#8217;impatto (frequenti agli inizi) di un planetesimo contro Venere, che ne ha bloccato la rotazione primitiva anti-oraria innescandone <em>leggermente<\/em> un&#8217;altra in senso inverso. Anche la rotazione rapida di Urano (di 17 ore) \u00e8 da considerarsi oraria, e quindi retrograda come Venere [generata nella schiuma del mare&#8230; dai genitali di Urano].<\/p>\n\n\n\n<p>Ma, cosa pi\u00f9 importante, pure Urano ha subito un forte impatto che ne ha ribaltato l&#8217;asse in senso orizzontale, per cui da <em>sdraiato<\/em> rotola sulla propria orbita anti-oraria di 84 anni: per 42 anni \u00e8 illuminata una semisfera polare, e per i successivi 42 quella opposta. Mi turba <em>solo l&#8217;idea<\/em> di 42 lunghi anni di notte fonda; un motivo in pi\u00f9&#8230; per apprezzare la nostra bella trottolina blu che \u00e8 un mezzo miracolo da preservare con grande cura!<\/p>\n\n\n\n<p>In verit\u00e0 agli inizi anche la Terra ha subito un vigoroso impatto, che ha sollevato una parte consistente del suo strato esterno andando a formare la Luna, la quale fra l&#8217;altro ha reso stabile il nostro asse di rotazione che determina le stagioni [nel mantenerlo inclinato di soli 23 gradi evitandoci di fare la fine di Urano].<\/p>\n\n\n\n<p>La nostra casa \u00e8 un miracolo: una giusta distanza dalla sua stella per le temperature e l&#8217;acqua allo stato liquido (componente fondamentale del nostro tipo di vita), la presenza di una corposa atmosfera ossigenante, il campo magnetico e lo strato di ozono per proteggerci&#8230; Dobbiamo tutelarla con acuta preveggenza.<\/p>\n","protected":false},"excerpt":{"rendered":"<p>Rispettivamente il 3 febbraio e il 1\u00b0 marzo 2026 ricorre il 60\u00b0 anniversario del primo allunaggio di una nostra sonda automatica (il Luna 9 sovietico nel 1966) e della prima discesa su Venere (il Venera 3 sempre dell&#8217;Urss all&#8217;inizio di marzo): nel giro di un mese una civilt\u00e0 tecnologica ha inviato navicelle su altri due [&hellip;]<\/p>\n","protected":false},"author":29,"featured_media":3776,"comment_status":"open","ping_status":"open","sticky":false,"template":"","format":"standard","meta":{"_et_pb_use_builder":"off","_et_pb_old_content":"","_et_gb_content_width":"","footnotes":""},"categories":[1,225],"tags":[],"class_list":["post-3773","post","type-post","status-publish","format-standard","has-post-thumbnail","hentry","category-news","category-scienza-e-ambiente"],"yoast_head":"<!-- This site is optimized with the Yoast SEO plugin v26.4 - https:\/\/yoast.com\/wordpress\/plugins\/seo\/ -->\n<title>Astronavi aliene su Venere - Il Foglio<\/title>\n<meta name=\"robots\" content=\"index, follow, max-snippet:-1, max-image-preview:large, max-video-preview:-1\" \/>\n<link rel=\"canonical\" href=\"https:\/\/ilfoglio.info\/new\/astronavi-aliene-su-venere\/\" \/>\n<meta property=\"og:locale\" content=\"it_IT\" \/>\n<meta property=\"og:type\" content=\"article\" \/>\n<meta property=\"og:title\" content=\"Astronavi aliene su Venere - Il Foglio\" \/>\n<meta property=\"og:description\" content=\"Rispettivamente il 3 febbraio e il 1\u00b0 marzo 2026 ricorre il 60\u00b0 anniversario del primo allunaggio di una nostra sonda automatica (il Luna 9 sovietico nel 1966) e della prima discesa su Venere (il Venera 3 sempre dell&#8217;Urss all&#8217;inizio di marzo): nel giro di un mese una civilt\u00e0 tecnologica ha inviato navicelle su altri due [&hellip;]\" \/>\n<meta property=\"og:url\" content=\"https:\/\/ilfoglio.info\/new\/astronavi-aliene-su-venere\/\" \/>\n<meta property=\"og:site_name\" content=\"Il Foglio\" \/>\n<meta property=\"article:publisher\" content=\"https:\/\/www.facebook.com\/Francescane-Elisabettine-Pastorale-Giovanile-Vocazionale-403083793120929\" \/>\n<meta property=\"article:published_time\" content=\"2026-03-18T08:00:00+00:00\" \/>\n<meta property=\"article:modified_time\" content=\"2026-03-19T20:30:43+00:00\" \/>\n<meta property=\"og:image\" content=\"https:\/\/ilfoglio.info\/new\/wp-content\/uploads\/2026\/03\/sole-di-mezzanotte.jpg\" \/>\n\t<meta property=\"og:image:width\" content=\"1280\" \/>\n\t<meta property=\"og:image:height\" content=\"960\" \/>\n\t<meta property=\"og:image:type\" content=\"image\/jpeg\" \/>\n<meta name=\"author\" content=\"Mauro Pedrazzoli\" \/>\n<meta name=\"twitter:card\" content=\"summary_large_image\" \/>\n<meta name=\"twitter:label1\" content=\"Scritto da\" \/>\n\t<meta name=\"twitter:data1\" content=\"Mauro Pedrazzoli\" \/>\n\t<meta name=\"twitter:label2\" content=\"Tempo di lettura stimato\" \/>\n\t<meta name=\"twitter:data2\" content=\"8 minuti\" \/>\n<script type=\"application\/ld+json\" class=\"yoast-schema-graph\">{\"@context\":\"https:\/\/schema.org\",\"@graph\":[{\"@type\":\"Article\",\"@id\":\"https:\/\/ilfoglio.info\/new\/astronavi-aliene-su-venere\/#article\",\"isPartOf\":{\"@id\":\"https:\/\/ilfoglio.info\/new\/astronavi-aliene-su-venere\/\"},\"author\":{\"name\":\"Mauro Pedrazzoli\",\"@id\":\"https:\/\/ilfoglio.info\/new\/#\/schema\/person\/5150427490ca6594c569bc8c02001918\"},\"headline\":\"Astronavi aliene su Venere\",\"datePublished\":\"2026-03-18T08:00:00+00:00\",\"dateModified\":\"2026-03-19T20:30:43+00:00\",\"mainEntityOfPage\":{\"@id\":\"https:\/\/ilfoglio.info\/new\/astronavi-aliene-su-venere\/\"},\"wordCount\":1398,\"commentCount\":0,\"publisher\":{\"@id\":\"https:\/\/ilfoglio.info\/new\/#organization\"},\"image\":{\"@id\":\"https:\/\/ilfoglio.info\/new\/astronavi-aliene-su-venere\/#primaryimage\"},\"thumbnailUrl\":\"https:\/\/ilfoglio.info\/new\/wp-content\/uploads\/2026\/03\/sole-di-mezzanotte.jpg\",\"articleSection\":[\"News\",\"Scienza e ambiente\"],\"inLanguage\":\"it-IT\",\"potentialAction\":[{\"@type\":\"CommentAction\",\"name\":\"Comment\",\"target\":[\"https:\/\/ilfoglio.info\/new\/astronavi-aliene-su-venere\/#respond\"]}]},{\"@type\":\"WebPage\",\"@id\":\"https:\/\/ilfoglio.info\/new\/astronavi-aliene-su-venere\/\",\"url\":\"https:\/\/ilfoglio.info\/new\/astronavi-aliene-su-venere\/\",\"name\":\"Astronavi aliene su Venere - Il Foglio\",\"isPartOf\":{\"@id\":\"https:\/\/ilfoglio.info\/new\/#website\"},\"primaryImageOfPage\":{\"@id\":\"https:\/\/ilfoglio.info\/new\/astronavi-aliene-su-venere\/#primaryimage\"},\"image\":{\"@id\":\"https:\/\/ilfoglio.info\/new\/astronavi-aliene-su-venere\/#primaryimage\"},\"thumbnailUrl\":\"https:\/\/ilfoglio.info\/new\/wp-content\/uploads\/2026\/03\/sole-di-mezzanotte.jpg\",\"datePublished\":\"2026-03-18T08:00:00+00:00\",\"dateModified\":\"2026-03-19T20:30:43+00:00\",\"breadcrumb\":{\"@id\":\"https:\/\/ilfoglio.info\/new\/astronavi-aliene-su-venere\/#breadcrumb\"},\"inLanguage\":\"it-IT\",\"potentialAction\":[{\"@type\":\"ReadAction\",\"target\":[\"https:\/\/ilfoglio.info\/new\/astronavi-aliene-su-venere\/\"]}]},{\"@type\":\"ImageObject\",\"inLanguage\":\"it-IT\",\"@id\":\"https:\/\/ilfoglio.info\/new\/astronavi-aliene-su-venere\/#primaryimage\",\"url\":\"https:\/\/ilfoglio.info\/new\/wp-content\/uploads\/2026\/03\/sole-di-mezzanotte.jpg\",\"contentUrl\":\"https:\/\/ilfoglio.info\/new\/wp-content\/uploads\/2026\/03\/sole-di-mezzanotte.jpg\",\"width\":1280,\"height\":960},{\"@type\":\"BreadcrumbList\",\"@id\":\"https:\/\/ilfoglio.info\/new\/astronavi-aliene-su-venere\/#breadcrumb\",\"itemListElement\":[{\"@type\":\"ListItem\",\"position\":1,\"name\":\"Home\",\"item\":\"https:\/\/ilfoglio.info\/new\/\"},{\"@type\":\"ListItem\",\"position\":2,\"name\":\"Astronavi aliene su Venere\"}]},{\"@type\":\"WebSite\",\"@id\":\"https:\/\/ilfoglio.info\/new\/#website\",\"url\":\"https:\/\/ilfoglio.info\/new\/\",\"name\":\"Il Foglio\",\"description\":\"\",\"publisher\":{\"@id\":\"https:\/\/ilfoglio.info\/new\/#organization\"},\"potentialAction\":[{\"@type\":\"SearchAction\",\"target\":{\"@type\":\"EntryPoint\",\"urlTemplate\":\"https:\/\/ilfoglio.info\/new\/?s={search_term_string}\"},\"query-input\":{\"@type\":\"PropertyValueSpecification\",\"valueRequired\":true,\"valueName\":\"search_term_string\"}}],\"inLanguage\":\"it-IT\"},{\"@type\":\"Organization\",\"@id\":\"https:\/\/ilfoglio.info\/new\/#organization\",\"name\":\"Istituto delle Suore Francescane Elisabettine\",\"url\":\"https:\/\/ilfoglio.info\/new\/\",\"logo\":{\"@type\":\"ImageObject\",\"inLanguage\":\"it-IT\",\"@id\":\"https:\/\/ilfoglio.info\/new\/#\/schema\/logo\/image\/\",\"url\":\"https:\/\/ilfoglio.info\/new\/wp-content\/uploads\/2022\/05\/logo-imm-profilo-fb-01.png\",\"contentUrl\":\"https:\/\/ilfoglio.info\/new\/wp-content\/uploads\/2022\/05\/logo-imm-profilo-fb-01.png\",\"width\":708,\"height\":708,\"caption\":\"Istituto delle Suore Francescane Elisabettine\"},\"image\":{\"@id\":\"https:\/\/ilfoglio.info\/new\/#\/schema\/logo\/image\/\"},\"sameAs\":[\"https:\/\/www.facebook.com\/Francescane-Elisabettine-Pastorale-Giovanile-Vocazionale-403083793120929\",\"https:\/\/www.instagram.com\/evocate__\/?hl=it\"]},{\"@type\":\"Person\",\"@id\":\"https:\/\/ilfoglio.info\/new\/#\/schema\/person\/5150427490ca6594c569bc8c02001918\",\"name\":\"Mauro Pedrazzoli\",\"image\":{\"@type\":\"ImageObject\",\"inLanguage\":\"it-IT\",\"@id\":\"https:\/\/ilfoglio.info\/new\/#\/schema\/person\/image\/\",\"url\":\"https:\/\/secure.gravatar.com\/avatar\/27fa5c25bf3dd76657fb8ddb6dcf11fae23ce588752530e85d42262437504ef8?s=96&d=mm&r=g\",\"contentUrl\":\"https:\/\/secure.gravatar.com\/avatar\/27fa5c25bf3dd76657fb8ddb6dcf11fae23ce588752530e85d42262437504ef8?s=96&d=mm&r=g\",\"caption\":\"Mauro Pedrazzoli\"},\"url\":\"https:\/\/ilfoglio.info\/new\/author\/mauro-pedrazzoli\/\"}]}<\/script>\n<!-- \/ Yoast SEO plugin. -->","yoast_head_json":{"title":"Astronavi aliene su Venere - Il Foglio","robots":{"index":"index","follow":"follow","max-snippet":"max-snippet:-1","max-image-preview":"max-image-preview:large","max-video-preview":"max-video-preview:-1"},"canonical":"https:\/\/ilfoglio.info\/new\/astronavi-aliene-su-venere\/","og_locale":"it_IT","og_type":"article","og_title":"Astronavi aliene su Venere - Il Foglio","og_description":"Rispettivamente il 3 febbraio e il 1\u00b0 marzo 2026 ricorre il 60\u00b0 anniversario del primo allunaggio di una nostra sonda automatica (il Luna 9 sovietico nel 1966) e della prima discesa su Venere (il Venera 3 sempre dell&#8217;Urss all&#8217;inizio di marzo): nel giro di un mese una civilt\u00e0 tecnologica ha inviato navicelle su altri due [&hellip;]","og_url":"https:\/\/ilfoglio.info\/new\/astronavi-aliene-su-venere\/","og_site_name":"Il Foglio","article_publisher":"https:\/\/www.facebook.com\/Francescane-Elisabettine-Pastorale-Giovanile-Vocazionale-403083793120929","article_published_time":"2026-03-18T08:00:00+00:00","article_modified_time":"2026-03-19T20:30:43+00:00","og_image":[{"width":1280,"height":960,"url":"https:\/\/ilfoglio.info\/new\/wp-content\/uploads\/2026\/03\/sole-di-mezzanotte.jpg","type":"image\/jpeg"}],"author":"Mauro Pedrazzoli","twitter_card":"summary_large_image","twitter_misc":{"Scritto da":"Mauro Pedrazzoli","Tempo di lettura stimato":"8 minuti"},"schema":{"@context":"https:\/\/schema.org","@graph":[{"@type":"Article","@id":"https:\/\/ilfoglio.info\/new\/astronavi-aliene-su-venere\/#article","isPartOf":{"@id":"https:\/\/ilfoglio.info\/new\/astronavi-aliene-su-venere\/"},"author":{"name":"Mauro Pedrazzoli","@id":"https:\/\/ilfoglio.info\/new\/#\/schema\/person\/5150427490ca6594c569bc8c02001918"},"headline":"Astronavi aliene su Venere","datePublished":"2026-03-18T08:00:00+00:00","dateModified":"2026-03-19T20:30:43+00:00","mainEntityOfPage":{"@id":"https:\/\/ilfoglio.info\/new\/astronavi-aliene-su-venere\/"},"wordCount":1398,"commentCount":0,"publisher":{"@id":"https:\/\/ilfoglio.info\/new\/#organization"},"image":{"@id":"https:\/\/ilfoglio.info\/new\/astronavi-aliene-su-venere\/#primaryimage"},"thumbnailUrl":"https:\/\/ilfoglio.info\/new\/wp-content\/uploads\/2026\/03\/sole-di-mezzanotte.jpg","articleSection":["News","Scienza e ambiente"],"inLanguage":"it-IT","potentialAction":[{"@type":"CommentAction","name":"Comment","target":["https:\/\/ilfoglio.info\/new\/astronavi-aliene-su-venere\/#respond"]}]},{"@type":"WebPage","@id":"https:\/\/ilfoglio.info\/new\/astronavi-aliene-su-venere\/","url":"https:\/\/ilfoglio.info\/new\/astronavi-aliene-su-venere\/","name":"Astronavi aliene su Venere - Il Foglio","isPartOf":{"@id":"https:\/\/ilfoglio.info\/new\/#website"},"primaryImageOfPage":{"@id":"https:\/\/ilfoglio.info\/new\/astronavi-aliene-su-venere\/#primaryimage"},"image":{"@id":"https:\/\/ilfoglio.info\/new\/astronavi-aliene-su-venere\/#primaryimage"},"thumbnailUrl":"https:\/\/ilfoglio.info\/new\/wp-content\/uploads\/2026\/03\/sole-di-mezzanotte.jpg","datePublished":"2026-03-18T08:00:00+00:00","dateModified":"2026-03-19T20:30:43+00:00","breadcrumb":{"@id":"https:\/\/ilfoglio.info\/new\/astronavi-aliene-su-venere\/#breadcrumb"},"inLanguage":"it-IT","potentialAction":[{"@type":"ReadAction","target":["https:\/\/ilfoglio.info\/new\/astronavi-aliene-su-venere\/"]}]},{"@type":"ImageObject","inLanguage":"it-IT","@id":"https:\/\/ilfoglio.info\/new\/astronavi-aliene-su-venere\/#primaryimage","url":"https:\/\/ilfoglio.info\/new\/wp-content\/uploads\/2026\/03\/sole-di-mezzanotte.jpg","contentUrl":"https:\/\/ilfoglio.info\/new\/wp-content\/uploads\/2026\/03\/sole-di-mezzanotte.jpg","width":1280,"height":960},{"@type":"BreadcrumbList","@id":"https:\/\/ilfoglio.info\/new\/astronavi-aliene-su-venere\/#breadcrumb","itemListElement":[{"@type":"ListItem","position":1,"name":"Home","item":"https:\/\/ilfoglio.info\/new\/"},{"@type":"ListItem","position":2,"name":"Astronavi aliene su Venere"}]},{"@type":"WebSite","@id":"https:\/\/ilfoglio.info\/new\/#website","url":"https:\/\/ilfoglio.info\/new\/","name":"Il Foglio","description":"","publisher":{"@id":"https:\/\/ilfoglio.info\/new\/#organization"},"potentialAction":[{"@type":"SearchAction","target":{"@type":"EntryPoint","urlTemplate":"https:\/\/ilfoglio.info\/new\/?s={search_term_string}"},"query-input":{"@type":"PropertyValueSpecification","valueRequired":true,"valueName":"search_term_string"}}],"inLanguage":"it-IT"},{"@type":"Organization","@id":"https:\/\/ilfoglio.info\/new\/#organization","name":"Istituto delle Suore Francescane Elisabettine","url":"https:\/\/ilfoglio.info\/new\/","logo":{"@type":"ImageObject","inLanguage":"it-IT","@id":"https:\/\/ilfoglio.info\/new\/#\/schema\/logo\/image\/","url":"https:\/\/ilfoglio.info\/new\/wp-content\/uploads\/2022\/05\/logo-imm-profilo-fb-01.png","contentUrl":"https:\/\/ilfoglio.info\/new\/wp-content\/uploads\/2022\/05\/logo-imm-profilo-fb-01.png","width":708,"height":708,"caption":"Istituto delle Suore Francescane Elisabettine"},"image":{"@id":"https:\/\/ilfoglio.info\/new\/#\/schema\/logo\/image\/"},"sameAs":["https:\/\/www.facebook.com\/Francescane-Elisabettine-Pastorale-Giovanile-Vocazionale-403083793120929","https:\/\/www.instagram.com\/evocate__\/?hl=it"]},{"@type":"Person","@id":"https:\/\/ilfoglio.info\/new\/#\/schema\/person\/5150427490ca6594c569bc8c02001918","name":"Mauro Pedrazzoli","image":{"@type":"ImageObject","inLanguage":"it-IT","@id":"https:\/\/ilfoglio.info\/new\/#\/schema\/person\/image\/","url":"https:\/\/secure.gravatar.com\/avatar\/27fa5c25bf3dd76657fb8ddb6dcf11fae23ce588752530e85d42262437504ef8?s=96&d=mm&r=g","contentUrl":"https:\/\/secure.gravatar.com\/avatar\/27fa5c25bf3dd76657fb8ddb6dcf11fae23ce588752530e85d42262437504ef8?s=96&d=mm&r=g","caption":"Mauro Pedrazzoli"},"url":"https:\/\/ilfoglio.info\/new\/author\/mauro-pedrazzoli\/"}]}},"_links":{"self":[{"href":"https:\/\/ilfoglio.info\/new\/wp-json\/wp\/v2\/posts\/3773","targetHints":{"allow":["GET"]}}],"collection":[{"href":"https:\/\/ilfoglio.info\/new\/wp-json\/wp\/v2\/posts"}],"about":[{"href":"https:\/\/ilfoglio.info\/new\/wp-json\/wp\/v2\/types\/post"}],"author":[{"embeddable":true,"href":"https:\/\/ilfoglio.info\/new\/wp-json\/wp\/v2\/users\/29"}],"replies":[{"embeddable":true,"href":"https:\/\/ilfoglio.info\/new\/wp-json\/wp\/v2\/comments?post=3773"}],"version-history":[{"count":2,"href":"https:\/\/ilfoglio.info\/new\/wp-json\/wp\/v2\/posts\/3773\/revisions"}],"predecessor-version":[{"id":3778,"href":"https:\/\/ilfoglio.info\/new\/wp-json\/wp\/v2\/posts\/3773\/revisions\/3778"}],"wp:featuredmedia":[{"embeddable":true,"href":"https:\/\/ilfoglio.info\/new\/wp-json\/wp\/v2\/media\/3776"}],"wp:attachment":[{"href":"https:\/\/ilfoglio.info\/new\/wp-json\/wp\/v2\/media?parent=3773"}],"wp:term":[{"taxonomy":"category","embeddable":true,"href":"https:\/\/ilfoglio.info\/new\/wp-json\/wp\/v2\/categories?post=3773"},{"taxonomy":"post_tag","embeddable":true,"href":"https:\/\/ilfoglio.info\/new\/wp-json\/wp\/v2\/tags?post=3773"}],"curies":[{"name":"wp","href":"https:\/\/api.w.org\/{rel}","templated":true}]}}