{"id":3783,"date":"2026-03-20T09:00:00","date_gmt":"2026-03-20T08:00:00","guid":{"rendered":"https:\/\/ilfoglio.info\/new\/?p=3783"},"modified":"2026-04-19T12:20:14","modified_gmt":"2026-04-19T10:20:14","slug":"il-ciottolo-di-zbigniew-herbert","status":"publish","type":"post","link":"https:\/\/ilfoglio.info\/new\/il-ciottolo-di-zbigniew-herbert\/","title":{"rendered":"\u00abIl ciottolo\u00bb di Zbigniew Herbert"},"content":{"rendered":"\n<p><em>Il ciottolo \u00e8 una creatura<\/em><em><\/em><\/p>\n\n\n\n<p><em>perfetta<\/em><em><\/em><\/p>\n\n\n\n<p><em>uguale a se stesso<\/em><em><\/em><\/p>\n\n\n\n<p><em>attento ai propri confini<\/em><em><\/em><\/p>\n\n\n\n<p><em>esattamente ripieno<\/em><em><\/em><\/p>\n\n\n\n<p><em>di senso pietroso<\/em><em><\/em><\/p>\n\n\n\n<p><em>con un odore che non ricorda nulla<\/em><em><\/em><\/p>\n\n\n\n<p><em>non spaventa nulla non suscita desideri<\/em><em><\/em><\/p>\n\n\n\n<p><em>il suo ardore e la sua freddezza<\/em><em><\/em><\/p>\n\n\n\n<p><em>sono giusti e pieni di dignit\u00e0<\/em><em><\/em><\/p>\n\n\n\n<p><em>provo un grave rimorso<\/em><em><\/em><\/p>\n\n\n\n<p><em>quando lo tengo nel palmo<\/em><em><\/em><\/p>\n\n\n\n<p><em>e un falso calore<\/em><em><\/em><\/p>\n\n\n\n<p><em>ne pervade il nobile corpo<\/em><em><\/em><\/p>\n\n\n\n<p><em>&#8211; I ciottoli non si lasciano addomesticare<\/em><em><\/em><\/p>\n\n\n\n<p><em>fino alla fine ci guarderanno<\/em><em><\/em><\/p>\n\n\n\n<p><em>con un occhio calmo e molto chiaro<\/em><em><\/em><\/p>\n\n\n\n<p>Zbigniew Herbert, <a href=\"https:\/\/www.amazon.it\/dp\/8845909662?tag=consulenzeinf-21\" target=\"_blank\" rel=\"noreferrer noopener\"><em>Rapporto dalla citt\u00e0 assediata<\/em><\/a><\/p>\n\n\n\n<p>Sono insolitamente numerose le poesie dedicate alle pietre (ciottoli, sassi\u2026), come a dire che se si pu\u00f2 parlare di pietre allora si pu\u00f2 parlare di qualsiasi cosa, perch\u00e9 persino i dettagli pi\u00f9 insignificanti possono diventare un punto di vista privilegiato dal quale guardare al mondo, una sorta di occhiale immaginifico che rende il piccolo prospettiva del grande.<\/p>\n\n\n\n<p>C\u2019\u00e8 una scena ne <em>La strada <\/em>di Federico Fellini (1954) generalmente nota come la \u00abfilosofia del sasso\u00bb, in cui il Matto \u2212 un acrobata che la protagonista Gelsomina incontra nel suo vagabondare tra i carrozzoni circensi \u2212 legge la tristezza negli occhi della giovane, consolandola a suo modo, con parole che sembrano far risuonare la tradizione del <em>fool <\/em>shakespeariano.<\/p>\n\n\n\n<p>\u00ab<em>Tu non ci crederai, ma tutto quello che c\u2019\u00e8 a questo mondo serve a qualcosa. Ecco, prendi quel sasso l\u00ec, per esempio\u00bb.<\/em><\/p>\n\n\n\n<p><em>\u00abQuale?\u00bb.<\/em><\/p>\n\n\n\n<p><em>\u00abQuesto\u2026 uno qualunque. Ecco, anche questo serve a qualcosa, anche questo sassetto\u00bb.<\/em><\/p>\n\n\n\n<p><em>\u00abE a cosa serve?\u00bb.<\/em><\/p>\n\n\n\n<p><em>\u00abServe\u2026 ma che ne so! Se lo sapessi sai chi sarei?\u00bb.<\/em><\/p>\n\n\n\n<p><em>\u00abChi?\u00bb.<\/em><\/p>\n\n\n\n<p><em>\u00abIl Padreterno che sa tutto: quando nasci e quando muori. Non lo so a cosa serve questo sasso io, ma a qualcosa deve servire. Perch\u00e9 se tutto \u00e8 inutile, allora \u00e8 inutile tutto. Anche le stelle, almeno credo\u2026 e anche tu. Anche tu servi a qualcosa, con la tua testa di carciofo\u00bb.<\/em><\/p>\n\n\n\n<p>Per dire che anche lei, Gelsomina, ha il suo ruolo nel mondo \u2013 a dispetto della vita infelice che conduce con Zampan\u00f2 \u2212, il Matto prende a esempio un sasso. Se sapesse rispondere a che cosa serve, non lo chiamerebbero Matto. Ma che serva a qualcosa, quello lo sa. Il sasso come le stelle, il piccolo e il grande, appunto.<\/p>\n\n\n\n<p>Il <em>Siddharta<\/em> di Herman Hesse, raggiunta un\u2019et\u00e0 veneranda e grande sapienza, d\u00e0 pari valore a ogni cosa all\u2019interno del cerchio delle trasformazioni in cui confida la sua tradizione: \u00abquesta pietra \u00e8 pietra, ed \u00e8 anche animale, \u00e8 anche dio, \u00e8 anche Buddha, io l\u2019amo e l\u2019onoro non perch\u00e9 un giorno o l\u2019altro possa diventare questo o quello, ma perch\u00e9 essa \u00e8, ed \u00e8 sempre stata, tutto; e appunto questo fatto, che sia pietra, che ora mi appaia come pietra, proprio questo fa s\u00ec ch\u2019io la ami, e veda un senso e un valore in ognuna delle sue vene e cavit\u00e0, nel giallo, nel grigio, nella durezza, nel suono che emette quando la colpisco, nell\u2019aridit\u00e0 e nella umidit\u00e0 della sua superficie [\u2026]. Ma non farmi pi\u00f9 dir altro di ci\u00f2. Le parole che colgono il significato segreto, tutto appare sempre un po\u2019 diverso quando lo si esprime, un po\u2019 falsato, un po\u2019 sciocco, s\u00ec, e anche questo \u00e8 bene e mi piace moltissimo\u00bb (Adelphi 1988, pp. 162-3).<\/p>\n\n\n\n<p>Le citazioni sui sassi sono tali e tante che se ne potrebbe fare un\u2019antologia. A ogni testo, una nuova sottolineatura, un nuovo significato estratto da probabili etimologie, frasi proverbiali, immagini mondane e metafore bibliche. Cos\u00ec tante da perdersi. Seguiamo invece la poesia in apertura di Zbigniew Herbert, poeta polacco che ha vissuto quasi interamente il secolo scorso e i suoi conflitti (bellici e post-bellici) e che intitola allusivamente una sua raccolta di poesie <em>Rapporto dalla citt\u00e0 assediata<\/em>, riferendosi a quel momento particolare in cui Solidarno\u015b\u0107 viene messo fuori legge. Da questa raccolta \u00e8 tratto il nostro testo, che guarda a un ciottolo e vede molto altro: la perfezione in s\u00e9 conchiusa, un\u2019immagine semplice che non inquieta, una consistenza d\u2019essere fiera e rispettabile, non piegabile alle altrui lusinghe. La sua materialit\u00e0 durevole, lo rende pi\u00f9 stabile nel tempo, dal quale continuer\u00e0 a osservarci e, forse, giudicarci.<\/p>\n\n\n\n<p>\u00c8 quindi tale stabilit\u00e0 e fermezza a farne l\u2019occhio privilegiato sul mondo, a renderci vieppi\u00f9 chiara la nostra condizione effimera, resa evidente dalle crisi che in ogni tempo attraversiamo, e quindi buona purtroppo per ogni frazione di storia in cui ci sia dato di vivere. Noi invece i sassi li calpestiamo, dimentichi della nostra finitudine e della loro maggiore durevolezza. I sassi per\u00f2, come tanti degli oggetti di cui ci circondiamo, o che ci circondano nostro malgrado, ci sopravvivono. \u00c8 questa una delle constatazioni pi\u00f9 amare che ci raggiunge quando abbiamo perso qualcuno e continuiamo a vedere che tutto il resto attorno non \u00e8 cambiato, anche se in quel momento ci sembra che avrebbe dovuto. Ma i sassi restano l\u00ec, a memoria del fatto che qualcosa va e altro rimane. A memoria del fatto che non li abbiamo guardati con sufficiente attenzione\u2026 per questo c\u2019\u00e8 la poesia!<\/p>\n","protected":false},"excerpt":{"rendered":"<p>Il ciottolo \u00e8 una creatura perfetta uguale a se stesso attento ai propri confini esattamente ripieno di senso pietroso con un odore che non ricorda nulla non spaventa nulla non suscita desideri il suo ardore e la sua freddezza sono giusti e pieni di dignit\u00e0 provo un grave rimorso quando lo tengo nel palmo e [&hellip;]<\/p>\n","protected":false},"author":19,"featured_media":3784,"comment_status":"open","ping_status":"open","sticky":false,"template":"","format":"standard","meta":{"_et_pb_use_builder":"off","_et_pb_old_content":"","_et_gb_content_width":"","footnotes":""},"categories":[1,228],"tags":[],"class_list":["post-3783","post","type-post","status-publish","format-standard","has-post-thumbnail","hentry","category-news","category-zibaldone"],"yoast_head":"<!-- This site is optimized with the Yoast SEO plugin v26.4 - https:\/\/yoast.com\/wordpress\/plugins\/seo\/ -->\n<title>\u00abIl ciottolo\u00bb di Zbigniew Herbert - Il Foglio<\/title>\n<meta name=\"robots\" content=\"index, follow, max-snippet:-1, max-image-preview:large, max-video-preview:-1\" \/>\n<link rel=\"canonical\" href=\"https:\/\/ilfoglio.info\/new\/il-ciottolo-di-zbigniew-herbert\/\" \/>\n<meta property=\"og:locale\" content=\"it_IT\" \/>\n<meta property=\"og:type\" content=\"article\" \/>\n<meta property=\"og:title\" content=\"\u00abIl ciottolo\u00bb di Zbigniew Herbert - Il Foglio\" \/>\n<meta property=\"og:description\" content=\"Il ciottolo \u00e8 una creatura perfetta uguale a se stesso attento ai propri confini esattamente ripieno di senso pietroso con un odore che non ricorda nulla non spaventa nulla non suscita desideri il suo ardore e la sua freddezza sono giusti e pieni di dignit\u00e0 provo un grave rimorso quando lo tengo nel palmo e [&hellip;]\" \/>\n<meta property=\"og:url\" content=\"https:\/\/ilfoglio.info\/new\/il-ciottolo-di-zbigniew-herbert\/\" \/>\n<meta property=\"og:site_name\" content=\"Il Foglio\" \/>\n<meta property=\"article:publisher\" content=\"https:\/\/www.facebook.com\/Francescane-Elisabettine-Pastorale-Giovanile-Vocazionale-403083793120929\" \/>\n<meta property=\"article:published_time\" content=\"2026-03-20T08:00:00+00:00\" \/>\n<meta property=\"article:modified_time\" content=\"2026-04-19T10:20:14+00:00\" \/>\n<meta property=\"og:image\" content=\"https:\/\/ilfoglio.info\/new\/wp-content\/uploads\/2026\/03\/ciottoli.jpg\" \/>\n\t<meta property=\"og:image:width\" content=\"275\" \/>\n\t<meta property=\"og:image:height\" content=\"183\" \/>\n\t<meta property=\"og:image:type\" content=\"image\/jpeg\" \/>\n<meta name=\"author\" content=\"Maria Nisii\" \/>\n<meta name=\"twitter:card\" content=\"summary_large_image\" \/>\n<meta name=\"twitter:label1\" content=\"Scritto da\" \/>\n\t<meta name=\"twitter:data1\" content=\"Maria Nisii\" \/>\n\t<meta name=\"twitter:label2\" content=\"Tempo di lettura stimato\" \/>\n\t<meta name=\"twitter:data2\" content=\"5 minuti\" \/>\n<script type=\"application\/ld+json\" class=\"yoast-schema-graph\">{\"@context\":\"https:\/\/schema.org\",\"@graph\":[{\"@type\":\"Article\",\"@id\":\"https:\/\/ilfoglio.info\/new\/il-ciottolo-di-zbigniew-herbert\/#article\",\"isPartOf\":{\"@id\":\"https:\/\/ilfoglio.info\/new\/il-ciottolo-di-zbigniew-herbert\/\"},\"author\":{\"name\":\"Maria Nisii\",\"@id\":\"https:\/\/ilfoglio.info\/new\/#\/schema\/person\/eb4fa52dd182f0d24eaef84139839fcc\"},\"headline\":\"\u00abIl ciottolo\u00bb di Zbigniew Herbert\",\"datePublished\":\"2026-03-20T08:00:00+00:00\",\"dateModified\":\"2026-04-19T10:20:14+00:00\",\"mainEntityOfPage\":{\"@id\":\"https:\/\/ilfoglio.info\/new\/il-ciottolo-di-zbigniew-herbert\/\"},\"wordCount\":820,\"commentCount\":1,\"publisher\":{\"@id\":\"https:\/\/ilfoglio.info\/new\/#organization\"},\"image\":{\"@id\":\"https:\/\/ilfoglio.info\/new\/il-ciottolo-di-zbigniew-herbert\/#primaryimage\"},\"thumbnailUrl\":\"https:\/\/ilfoglio.info\/new\/wp-content\/uploads\/2026\/03\/ciottoli.jpg\",\"articleSection\":[\"News\",\"Zibaldone\"],\"inLanguage\":\"it-IT\",\"potentialAction\":[{\"@type\":\"CommentAction\",\"name\":\"Comment\",\"target\":[\"https:\/\/ilfoglio.info\/new\/il-ciottolo-di-zbigniew-herbert\/#respond\"]}]},{\"@type\":\"WebPage\",\"@id\":\"https:\/\/ilfoglio.info\/new\/il-ciottolo-di-zbigniew-herbert\/\",\"url\":\"https:\/\/ilfoglio.info\/new\/il-ciottolo-di-zbigniew-herbert\/\",\"name\":\"\u00abIl ciottolo\u00bb di Zbigniew Herbert - Il Foglio\",\"isPartOf\":{\"@id\":\"https:\/\/ilfoglio.info\/new\/#website\"},\"primaryImageOfPage\":{\"@id\":\"https:\/\/ilfoglio.info\/new\/il-ciottolo-di-zbigniew-herbert\/#primaryimage\"},\"image\":{\"@id\":\"https:\/\/ilfoglio.info\/new\/il-ciottolo-di-zbigniew-herbert\/#primaryimage\"},\"thumbnailUrl\":\"https:\/\/ilfoglio.info\/new\/wp-content\/uploads\/2026\/03\/ciottoli.jpg\",\"datePublished\":\"2026-03-20T08:00:00+00:00\",\"dateModified\":\"2026-04-19T10:20:14+00:00\",\"breadcrumb\":{\"@id\":\"https:\/\/ilfoglio.info\/new\/il-ciottolo-di-zbigniew-herbert\/#breadcrumb\"},\"inLanguage\":\"it-IT\",\"potentialAction\":[{\"@type\":\"ReadAction\",\"target\":[\"https:\/\/ilfoglio.info\/new\/il-ciottolo-di-zbigniew-herbert\/\"]}]},{\"@type\":\"ImageObject\",\"inLanguage\":\"it-IT\",\"@id\":\"https:\/\/ilfoglio.info\/new\/il-ciottolo-di-zbigniew-herbert\/#primaryimage\",\"url\":\"https:\/\/ilfoglio.info\/new\/wp-content\/uploads\/2026\/03\/ciottoli.jpg\",\"contentUrl\":\"https:\/\/ilfoglio.info\/new\/wp-content\/uploads\/2026\/03\/ciottoli.jpg\",\"width\":275,\"height\":183},{\"@type\":\"BreadcrumbList\",\"@id\":\"https:\/\/ilfoglio.info\/new\/il-ciottolo-di-zbigniew-herbert\/#breadcrumb\",\"itemListElement\":[{\"@type\":\"ListItem\",\"position\":1,\"name\":\"Home\",\"item\":\"https:\/\/ilfoglio.info\/new\/\"},{\"@type\":\"ListItem\",\"position\":2,\"name\":\"\u00abIl ciottolo\u00bb di Zbigniew Herbert\"}]},{\"@type\":\"WebSite\",\"@id\":\"https:\/\/ilfoglio.info\/new\/#website\",\"url\":\"https:\/\/ilfoglio.info\/new\/\",\"name\":\"Il Foglio\",\"description\":\"\",\"publisher\":{\"@id\":\"https:\/\/ilfoglio.info\/new\/#organization\"},\"potentialAction\":[{\"@type\":\"SearchAction\",\"target\":{\"@type\":\"EntryPoint\",\"urlTemplate\":\"https:\/\/ilfoglio.info\/new\/?s={search_term_string}\"},\"query-input\":{\"@type\":\"PropertyValueSpecification\",\"valueRequired\":true,\"valueName\":\"search_term_string\"}}],\"inLanguage\":\"it-IT\"},{\"@type\":\"Organization\",\"@id\":\"https:\/\/ilfoglio.info\/new\/#organization\",\"name\":\"Istituto delle Suore Francescane Elisabettine\",\"url\":\"https:\/\/ilfoglio.info\/new\/\",\"logo\":{\"@type\":\"ImageObject\",\"inLanguage\":\"it-IT\",\"@id\":\"https:\/\/ilfoglio.info\/new\/#\/schema\/logo\/image\/\",\"url\":\"https:\/\/ilfoglio.info\/new\/wp-content\/uploads\/2022\/05\/logo-imm-profilo-fb-01.png\",\"contentUrl\":\"https:\/\/ilfoglio.info\/new\/wp-content\/uploads\/2022\/05\/logo-imm-profilo-fb-01.png\",\"width\":708,\"height\":708,\"caption\":\"Istituto delle Suore Francescane Elisabettine\"},\"image\":{\"@id\":\"https:\/\/ilfoglio.info\/new\/#\/schema\/logo\/image\/\"},\"sameAs\":[\"https:\/\/www.facebook.com\/Francescane-Elisabettine-Pastorale-Giovanile-Vocazionale-403083793120929\",\"https:\/\/www.instagram.com\/evocate__\/?hl=it\"]},{\"@type\":\"Person\",\"@id\":\"https:\/\/ilfoglio.info\/new\/#\/schema\/person\/eb4fa52dd182f0d24eaef84139839fcc\",\"name\":\"Maria Nisii\",\"image\":{\"@type\":\"ImageObject\",\"inLanguage\":\"it-IT\",\"@id\":\"https:\/\/ilfoglio.info\/new\/#\/schema\/person\/image\/\",\"url\":\"https:\/\/secure.gravatar.com\/avatar\/30d34ba860d1669a00919fef166ceb1a0ec9be2de3bd4004cfc682f34db06cfc?s=96&d=mm&r=g\",\"contentUrl\":\"https:\/\/secure.gravatar.com\/avatar\/30d34ba860d1669a00919fef166ceb1a0ec9be2de3bd4004cfc682f34db06cfc?s=96&d=mm&r=g\",\"caption\":\"Maria Nisii\"},\"url\":\"https:\/\/ilfoglio.info\/new\/author\/maria-nisii\/\"}]}<\/script>\n<!-- \/ Yoast SEO plugin. -->","yoast_head_json":{"title":"\u00abIl ciottolo\u00bb di Zbigniew Herbert - Il Foglio","robots":{"index":"index","follow":"follow","max-snippet":"max-snippet:-1","max-image-preview":"max-image-preview:large","max-video-preview":"max-video-preview:-1"},"canonical":"https:\/\/ilfoglio.info\/new\/il-ciottolo-di-zbigniew-herbert\/","og_locale":"it_IT","og_type":"article","og_title":"\u00abIl ciottolo\u00bb di Zbigniew Herbert - Il Foglio","og_description":"Il ciottolo \u00e8 una creatura perfetta uguale a se stesso attento ai propri confini esattamente ripieno di senso pietroso con un odore che non ricorda nulla non spaventa nulla non suscita desideri il suo ardore e la sua freddezza sono giusti e pieni di dignit\u00e0 provo un grave rimorso quando lo tengo nel palmo e [&hellip;]","og_url":"https:\/\/ilfoglio.info\/new\/il-ciottolo-di-zbigniew-herbert\/","og_site_name":"Il Foglio","article_publisher":"https:\/\/www.facebook.com\/Francescane-Elisabettine-Pastorale-Giovanile-Vocazionale-403083793120929","article_published_time":"2026-03-20T08:00:00+00:00","article_modified_time":"2026-04-19T10:20:14+00:00","og_image":[{"width":275,"height":183,"url":"https:\/\/ilfoglio.info\/new\/wp-content\/uploads\/2026\/03\/ciottoli.jpg","type":"image\/jpeg"}],"author":"Maria Nisii","twitter_card":"summary_large_image","twitter_misc":{"Scritto da":"Maria Nisii","Tempo di lettura stimato":"5 minuti"},"schema":{"@context":"https:\/\/schema.org","@graph":[{"@type":"Article","@id":"https:\/\/ilfoglio.info\/new\/il-ciottolo-di-zbigniew-herbert\/#article","isPartOf":{"@id":"https:\/\/ilfoglio.info\/new\/il-ciottolo-di-zbigniew-herbert\/"},"author":{"name":"Maria Nisii","@id":"https:\/\/ilfoglio.info\/new\/#\/schema\/person\/eb4fa52dd182f0d24eaef84139839fcc"},"headline":"\u00abIl ciottolo\u00bb di Zbigniew Herbert","datePublished":"2026-03-20T08:00:00+00:00","dateModified":"2026-04-19T10:20:14+00:00","mainEntityOfPage":{"@id":"https:\/\/ilfoglio.info\/new\/il-ciottolo-di-zbigniew-herbert\/"},"wordCount":820,"commentCount":1,"publisher":{"@id":"https:\/\/ilfoglio.info\/new\/#organization"},"image":{"@id":"https:\/\/ilfoglio.info\/new\/il-ciottolo-di-zbigniew-herbert\/#primaryimage"},"thumbnailUrl":"https:\/\/ilfoglio.info\/new\/wp-content\/uploads\/2026\/03\/ciottoli.jpg","articleSection":["News","Zibaldone"],"inLanguage":"it-IT","potentialAction":[{"@type":"CommentAction","name":"Comment","target":["https:\/\/ilfoglio.info\/new\/il-ciottolo-di-zbigniew-herbert\/#respond"]}]},{"@type":"WebPage","@id":"https:\/\/ilfoglio.info\/new\/il-ciottolo-di-zbigniew-herbert\/","url":"https:\/\/ilfoglio.info\/new\/il-ciottolo-di-zbigniew-herbert\/","name":"\u00abIl ciottolo\u00bb di Zbigniew Herbert - Il Foglio","isPartOf":{"@id":"https:\/\/ilfoglio.info\/new\/#website"},"primaryImageOfPage":{"@id":"https:\/\/ilfoglio.info\/new\/il-ciottolo-di-zbigniew-herbert\/#primaryimage"},"image":{"@id":"https:\/\/ilfoglio.info\/new\/il-ciottolo-di-zbigniew-herbert\/#primaryimage"},"thumbnailUrl":"https:\/\/ilfoglio.info\/new\/wp-content\/uploads\/2026\/03\/ciottoli.jpg","datePublished":"2026-03-20T08:00:00+00:00","dateModified":"2026-04-19T10:20:14+00:00","breadcrumb":{"@id":"https:\/\/ilfoglio.info\/new\/il-ciottolo-di-zbigniew-herbert\/#breadcrumb"},"inLanguage":"it-IT","potentialAction":[{"@type":"ReadAction","target":["https:\/\/ilfoglio.info\/new\/il-ciottolo-di-zbigniew-herbert\/"]}]},{"@type":"ImageObject","inLanguage":"it-IT","@id":"https:\/\/ilfoglio.info\/new\/il-ciottolo-di-zbigniew-herbert\/#primaryimage","url":"https:\/\/ilfoglio.info\/new\/wp-content\/uploads\/2026\/03\/ciottoli.jpg","contentUrl":"https:\/\/ilfoglio.info\/new\/wp-content\/uploads\/2026\/03\/ciottoli.jpg","width":275,"height":183},{"@type":"BreadcrumbList","@id":"https:\/\/ilfoglio.info\/new\/il-ciottolo-di-zbigniew-herbert\/#breadcrumb","itemListElement":[{"@type":"ListItem","position":1,"name":"Home","item":"https:\/\/ilfoglio.info\/new\/"},{"@type":"ListItem","position":2,"name":"\u00abIl ciottolo\u00bb di Zbigniew Herbert"}]},{"@type":"WebSite","@id":"https:\/\/ilfoglio.info\/new\/#website","url":"https:\/\/ilfoglio.info\/new\/","name":"Il Foglio","description":"","publisher":{"@id":"https:\/\/ilfoglio.info\/new\/#organization"},"potentialAction":[{"@type":"SearchAction","target":{"@type":"EntryPoint","urlTemplate":"https:\/\/ilfoglio.info\/new\/?s={search_term_string}"},"query-input":{"@type":"PropertyValueSpecification","valueRequired":true,"valueName":"search_term_string"}}],"inLanguage":"it-IT"},{"@type":"Organization","@id":"https:\/\/ilfoglio.info\/new\/#organization","name":"Istituto delle Suore Francescane Elisabettine","url":"https:\/\/ilfoglio.info\/new\/","logo":{"@type":"ImageObject","inLanguage":"it-IT","@id":"https:\/\/ilfoglio.info\/new\/#\/schema\/logo\/image\/","url":"https:\/\/ilfoglio.info\/new\/wp-content\/uploads\/2022\/05\/logo-imm-profilo-fb-01.png","contentUrl":"https:\/\/ilfoglio.info\/new\/wp-content\/uploads\/2022\/05\/logo-imm-profilo-fb-01.png","width":708,"height":708,"caption":"Istituto delle Suore Francescane Elisabettine"},"image":{"@id":"https:\/\/ilfoglio.info\/new\/#\/schema\/logo\/image\/"},"sameAs":["https:\/\/www.facebook.com\/Francescane-Elisabettine-Pastorale-Giovanile-Vocazionale-403083793120929","https:\/\/www.instagram.com\/evocate__\/?hl=it"]},{"@type":"Person","@id":"https:\/\/ilfoglio.info\/new\/#\/schema\/person\/eb4fa52dd182f0d24eaef84139839fcc","name":"Maria Nisii","image":{"@type":"ImageObject","inLanguage":"it-IT","@id":"https:\/\/ilfoglio.info\/new\/#\/schema\/person\/image\/","url":"https:\/\/secure.gravatar.com\/avatar\/30d34ba860d1669a00919fef166ceb1a0ec9be2de3bd4004cfc682f34db06cfc?s=96&d=mm&r=g","contentUrl":"https:\/\/secure.gravatar.com\/avatar\/30d34ba860d1669a00919fef166ceb1a0ec9be2de3bd4004cfc682f34db06cfc?s=96&d=mm&r=g","caption":"Maria Nisii"},"url":"https:\/\/ilfoglio.info\/new\/author\/maria-nisii\/"}]}},"_links":{"self":[{"href":"https:\/\/ilfoglio.info\/new\/wp-json\/wp\/v2\/posts\/3783","targetHints":{"allow":["GET"]}}],"collection":[{"href":"https:\/\/ilfoglio.info\/new\/wp-json\/wp\/v2\/posts"}],"about":[{"href":"https:\/\/ilfoglio.info\/new\/wp-json\/wp\/v2\/types\/post"}],"author":[{"embeddable":true,"href":"https:\/\/ilfoglio.info\/new\/wp-json\/wp\/v2\/users\/19"}],"replies":[{"embeddable":true,"href":"https:\/\/ilfoglio.info\/new\/wp-json\/wp\/v2\/comments?post=3783"}],"version-history":[{"count":2,"href":"https:\/\/ilfoglio.info\/new\/wp-json\/wp\/v2\/posts\/3783\/revisions"}],"predecessor-version":[{"id":3786,"href":"https:\/\/ilfoglio.info\/new\/wp-json\/wp\/v2\/posts\/3783\/revisions\/3786"}],"wp:featuredmedia":[{"embeddable":true,"href":"https:\/\/ilfoglio.info\/new\/wp-json\/wp\/v2\/media\/3784"}],"wp:attachment":[{"href":"https:\/\/ilfoglio.info\/new\/wp-json\/wp\/v2\/media?parent=3783"}],"wp:term":[{"taxonomy":"category","embeddable":true,"href":"https:\/\/ilfoglio.info\/new\/wp-json\/wp\/v2\/categories?post=3783"},{"taxonomy":"post_tag","embeddable":true,"href":"https:\/\/ilfoglio.info\/new\/wp-json\/wp\/v2\/tags?post=3783"}],"curies":[{"name":"wp","href":"https:\/\/api.w.org\/{rel}","templated":true}]}}