{"id":3853,"date":"2026-04-27T09:00:00","date_gmt":"2026-04-27T07:00:00","guid":{"rendered":"https:\/\/ilfoglio.info\/new\/?p=3853"},"modified":"2026-04-26T16:00:01","modified_gmt":"2026-04-26T14:00:01","slug":"peggio-che-uccidere","status":"publish","type":"post","link":"https:\/\/ilfoglio.info\/new\/peggio-che-uccidere\/","title":{"rendered":"Peggio che uccidere"},"content":{"rendered":"\n<p>Caro Pier Luigi,<\/p>\n\n\n\n<p>grazie della <a href=\"https:\/\/ilfoglio.info\/new\/fratelli-di-chi\/\">tua sintesi di letture sulla guerra<\/a>, sulle sue vittime giovani. Sai che quella guerra 40-45 \u00e8 stata la mia triste preziosa scuola, l&#8217;ho sentita sulla pelle, anzi dentro, perch\u00e9 non mi ha ferito la pelle bambina, ma il sentimento, l&#8217;anima che osservava e cresceva. Siamo debitori a chi ha lottato nella Resistenza, ma oggi sappiamo meglio di allora ci\u00f2 che, ben pi\u00f9 delle armi, occorre per stabilire la giustizia.\u00a0 Ho visto i morti, e li ho qui presenti, anche ora, con o senza nome, prelevati da tutti i popoli che quel delitto ha travolto: i nemici del giorno prima, morti o feriti, giacevano insieme sul cassone dei camion scoperti che venivano dal fronte, sotto la mia finestra. Tantissimi altri come me hanno vissuto quel tempo, per ricordarlo anche oggi, e molti di loro hanno gi\u00e0 raggiunto quella pace superiore, che chiude l&#8217;orrore. Perch\u00e9, altrimenti, dimenticare \u00e8 tradire. Per questo, fai bene a scrivere, e a raccogliere chi ha scritto.<\/p>\n\n\n\n<p>Anni dopo, sono\u00a0\u00a0stato anche a Osnabr\u00fcckh, nella casa di Erich Maria Remarque, come in altri santuari di memorie, quasi a entrare nel suo libro e nella storia della sua guerra calata in quel libro, e nella presenza viva delle persone narrate. Ma ecco che oggi vediamo di nuovo alcuni, falliti in umanit\u00e0, potenti\u00a0 in denaro e in armi quanto in cecit\u00e0 umana, che stendono guerre, ancora pi\u00f9 omicide di quelle di allora, sulle citt\u00e0, le case, le tende, su terre intere, su formicai umani, gi\u00e0 popolati di vittime, perch\u00e9 ancora e ancora si muoia di dominio, per oggi e per domani. Questo vediamo, fino in cucina, mentre ceniamo e tentiamo di non volerlo, mentre ci accade. E il veleno \u00e8 l&#8217;impotenza, la vilt\u00e0 di abituarci, di rassegnarci, e di pensare impossibile la vita senza offesa. Peggio che uccidere \u00e8 rassegnarsi all&#8217;uccidere, a vedere uccidere.<\/p>\n\n\n\n<p>Noi siamo traditori, se non insorgiamo, col pensiero, la volont\u00e0, la politica. Il denaro esce a fiotti dalle fabbriche di armi, premio ai grandi omicidi. Allora, oggi la difesa necessaria \u00e8 anzitutto interiore: sentire che non \u00e8 questa l&#8217;umanit\u00e0! L&#8217;umanit\u00e0 pu\u00f2 non essere questa. Non \u00e8 dominio e morte, la relazione umana. Non \u00e8 politica, non \u00e8 vivere insieme, quella che prepara e fa la guerra. Non \u00e8 umanit\u00e0, la tolleranza dell&#8217;ucciderci quando una differenza ci oppone gli uni gli altri. Non \u00e8 umano impugnare la morte come strumento, invece di rinviarla con cura fino alla sua ora, e poi accoglierla magari come sorella, misteriosa e mite, con Francesco di Assisi. E infine ci occorre non disperare, che sarebbe dimetterci da viventi chiamati a costruire vita. Non siamo nati per tradire la vita. Sar\u00e0 possibile vivere insieme. Vogliamolo, a costo di tutto. E&#8217; questo, fare il 25 aprile.<\/p>\n","protected":false},"excerpt":{"rendered":"<p>Caro Pier Luigi, grazie della tua sintesi di letture sulla guerra, sulle sue vittime giovani. Sai che quella guerra 40-45 \u00e8 stata la mia triste preziosa scuola, l&#8217;ho sentita sulla pelle, anzi dentro, perch\u00e9 non mi ha ferito la pelle bambina, ma il sentimento, l&#8217;anima che osservava e cresceva. Siamo debitori a chi ha lottato [&hellip;]<\/p>\n","protected":false},"author":24,"featured_media":3854,"comment_status":"open","ping_status":"open","sticky":false,"template":"","format":"standard","meta":{"_et_pb_use_builder":"off","_et_pb_old_content":"","_et_gb_content_width":"","footnotes":""},"categories":[224,1],"tags":[],"class_list":["post-3853","post","type-post","status-publish","format-standard","has-post-thumbnail","hentry","category-guerra-e-pace","category-news"],"yoast_head":"<!-- This site is optimized with the Yoast SEO plugin v26.4 - https:\/\/yoast.com\/wordpress\/plugins\/seo\/ -->\n<title>Peggio che uccidere - Il Foglio<\/title>\n<meta name=\"robots\" content=\"index, follow, max-snippet:-1, max-image-preview:large, max-video-preview:-1\" \/>\n<link rel=\"canonical\" href=\"https:\/\/ilfoglio.info\/new\/peggio-che-uccidere\/\" \/>\n<meta property=\"og:locale\" content=\"it_IT\" \/>\n<meta property=\"og:type\" content=\"article\" \/>\n<meta property=\"og:title\" content=\"Peggio che uccidere - Il Foglio\" \/>\n<meta property=\"og:description\" content=\"Caro Pier Luigi, grazie della tua sintesi di letture sulla guerra, sulle sue vittime giovani. Sai che quella guerra 40-45 \u00e8 stata la mia triste preziosa scuola, l&#8217;ho sentita sulla pelle, anzi dentro, perch\u00e9 non mi ha ferito la pelle bambina, ma il sentimento, l&#8217;anima che osservava e cresceva. Siamo debitori a chi ha lottato [&hellip;]\" \/>\n<meta property=\"og:url\" content=\"https:\/\/ilfoglio.info\/new\/peggio-che-uccidere\/\" \/>\n<meta property=\"og:site_name\" content=\"Il Foglio\" \/>\n<meta property=\"article:publisher\" content=\"https:\/\/www.facebook.com\/Francescane-Elisabettine-Pastorale-Giovanile-Vocazionale-403083793120929\" \/>\n<meta property=\"article:published_time\" content=\"2026-04-27T07:00:00+00:00\" \/>\n<meta property=\"og:image\" content=\"https:\/\/ilfoglio.info\/new\/wp-content\/uploads\/2026\/04\/finestra-con-bambino-725x1024.png\" \/>\n\t<meta property=\"og:image:width\" content=\"725\" \/>\n\t<meta property=\"og:image:height\" content=\"1024\" \/>\n\t<meta property=\"og:image:type\" content=\"image\/png\" \/>\n<meta name=\"author\" content=\"Enrico Peyretti\" \/>\n<meta name=\"twitter:card\" content=\"summary_large_image\" \/>\n<meta name=\"twitter:label1\" content=\"Scritto da\" \/>\n\t<meta name=\"twitter:data1\" content=\"Enrico Peyretti\" \/>\n\t<meta name=\"twitter:label2\" content=\"Tempo di lettura stimato\" \/>\n\t<meta name=\"twitter:data2\" content=\"3 minuti\" \/>\n<script type=\"application\/ld+json\" class=\"yoast-schema-graph\">{\"@context\":\"https:\/\/schema.org\",\"@graph\":[{\"@type\":\"Article\",\"@id\":\"https:\/\/ilfoglio.info\/new\/peggio-che-uccidere\/#article\",\"isPartOf\":{\"@id\":\"https:\/\/ilfoglio.info\/new\/peggio-che-uccidere\/\"},\"author\":{\"name\":\"Enrico Peyretti\",\"@id\":\"https:\/\/ilfoglio.info\/new\/#\/schema\/person\/90c282645fca9508e6eec42e22092569\"},\"headline\":\"Peggio che uccidere\",\"datePublished\":\"2026-04-27T07:00:00+00:00\",\"mainEntityOfPage\":{\"@id\":\"https:\/\/ilfoglio.info\/new\/peggio-che-uccidere\/\"},\"wordCount\":457,\"commentCount\":0,\"publisher\":{\"@id\":\"https:\/\/ilfoglio.info\/new\/#organization\"},\"image\":{\"@id\":\"https:\/\/ilfoglio.info\/new\/peggio-che-uccidere\/#primaryimage\"},\"thumbnailUrl\":\"https:\/\/ilfoglio.info\/new\/wp-content\/uploads\/2026\/04\/finestra-con-bambino.png\",\"articleSection\":[\"Guerra, pace e nonviolenza\",\"News\"],\"inLanguage\":\"it-IT\",\"potentialAction\":[{\"@type\":\"CommentAction\",\"name\":\"Comment\",\"target\":[\"https:\/\/ilfoglio.info\/new\/peggio-che-uccidere\/#respond\"]}]},{\"@type\":\"WebPage\",\"@id\":\"https:\/\/ilfoglio.info\/new\/peggio-che-uccidere\/\",\"url\":\"https:\/\/ilfoglio.info\/new\/peggio-che-uccidere\/\",\"name\":\"Peggio che uccidere - Il Foglio\",\"isPartOf\":{\"@id\":\"https:\/\/ilfoglio.info\/new\/#website\"},\"primaryImageOfPage\":{\"@id\":\"https:\/\/ilfoglio.info\/new\/peggio-che-uccidere\/#primaryimage\"},\"image\":{\"@id\":\"https:\/\/ilfoglio.info\/new\/peggio-che-uccidere\/#primaryimage\"},\"thumbnailUrl\":\"https:\/\/ilfoglio.info\/new\/wp-content\/uploads\/2026\/04\/finestra-con-bambino.png\",\"datePublished\":\"2026-04-27T07:00:00+00:00\",\"breadcrumb\":{\"@id\":\"https:\/\/ilfoglio.info\/new\/peggio-che-uccidere\/#breadcrumb\"},\"inLanguage\":\"it-IT\",\"potentialAction\":[{\"@type\":\"ReadAction\",\"target\":[\"https:\/\/ilfoglio.info\/new\/peggio-che-uccidere\/\"]}]},{\"@type\":\"ImageObject\",\"inLanguage\":\"it-IT\",\"@id\":\"https:\/\/ilfoglio.info\/new\/peggio-che-uccidere\/#primaryimage\",\"url\":\"https:\/\/ilfoglio.info\/new\/wp-content\/uploads\/2026\/04\/finestra-con-bambino.png\",\"contentUrl\":\"https:\/\/ilfoglio.info\/new\/wp-content\/uploads\/2026\/04\/finestra-con-bambino.png\",\"width\":1055,\"height\":1491},{\"@type\":\"BreadcrumbList\",\"@id\":\"https:\/\/ilfoglio.info\/new\/peggio-che-uccidere\/#breadcrumb\",\"itemListElement\":[{\"@type\":\"ListItem\",\"position\":1,\"name\":\"Home\",\"item\":\"https:\/\/ilfoglio.info\/new\/\"},{\"@type\":\"ListItem\",\"position\":2,\"name\":\"Peggio che uccidere\"}]},{\"@type\":\"WebSite\",\"@id\":\"https:\/\/ilfoglio.info\/new\/#website\",\"url\":\"https:\/\/ilfoglio.info\/new\/\",\"name\":\"Il Foglio\",\"description\":\"\",\"publisher\":{\"@id\":\"https:\/\/ilfoglio.info\/new\/#organization\"},\"potentialAction\":[{\"@type\":\"SearchAction\",\"target\":{\"@type\":\"EntryPoint\",\"urlTemplate\":\"https:\/\/ilfoglio.info\/new\/?s={search_term_string}\"},\"query-input\":{\"@type\":\"PropertyValueSpecification\",\"valueRequired\":true,\"valueName\":\"search_term_string\"}}],\"inLanguage\":\"it-IT\"},{\"@type\":\"Organization\",\"@id\":\"https:\/\/ilfoglio.info\/new\/#organization\",\"name\":\"Istituto delle Suore Francescane Elisabettine\",\"url\":\"https:\/\/ilfoglio.info\/new\/\",\"logo\":{\"@type\":\"ImageObject\",\"inLanguage\":\"it-IT\",\"@id\":\"https:\/\/ilfoglio.info\/new\/#\/schema\/logo\/image\/\",\"url\":\"https:\/\/ilfoglio.info\/new\/wp-content\/uploads\/2022\/05\/logo-imm-profilo-fb-01.png\",\"contentUrl\":\"https:\/\/ilfoglio.info\/new\/wp-content\/uploads\/2022\/05\/logo-imm-profilo-fb-01.png\",\"width\":708,\"height\":708,\"caption\":\"Istituto delle Suore Francescane Elisabettine\"},\"image\":{\"@id\":\"https:\/\/ilfoglio.info\/new\/#\/schema\/logo\/image\/\"},\"sameAs\":[\"https:\/\/www.facebook.com\/Francescane-Elisabettine-Pastorale-Giovanile-Vocazionale-403083793120929\",\"https:\/\/www.instagram.com\/evocate__\/?hl=it\"]},{\"@type\":\"Person\",\"@id\":\"https:\/\/ilfoglio.info\/new\/#\/schema\/person\/90c282645fca9508e6eec42e22092569\",\"name\":\"Enrico Peyretti\",\"image\":{\"@type\":\"ImageObject\",\"inLanguage\":\"it-IT\",\"@id\":\"https:\/\/ilfoglio.info\/new\/#\/schema\/person\/image\/\",\"url\":\"https:\/\/secure.gravatar.com\/avatar\/b42658ab8955d87d0036580854a688fe882375e50948fa9306e2b80ead300011?s=96&d=mm&r=g\",\"contentUrl\":\"https:\/\/secure.gravatar.com\/avatar\/b42658ab8955d87d0036580854a688fe882375e50948fa9306e2b80ead300011?s=96&d=mm&r=g\",\"caption\":\"Enrico Peyretti\"},\"url\":\"https:\/\/ilfoglio.info\/new\/author\/enrico-peyretti\/\"}]}<\/script>\n<!-- \/ Yoast SEO plugin. -->","yoast_head_json":{"title":"Peggio che uccidere - Il Foglio","robots":{"index":"index","follow":"follow","max-snippet":"max-snippet:-1","max-image-preview":"max-image-preview:large","max-video-preview":"max-video-preview:-1"},"canonical":"https:\/\/ilfoglio.info\/new\/peggio-che-uccidere\/","og_locale":"it_IT","og_type":"article","og_title":"Peggio che uccidere - Il Foglio","og_description":"Caro Pier Luigi, grazie della tua sintesi di letture sulla guerra, sulle sue vittime giovani. Sai che quella guerra 40-45 \u00e8 stata la mia triste preziosa scuola, l&#8217;ho sentita sulla pelle, anzi dentro, perch\u00e9 non mi ha ferito la pelle bambina, ma il sentimento, l&#8217;anima che osservava e cresceva. Siamo debitori a chi ha lottato [&hellip;]","og_url":"https:\/\/ilfoglio.info\/new\/peggio-che-uccidere\/","og_site_name":"Il Foglio","article_publisher":"https:\/\/www.facebook.com\/Francescane-Elisabettine-Pastorale-Giovanile-Vocazionale-403083793120929","article_published_time":"2026-04-27T07:00:00+00:00","og_image":[{"width":725,"height":1024,"url":"https:\/\/ilfoglio.info\/new\/wp-content\/uploads\/2026\/04\/finestra-con-bambino-725x1024.png","type":"image\/png"}],"author":"Enrico Peyretti","twitter_card":"summary_large_image","twitter_misc":{"Scritto da":"Enrico Peyretti","Tempo di lettura stimato":"3 minuti"},"schema":{"@context":"https:\/\/schema.org","@graph":[{"@type":"Article","@id":"https:\/\/ilfoglio.info\/new\/peggio-che-uccidere\/#article","isPartOf":{"@id":"https:\/\/ilfoglio.info\/new\/peggio-che-uccidere\/"},"author":{"name":"Enrico Peyretti","@id":"https:\/\/ilfoglio.info\/new\/#\/schema\/person\/90c282645fca9508e6eec42e22092569"},"headline":"Peggio che uccidere","datePublished":"2026-04-27T07:00:00+00:00","mainEntityOfPage":{"@id":"https:\/\/ilfoglio.info\/new\/peggio-che-uccidere\/"},"wordCount":457,"commentCount":0,"publisher":{"@id":"https:\/\/ilfoglio.info\/new\/#organization"},"image":{"@id":"https:\/\/ilfoglio.info\/new\/peggio-che-uccidere\/#primaryimage"},"thumbnailUrl":"https:\/\/ilfoglio.info\/new\/wp-content\/uploads\/2026\/04\/finestra-con-bambino.png","articleSection":["Guerra, pace e nonviolenza","News"],"inLanguage":"it-IT","potentialAction":[{"@type":"CommentAction","name":"Comment","target":["https:\/\/ilfoglio.info\/new\/peggio-che-uccidere\/#respond"]}]},{"@type":"WebPage","@id":"https:\/\/ilfoglio.info\/new\/peggio-che-uccidere\/","url":"https:\/\/ilfoglio.info\/new\/peggio-che-uccidere\/","name":"Peggio che uccidere - Il Foglio","isPartOf":{"@id":"https:\/\/ilfoglio.info\/new\/#website"},"primaryImageOfPage":{"@id":"https:\/\/ilfoglio.info\/new\/peggio-che-uccidere\/#primaryimage"},"image":{"@id":"https:\/\/ilfoglio.info\/new\/peggio-che-uccidere\/#primaryimage"},"thumbnailUrl":"https:\/\/ilfoglio.info\/new\/wp-content\/uploads\/2026\/04\/finestra-con-bambino.png","datePublished":"2026-04-27T07:00:00+00:00","breadcrumb":{"@id":"https:\/\/ilfoglio.info\/new\/peggio-che-uccidere\/#breadcrumb"},"inLanguage":"it-IT","potentialAction":[{"@type":"ReadAction","target":["https:\/\/ilfoglio.info\/new\/peggio-che-uccidere\/"]}]},{"@type":"ImageObject","inLanguage":"it-IT","@id":"https:\/\/ilfoglio.info\/new\/peggio-che-uccidere\/#primaryimage","url":"https:\/\/ilfoglio.info\/new\/wp-content\/uploads\/2026\/04\/finestra-con-bambino.png","contentUrl":"https:\/\/ilfoglio.info\/new\/wp-content\/uploads\/2026\/04\/finestra-con-bambino.png","width":1055,"height":1491},{"@type":"BreadcrumbList","@id":"https:\/\/ilfoglio.info\/new\/peggio-che-uccidere\/#breadcrumb","itemListElement":[{"@type":"ListItem","position":1,"name":"Home","item":"https:\/\/ilfoglio.info\/new\/"},{"@type":"ListItem","position":2,"name":"Peggio che uccidere"}]},{"@type":"WebSite","@id":"https:\/\/ilfoglio.info\/new\/#website","url":"https:\/\/ilfoglio.info\/new\/","name":"Il Foglio","description":"","publisher":{"@id":"https:\/\/ilfoglio.info\/new\/#organization"},"potentialAction":[{"@type":"SearchAction","target":{"@type":"EntryPoint","urlTemplate":"https:\/\/ilfoglio.info\/new\/?s={search_term_string}"},"query-input":{"@type":"PropertyValueSpecification","valueRequired":true,"valueName":"search_term_string"}}],"inLanguage":"it-IT"},{"@type":"Organization","@id":"https:\/\/ilfoglio.info\/new\/#organization","name":"Istituto delle Suore Francescane Elisabettine","url":"https:\/\/ilfoglio.info\/new\/","logo":{"@type":"ImageObject","inLanguage":"it-IT","@id":"https:\/\/ilfoglio.info\/new\/#\/schema\/logo\/image\/","url":"https:\/\/ilfoglio.info\/new\/wp-content\/uploads\/2022\/05\/logo-imm-profilo-fb-01.png","contentUrl":"https:\/\/ilfoglio.info\/new\/wp-content\/uploads\/2022\/05\/logo-imm-profilo-fb-01.png","width":708,"height":708,"caption":"Istituto delle Suore Francescane Elisabettine"},"image":{"@id":"https:\/\/ilfoglio.info\/new\/#\/schema\/logo\/image\/"},"sameAs":["https:\/\/www.facebook.com\/Francescane-Elisabettine-Pastorale-Giovanile-Vocazionale-403083793120929","https:\/\/www.instagram.com\/evocate__\/?hl=it"]},{"@type":"Person","@id":"https:\/\/ilfoglio.info\/new\/#\/schema\/person\/90c282645fca9508e6eec42e22092569","name":"Enrico Peyretti","image":{"@type":"ImageObject","inLanguage":"it-IT","@id":"https:\/\/ilfoglio.info\/new\/#\/schema\/person\/image\/","url":"https:\/\/secure.gravatar.com\/avatar\/b42658ab8955d87d0036580854a688fe882375e50948fa9306e2b80ead300011?s=96&d=mm&r=g","contentUrl":"https:\/\/secure.gravatar.com\/avatar\/b42658ab8955d87d0036580854a688fe882375e50948fa9306e2b80ead300011?s=96&d=mm&r=g","caption":"Enrico Peyretti"},"url":"https:\/\/ilfoglio.info\/new\/author\/enrico-peyretti\/"}]}},"_links":{"self":[{"href":"https:\/\/ilfoglio.info\/new\/wp-json\/wp\/v2\/posts\/3853","targetHints":{"allow":["GET"]}}],"collection":[{"href":"https:\/\/ilfoglio.info\/new\/wp-json\/wp\/v2\/posts"}],"about":[{"href":"https:\/\/ilfoglio.info\/new\/wp-json\/wp\/v2\/types\/post"}],"author":[{"embeddable":true,"href":"https:\/\/ilfoglio.info\/new\/wp-json\/wp\/v2\/users\/24"}],"replies":[{"embeddable":true,"href":"https:\/\/ilfoglio.info\/new\/wp-json\/wp\/v2\/comments?post=3853"}],"version-history":[{"count":1,"href":"https:\/\/ilfoglio.info\/new\/wp-json\/wp\/v2\/posts\/3853\/revisions"}],"predecessor-version":[{"id":3855,"href":"https:\/\/ilfoglio.info\/new\/wp-json\/wp\/v2\/posts\/3853\/revisions\/3855"}],"wp:featuredmedia":[{"embeddable":true,"href":"https:\/\/ilfoglio.info\/new\/wp-json\/wp\/v2\/media\/3854"}],"wp:attachment":[{"href":"https:\/\/ilfoglio.info\/new\/wp-json\/wp\/v2\/media?parent=3853"}],"wp:term":[{"taxonomy":"category","embeddable":true,"href":"https:\/\/ilfoglio.info\/new\/wp-json\/wp\/v2\/categories?post=3853"},{"taxonomy":"post_tag","embeddable":true,"href":"https:\/\/ilfoglio.info\/new\/wp-json\/wp\/v2\/tags?post=3853"}],"curies":[{"name":"wp","href":"https:\/\/api.w.org\/{rel}","templated":true}]}}