{"id":3856,"date":"2026-04-29T09:00:00","date_gmt":"2026-04-29T07:00:00","guid":{"rendered":"https:\/\/ilfoglio.info\/new\/?p=3856"},"modified":"2026-04-28T19:35:20","modified_gmt":"2026-04-28T17:35:20","slug":"le-voci-di-cernobyl-a-40-anni-dal-disastro","status":"publish","type":"post","link":"https:\/\/ilfoglio.info\/new\/le-voci-di-cernobyl-a-40-anni-dal-disastro\/","title":{"rendered":"Le voci di Cernobyl 40 anni dopo"},"content":{"rendered":"\n<p>Il marito esce di casa nella notte. Le dice che c\u2019\u00e8 un incendio nella centrale. \u201cTorner\u00f2 presto\u201d. Alle sette le comunicano che \u00e8 in ospedale. Lo trova \u201ctutto gonfio, tumefatto, quasi non gli si vedevano gli occhi\u201d. \u00c8 l\u2019inizio del calvario di Lyudmila, moglie 23enne di un vigile del fuoco impegnato nel primo intervento a Cernobyl dopo l\u2019esplosione del quarto reattore: destinata a rimanere vedova e a perdere all\u2019indomani del parto la propria bambina. Ed \u00e8 anche l\u2019inizio del libro \u2013 <em>Preghiera per<\/em> <em>Cernobyl<\/em>, del \u201997, ampliato nel 2001 \u2212 che la scrittrice e premio Nobel bielorussa Svetlana Aleksievic ha dedicato al disastro nucleare verificatosi quarant\u2019anni fa, il 26 aprile del 1986.<\/p>\n\n\n\n<figure class=\"wp-block-image size-full\"><img loading=\"lazy\" decoding=\"async\" width=\"536\" height=\"831\" src=\"https:\/\/ilfoglio.info\/new\/wp-content\/uploads\/2026\/04\/image-4.png\" alt=\"\" class=\"wp-image-3860\" srcset=\"https:\/\/ilfoglio.info\/new\/wp-content\/uploads\/2026\/04\/image-4.png 536w, https:\/\/ilfoglio.info\/new\/wp-content\/uploads\/2026\/04\/image-4-480x744.png 480w\" sizes=\"(min-width: 0px) and (max-width: 480px) 480px, (min-width: 481px) 536px, 100vw\" \/><\/figure>\n\n\n\n<p>Non si tratta di un\u2019indagine sulla dinamica dell\u2019evento e sulle sue cause, ma di una ricostruzione del vissuto di coloro che ne patirono le conseguenze: un genere di scrittura \u2013 attinta alla narrazione orale \u2013 in cui Aleksievic si muove con la maestria evidenziata nelle sue opere maggiori, a partire da quel <em>Tempo di seconda mano<\/em> che getta luce sulla svolta epocale prodotta dal crollo dell\u2019Urss.<\/p>\n\n\n\n<p>\u00abPer tre anni ho viaggiato e fatto domande a dipendenti della centrale, scienziati, ex funzionari di partito, medici, soldati, a donne e uomini che continuano a vivere nella zona proibita. Persone di professioni, destini, generazioni e temperamenti diversi. Credenti e atei. Contadini e intellettuali. Cernobyl \u00e8 il principale contenuto del loro mondo. Ha avvelenato ogni cosa che hanno dentro e anche attorno, e non solo la terra e l\u2019acqua\u00bb. Nella polifon\u00eca di Aleksievic ha finalmente voce il popolo dei \u201ccernobyliani\u201d: un popolo ingannato e disgraziato, disperso e rimosso o ridotto a numeri senza volto, i cui \u201cmonologhi\u201d si alternano qui alle \u201cconversazioni\u201d e ai \u201ccori\u201d: ultimo quello \u201cdei bambini\u201d, di cui peraltro restano tracce indelebili nelle testimonianze dei genitori: \u00abMia figlia aveva sei anni. La metto a letto e mi sussurra all\u2019orecchio: \u201cPap\u00e0. Voglio vivere, sono ancora piccola\u201d. E io che pensavo non potesse capire\u2026 Riesce a immaginarsele sette bambine piccole completamente calve, tutte in una volta? Nella stanza erano in sette\u00bb.<\/p>\n\n\n\n<p>Si sentono, i cernobyliani, \u201cun popolo a parte\u201d (\u00abQui nessuno mette l\u2019accento sulla nazionalit\u00e0: io sono bielorusso, io ucraino, io russo\u00bb), che quando si trasferisce altrove \u00e8 guardato con sospetto \u2013 come si guarda ai potenziali untori \u2013 o con la compassione dovuta ai pi\u00f9 sfortunati: un po\u2019 come i \u201cbambini di Cernobyl\u201d che per molte estati avrebbero fruito della generosa accoglienza di famiglie italiane, francesi o tedesche, e di cui pure si parla in queste pagine (\u00abRitornano con indosso dei vestiti che le loro famiglie non potrebbero mai permettersi. Come se fossero andati ai grandi magazzini<em>\u2026<\/em>\u00bb).<\/p>\n\n\n\n<p>Varie testimonianze raccolgono l\u2019esperienza dei residenti non autorizzati: in genere contadini, per lo pi\u00f9 anziani e spesso soli, che trasgredendo agli ordini hanno deciso di restare o tornare nelle loro case, o addirittura nella foresta circostante, per non abbandonare la loro terra. Anche dal loro racconto trapela lo sconcerto di fronte all\u2019aggressione di un nemico invisibile come la radioattivit\u00e0, intervenuta a sconvolgere il secolare rapporto con la terra: \u00abNo, ci hanno spiegato, \u00e8 una cosa che finisce sul terreno e anche sotto, ma non si pu\u00f2 vedere. Per gli animali \u00e8 diverso, la vedono e la sentono, l\u2019uomo no. E invece non \u00e8 vero! Io l\u2019ho vista\u2026 Questo cesio era finito nel mio orto e c\u2019\u00e8 rimasto finch\u00e9 non l\u2019ha inzuppato la pioggia. Ha il colore dell\u2019inchiostro. Era l\u00ec per terra e luccicava, a pezzetti iridescenti\u2026\u00bb.<\/p>\n\n\n\n<p><\/p>\n\n\n\n<p><strong>Gli animali, i nuovi arrivati, i silenzi di Stato<\/strong><\/p>\n\n\n\n<p>Tra questi residenti pi\u00f9 o meno clandestini si incontra anche gente nuova, immigrata in seguito alla pulizia etnica che ha cacciato le minoranze russe da alcuni territori ex sovietici del Caucaso o dell\u2019Asia: narrano la fuga precipitosa dalle loro case e dicono che per se stessi e i loro figli preferiscono il rischio della radiazione ai massacri cui hanno assistito. Sono le vittime dei risorgenti nazionalismi: \u00abMia mamma \u00e8 ucraina, mio pap\u00e0 russo. Sono nata e cresciuta in Chirghisia, ho sposato un tataro. E i miei figli? Di che nazionalit\u00e0 sono? Ci siamo tutti mescolati, il sangue si \u00e8 mescolato. Il documento di identit\u00e0 porta per me e per i figli l\u2019indicazione: russi, ma noi non siamo russi. Siamo sovietici! Per\u00f2 il paese nel quale sono nata non esiste pi\u00f9\u00bb.<\/p>\n\n\n\n<p>Altre \u201cspecie\u201d di vittime cui si rivolge l\u2019attenzione dei narranti sono gli animali, che talora rappresentano l\u2019ultima affettuosa compagnia di quei residenti, ma che al tempo stesso patiscono sia gli effetti dell\u2019inquinamento radioattivo, sia quelli delle decisioni umane: ad esempio l\u2019ordinanza che impone alle squadre speciali d\u2019intervento di abbattere gli animali domestici (che \u00e8 stato vietato trasferire) e di farlo anche quando si avvicinano fiduciosi agli uomini armati.<\/p>\n\n\n\n<p>Nel contempo, da pi\u00f9 parti si rileva in certi animali una sorprendente percezione di quanto sta avvenendo: \u00abA un certo punto le api avevano interrotto i loro voli, non s\u2019erano pi\u00f9 fatte vedere, neanche una, per due giorni se ne erano state chiuse in casa. Aspettavano che passasse [\u2026] Hanno percepito subito quel che era successo. La radio e i giornali ce lo tenevano nascosto mentre le api gi\u00e0 lo sapevano\u00bb.<\/p>\n\n\n\n<p>Quanto al silenzio o alle reticenze e all\u2019ignavia delle autorit\u00e0, essi traspaiono di continuo nel libro di Aleksievic<em>: <\/em>\u00abSi fa un gran parlare di spie e sabotatori mandati da fuori e non della profilassi a base di iodio\u00bb. Anzi, altro che profilassi\u2026 \u00abCi hanno dato una valigia piena di bottiglie di vodka. Per estirpare la radiazione\u00bb.<\/p>\n\n\n\n<p>Il messaggio trasmesso alle autorit\u00e0 locali imponeva di evitare a ogni costo il panico: guai a fare dell\u2019allarmismo: \u00ab\u201cSei o non sei un patriota? Se non lo sei, prima di uscire lascia sulla scrivania la tua tessera di partito!\u201d. Alcuni la gettavano davvero\u2026\u00bb.In definitiva, il punto \u00e8 che in una situazione simile \u00abbisognava parlare di fisica. Di leggi della fisica. E invece loro parlavano del nemico\u00bb.<\/p>\n\n\n\n<p>In questo quadro il racconto pi\u00f9 drammatico ed eloquente \u00e8 forse quello di Vasilij Borisovic Nesterenko, ex direttore dell\u2019Istituto di energetica nucleare dell\u2019Accademia delle Scienze di Bielorussia, che sin dal 26 aprile si attiv\u00f2 in ogni modo per informare i responsabili politici e sollecitarli a predisporre un piano d\u2019azione adeguato all\u2019emergenza. I suoi disperati tentativi si scontrarono con le resistenze organizzate dagli apparati (persino la linea telefonica \u2013 controllata \u2013 cadeva quando si accennava all\u2019incidente) e con il muro di gomma dei funzionari; \u00abEra un complotto tra ignoranza e corporativismo. Il principio della loro vita era non esporsi [\u2026] le regole del gioco erano precisamente queste: se non corrispondete alle attese dei superiori non vi promuoveranno, non vi faranno fare le vacanze nei posti migliori, non vi daranno quella dacia\u00bb.<\/p>\n\n\n\n<p>Alla fine l\u2019ostinazione di Nesterenko \u00e8 punita. Il presidente dell\u2019Accademia delle Scienze gli dice: \u00abil popolo bielorusso un giorno si ricorder\u00e0 di te\u00bb; ma nel frattempo deve sollevarlo dall\u2019incarico. D\u2019altronde, in quei giorni si esigeva il silenzio anche dalle molte migliaia di giovani reclute coinvolte in pi\u00f9 fasi nei lavori sull\u2019area circostante la centrale: \u00abCi hanno fatto firmare un documento che ci impegnava alla segretezza. E io ho taciuto\u2026 Subito dopo il servizio militare mi \u00e8 stata riconosciuta un\u2019invalidit\u00e0 di seconda classe. A ventidue anni. Mi sono beccato la mia parte\u00bb.<\/p>\n","protected":false},"excerpt":{"rendered":"<p>Il marito esce di casa nella notte. Le dice che c\u2019\u00e8 un incendio nella centrale. \u201cTorner\u00f2 presto\u201d. Alle sette le comunicano che \u00e8 in ospedale. Lo trova \u201ctutto gonfio, tumefatto, quasi non gli si vedevano gli occhi\u201d. \u00c8 l\u2019inizio del calvario di Lyudmila, moglie 23enne di un vigile del fuoco impegnato nel primo intervento a [&hellip;]<\/p>\n","protected":false},"author":17,"featured_media":3857,"comment_status":"open","ping_status":"open","sticky":false,"template":"","format":"standard","meta":{"_et_pb_use_builder":"off","_et_pb_old_content":"","_et_gb_content_width":"","footnotes":""},"categories":[223,1,225],"tags":[],"class_list":["post-3856","post","type-post","status-publish","format-standard","has-post-thumbnail","hentry","category-libri-cinema-e-televisione","category-news","category-scienza-e-ambiente"],"yoast_head":"<!-- This site is optimized with the Yoast SEO plugin v26.4 - https:\/\/yoast.com\/wordpress\/plugins\/seo\/ -->\n<title>Le voci di Cernobyl 40 anni dopo - Il Foglio<\/title>\n<meta name=\"robots\" content=\"index, follow, max-snippet:-1, max-image-preview:large, max-video-preview:-1\" \/>\n<link rel=\"canonical\" href=\"https:\/\/ilfoglio.info\/new\/le-voci-di-cernobyl-a-40-anni-dal-disastro\/\" \/>\n<meta property=\"og:locale\" content=\"it_IT\" \/>\n<meta property=\"og:type\" content=\"article\" \/>\n<meta property=\"og:title\" content=\"Le voci di Cernobyl 40 anni dopo - Il Foglio\" \/>\n<meta property=\"og:description\" content=\"Il marito esce di casa nella notte. Le dice che c\u2019\u00e8 un incendio nella centrale. \u201cTorner\u00f2 presto\u201d. Alle sette le comunicano che \u00e8 in ospedale. Lo trova \u201ctutto gonfio, tumefatto, quasi non gli si vedevano gli occhi\u201d. \u00c8 l\u2019inizio del calvario di Lyudmila, moglie 23enne di un vigile del fuoco impegnato nel primo intervento a [&hellip;]\" \/>\n<meta property=\"og:url\" content=\"https:\/\/ilfoglio.info\/new\/le-voci-di-cernobyl-a-40-anni-dal-disastro\/\" \/>\n<meta property=\"og:site_name\" content=\"Il Foglio\" \/>\n<meta property=\"article:publisher\" content=\"https:\/\/www.facebook.com\/Francescane-Elisabettine-Pastorale-Giovanile-Vocazionale-403083793120929\" \/>\n<meta property=\"article:published_time\" content=\"2026-04-29T07:00:00+00:00\" \/>\n<meta property=\"og:image\" content=\"https:\/\/ilfoglio.info\/new\/wp-content\/uploads\/2026\/04\/Chernobyl_Exclusion_Zone_-_Northern_Ukraine_-_01_26494292764.jpg\" \/>\n\t<meta property=\"og:image:width\" content=\"960\" \/>\n\t<meta property=\"og:image:height\" content=\"720\" \/>\n\t<meta property=\"og:image:type\" content=\"image\/jpeg\" \/>\n<meta name=\"author\" content=\"Giovanni Pagliero\" \/>\n<meta name=\"twitter:card\" content=\"summary_large_image\" \/>\n<meta name=\"twitter:label1\" content=\"Scritto da\" \/>\n\t<meta name=\"twitter:data1\" content=\"Giovanni Pagliero\" \/>\n\t<meta name=\"twitter:label2\" content=\"Tempo di lettura stimato\" \/>\n\t<meta name=\"twitter:data2\" content=\"7 minuti\" \/>\n<script type=\"application\/ld+json\" class=\"yoast-schema-graph\">{\"@context\":\"https:\/\/schema.org\",\"@graph\":[{\"@type\":\"Article\",\"@id\":\"https:\/\/ilfoglio.info\/new\/le-voci-di-cernobyl-a-40-anni-dal-disastro\/#article\",\"isPartOf\":{\"@id\":\"https:\/\/ilfoglio.info\/new\/le-voci-di-cernobyl-a-40-anni-dal-disastro\/\"},\"author\":{\"name\":\"Giovanni Pagliero\",\"@id\":\"https:\/\/ilfoglio.info\/new\/#\/schema\/person\/8e70ebd6af3d1d49faf1982c4c0782b7\"},\"headline\":\"Le voci di Cernobyl 40 anni dopo\",\"datePublished\":\"2026-04-29T07:00:00+00:00\",\"mainEntityOfPage\":{\"@id\":\"https:\/\/ilfoglio.info\/new\/le-voci-di-cernobyl-a-40-anni-dal-disastro\/\"},\"wordCount\":1210,\"commentCount\":0,\"publisher\":{\"@id\":\"https:\/\/ilfoglio.info\/new\/#organization\"},\"image\":{\"@id\":\"https:\/\/ilfoglio.info\/new\/le-voci-di-cernobyl-a-40-anni-dal-disastro\/#primaryimage\"},\"thumbnailUrl\":\"https:\/\/ilfoglio.info\/new\/wp-content\/uploads\/2026\/04\/Chernobyl_Exclusion_Zone_-_Northern_Ukraine_-_01_26494292764.jpg\",\"articleSection\":[\"Libri, cinema, teatro e televisione, arte\",\"News\",\"Scienza e ambiente\"],\"inLanguage\":\"it-IT\",\"potentialAction\":[{\"@type\":\"CommentAction\",\"name\":\"Comment\",\"target\":[\"https:\/\/ilfoglio.info\/new\/le-voci-di-cernobyl-a-40-anni-dal-disastro\/#respond\"]}]},{\"@type\":\"WebPage\",\"@id\":\"https:\/\/ilfoglio.info\/new\/le-voci-di-cernobyl-a-40-anni-dal-disastro\/\",\"url\":\"https:\/\/ilfoglio.info\/new\/le-voci-di-cernobyl-a-40-anni-dal-disastro\/\",\"name\":\"Le voci di Cernobyl 40 anni dopo - Il Foglio\",\"isPartOf\":{\"@id\":\"https:\/\/ilfoglio.info\/new\/#website\"},\"primaryImageOfPage\":{\"@id\":\"https:\/\/ilfoglio.info\/new\/le-voci-di-cernobyl-a-40-anni-dal-disastro\/#primaryimage\"},\"image\":{\"@id\":\"https:\/\/ilfoglio.info\/new\/le-voci-di-cernobyl-a-40-anni-dal-disastro\/#primaryimage\"},\"thumbnailUrl\":\"https:\/\/ilfoglio.info\/new\/wp-content\/uploads\/2026\/04\/Chernobyl_Exclusion_Zone_-_Northern_Ukraine_-_01_26494292764.jpg\",\"datePublished\":\"2026-04-29T07:00:00+00:00\",\"breadcrumb\":{\"@id\":\"https:\/\/ilfoglio.info\/new\/le-voci-di-cernobyl-a-40-anni-dal-disastro\/#breadcrumb\"},\"inLanguage\":\"it-IT\",\"potentialAction\":[{\"@type\":\"ReadAction\",\"target\":[\"https:\/\/ilfoglio.info\/new\/le-voci-di-cernobyl-a-40-anni-dal-disastro\/\"]}]},{\"@type\":\"ImageObject\",\"inLanguage\":\"it-IT\",\"@id\":\"https:\/\/ilfoglio.info\/new\/le-voci-di-cernobyl-a-40-anni-dal-disastro\/#primaryimage\",\"url\":\"https:\/\/ilfoglio.info\/new\/wp-content\/uploads\/2026\/04\/Chernobyl_Exclusion_Zone_-_Northern_Ukraine_-_01_26494292764.jpg\",\"contentUrl\":\"https:\/\/ilfoglio.info\/new\/wp-content\/uploads\/2026\/04\/Chernobyl_Exclusion_Zone_-_Northern_Ukraine_-_01_26494292764.jpg\",\"width\":960,\"height\":720},{\"@type\":\"BreadcrumbList\",\"@id\":\"https:\/\/ilfoglio.info\/new\/le-voci-di-cernobyl-a-40-anni-dal-disastro\/#breadcrumb\",\"itemListElement\":[{\"@type\":\"ListItem\",\"position\":1,\"name\":\"Home\",\"item\":\"https:\/\/ilfoglio.info\/new\/\"},{\"@type\":\"ListItem\",\"position\":2,\"name\":\"Le voci di Cernobyl 40 anni dopo\"}]},{\"@type\":\"WebSite\",\"@id\":\"https:\/\/ilfoglio.info\/new\/#website\",\"url\":\"https:\/\/ilfoglio.info\/new\/\",\"name\":\"Il Foglio\",\"description\":\"\",\"publisher\":{\"@id\":\"https:\/\/ilfoglio.info\/new\/#organization\"},\"potentialAction\":[{\"@type\":\"SearchAction\",\"target\":{\"@type\":\"EntryPoint\",\"urlTemplate\":\"https:\/\/ilfoglio.info\/new\/?s={search_term_string}\"},\"query-input\":{\"@type\":\"PropertyValueSpecification\",\"valueRequired\":true,\"valueName\":\"search_term_string\"}}],\"inLanguage\":\"it-IT\"},{\"@type\":\"Organization\",\"@id\":\"https:\/\/ilfoglio.info\/new\/#organization\",\"name\":\"Istituto delle Suore Francescane Elisabettine\",\"url\":\"https:\/\/ilfoglio.info\/new\/\",\"logo\":{\"@type\":\"ImageObject\",\"inLanguage\":\"it-IT\",\"@id\":\"https:\/\/ilfoglio.info\/new\/#\/schema\/logo\/image\/\",\"url\":\"https:\/\/ilfoglio.info\/new\/wp-content\/uploads\/2022\/05\/logo-imm-profilo-fb-01.png\",\"contentUrl\":\"https:\/\/ilfoglio.info\/new\/wp-content\/uploads\/2022\/05\/logo-imm-profilo-fb-01.png\",\"width\":708,\"height\":708,\"caption\":\"Istituto delle Suore Francescane Elisabettine\"},\"image\":{\"@id\":\"https:\/\/ilfoglio.info\/new\/#\/schema\/logo\/image\/\"},\"sameAs\":[\"https:\/\/www.facebook.com\/Francescane-Elisabettine-Pastorale-Giovanile-Vocazionale-403083793120929\",\"https:\/\/www.instagram.com\/evocate__\/?hl=it\"]},{\"@type\":\"Person\",\"@id\":\"https:\/\/ilfoglio.info\/new\/#\/schema\/person\/8e70ebd6af3d1d49faf1982c4c0782b7\",\"name\":\"Giovanni Pagliero\",\"image\":{\"@type\":\"ImageObject\",\"inLanguage\":\"it-IT\",\"@id\":\"https:\/\/ilfoglio.info\/new\/#\/schema\/person\/image\/\",\"url\":\"https:\/\/secure.gravatar.com\/avatar\/b8e916ca592fe4044314d5b96ab76e56f63b14867920e3e9ced93731884a05e5?s=96&d=mm&r=g\",\"contentUrl\":\"https:\/\/secure.gravatar.com\/avatar\/b8e916ca592fe4044314d5b96ab76e56f63b14867920e3e9ced93731884a05e5?s=96&d=mm&r=g\",\"caption\":\"Giovanni Pagliero\"},\"url\":\"https:\/\/ilfoglio.info\/new\/author\/giovanni-pagliero\/\"}]}<\/script>\n<!-- \/ Yoast SEO plugin. -->","yoast_head_json":{"title":"Le voci di Cernobyl 40 anni dopo - Il Foglio","robots":{"index":"index","follow":"follow","max-snippet":"max-snippet:-1","max-image-preview":"max-image-preview:large","max-video-preview":"max-video-preview:-1"},"canonical":"https:\/\/ilfoglio.info\/new\/le-voci-di-cernobyl-a-40-anni-dal-disastro\/","og_locale":"it_IT","og_type":"article","og_title":"Le voci di Cernobyl 40 anni dopo - Il Foglio","og_description":"Il marito esce di casa nella notte. Le dice che c\u2019\u00e8 un incendio nella centrale. \u201cTorner\u00f2 presto\u201d. Alle sette le comunicano che \u00e8 in ospedale. Lo trova \u201ctutto gonfio, tumefatto, quasi non gli si vedevano gli occhi\u201d. \u00c8 l\u2019inizio del calvario di Lyudmila, moglie 23enne di un vigile del fuoco impegnato nel primo intervento a [&hellip;]","og_url":"https:\/\/ilfoglio.info\/new\/le-voci-di-cernobyl-a-40-anni-dal-disastro\/","og_site_name":"Il Foglio","article_publisher":"https:\/\/www.facebook.com\/Francescane-Elisabettine-Pastorale-Giovanile-Vocazionale-403083793120929","article_published_time":"2026-04-29T07:00:00+00:00","og_image":[{"width":960,"height":720,"url":"https:\/\/ilfoglio.info\/new\/wp-content\/uploads\/2026\/04\/Chernobyl_Exclusion_Zone_-_Northern_Ukraine_-_01_26494292764.jpg","type":"image\/jpeg"}],"author":"Giovanni Pagliero","twitter_card":"summary_large_image","twitter_misc":{"Scritto da":"Giovanni Pagliero","Tempo di lettura stimato":"7 minuti"},"schema":{"@context":"https:\/\/schema.org","@graph":[{"@type":"Article","@id":"https:\/\/ilfoglio.info\/new\/le-voci-di-cernobyl-a-40-anni-dal-disastro\/#article","isPartOf":{"@id":"https:\/\/ilfoglio.info\/new\/le-voci-di-cernobyl-a-40-anni-dal-disastro\/"},"author":{"name":"Giovanni Pagliero","@id":"https:\/\/ilfoglio.info\/new\/#\/schema\/person\/8e70ebd6af3d1d49faf1982c4c0782b7"},"headline":"Le voci di Cernobyl 40 anni dopo","datePublished":"2026-04-29T07:00:00+00:00","mainEntityOfPage":{"@id":"https:\/\/ilfoglio.info\/new\/le-voci-di-cernobyl-a-40-anni-dal-disastro\/"},"wordCount":1210,"commentCount":0,"publisher":{"@id":"https:\/\/ilfoglio.info\/new\/#organization"},"image":{"@id":"https:\/\/ilfoglio.info\/new\/le-voci-di-cernobyl-a-40-anni-dal-disastro\/#primaryimage"},"thumbnailUrl":"https:\/\/ilfoglio.info\/new\/wp-content\/uploads\/2026\/04\/Chernobyl_Exclusion_Zone_-_Northern_Ukraine_-_01_26494292764.jpg","articleSection":["Libri, cinema, teatro e televisione, arte","News","Scienza e ambiente"],"inLanguage":"it-IT","potentialAction":[{"@type":"CommentAction","name":"Comment","target":["https:\/\/ilfoglio.info\/new\/le-voci-di-cernobyl-a-40-anni-dal-disastro\/#respond"]}]},{"@type":"WebPage","@id":"https:\/\/ilfoglio.info\/new\/le-voci-di-cernobyl-a-40-anni-dal-disastro\/","url":"https:\/\/ilfoglio.info\/new\/le-voci-di-cernobyl-a-40-anni-dal-disastro\/","name":"Le voci di Cernobyl 40 anni dopo - Il Foglio","isPartOf":{"@id":"https:\/\/ilfoglio.info\/new\/#website"},"primaryImageOfPage":{"@id":"https:\/\/ilfoglio.info\/new\/le-voci-di-cernobyl-a-40-anni-dal-disastro\/#primaryimage"},"image":{"@id":"https:\/\/ilfoglio.info\/new\/le-voci-di-cernobyl-a-40-anni-dal-disastro\/#primaryimage"},"thumbnailUrl":"https:\/\/ilfoglio.info\/new\/wp-content\/uploads\/2026\/04\/Chernobyl_Exclusion_Zone_-_Northern_Ukraine_-_01_26494292764.jpg","datePublished":"2026-04-29T07:00:00+00:00","breadcrumb":{"@id":"https:\/\/ilfoglio.info\/new\/le-voci-di-cernobyl-a-40-anni-dal-disastro\/#breadcrumb"},"inLanguage":"it-IT","potentialAction":[{"@type":"ReadAction","target":["https:\/\/ilfoglio.info\/new\/le-voci-di-cernobyl-a-40-anni-dal-disastro\/"]}]},{"@type":"ImageObject","inLanguage":"it-IT","@id":"https:\/\/ilfoglio.info\/new\/le-voci-di-cernobyl-a-40-anni-dal-disastro\/#primaryimage","url":"https:\/\/ilfoglio.info\/new\/wp-content\/uploads\/2026\/04\/Chernobyl_Exclusion_Zone_-_Northern_Ukraine_-_01_26494292764.jpg","contentUrl":"https:\/\/ilfoglio.info\/new\/wp-content\/uploads\/2026\/04\/Chernobyl_Exclusion_Zone_-_Northern_Ukraine_-_01_26494292764.jpg","width":960,"height":720},{"@type":"BreadcrumbList","@id":"https:\/\/ilfoglio.info\/new\/le-voci-di-cernobyl-a-40-anni-dal-disastro\/#breadcrumb","itemListElement":[{"@type":"ListItem","position":1,"name":"Home","item":"https:\/\/ilfoglio.info\/new\/"},{"@type":"ListItem","position":2,"name":"Le voci di Cernobyl 40 anni dopo"}]},{"@type":"WebSite","@id":"https:\/\/ilfoglio.info\/new\/#website","url":"https:\/\/ilfoglio.info\/new\/","name":"Il Foglio","description":"","publisher":{"@id":"https:\/\/ilfoglio.info\/new\/#organization"},"potentialAction":[{"@type":"SearchAction","target":{"@type":"EntryPoint","urlTemplate":"https:\/\/ilfoglio.info\/new\/?s={search_term_string}"},"query-input":{"@type":"PropertyValueSpecification","valueRequired":true,"valueName":"search_term_string"}}],"inLanguage":"it-IT"},{"@type":"Organization","@id":"https:\/\/ilfoglio.info\/new\/#organization","name":"Istituto delle Suore Francescane Elisabettine","url":"https:\/\/ilfoglio.info\/new\/","logo":{"@type":"ImageObject","inLanguage":"it-IT","@id":"https:\/\/ilfoglio.info\/new\/#\/schema\/logo\/image\/","url":"https:\/\/ilfoglio.info\/new\/wp-content\/uploads\/2022\/05\/logo-imm-profilo-fb-01.png","contentUrl":"https:\/\/ilfoglio.info\/new\/wp-content\/uploads\/2022\/05\/logo-imm-profilo-fb-01.png","width":708,"height":708,"caption":"Istituto delle Suore Francescane Elisabettine"},"image":{"@id":"https:\/\/ilfoglio.info\/new\/#\/schema\/logo\/image\/"},"sameAs":["https:\/\/www.facebook.com\/Francescane-Elisabettine-Pastorale-Giovanile-Vocazionale-403083793120929","https:\/\/www.instagram.com\/evocate__\/?hl=it"]},{"@type":"Person","@id":"https:\/\/ilfoglio.info\/new\/#\/schema\/person\/8e70ebd6af3d1d49faf1982c4c0782b7","name":"Giovanni Pagliero","image":{"@type":"ImageObject","inLanguage":"it-IT","@id":"https:\/\/ilfoglio.info\/new\/#\/schema\/person\/image\/","url":"https:\/\/secure.gravatar.com\/avatar\/b8e916ca592fe4044314d5b96ab76e56f63b14867920e3e9ced93731884a05e5?s=96&d=mm&r=g","contentUrl":"https:\/\/secure.gravatar.com\/avatar\/b8e916ca592fe4044314d5b96ab76e56f63b14867920e3e9ced93731884a05e5?s=96&d=mm&r=g","caption":"Giovanni Pagliero"},"url":"https:\/\/ilfoglio.info\/new\/author\/giovanni-pagliero\/"}]}},"_links":{"self":[{"href":"https:\/\/ilfoglio.info\/new\/wp-json\/wp\/v2\/posts\/3856","targetHints":{"allow":["GET"]}}],"collection":[{"href":"https:\/\/ilfoglio.info\/new\/wp-json\/wp\/v2\/posts"}],"about":[{"href":"https:\/\/ilfoglio.info\/new\/wp-json\/wp\/v2\/types\/post"}],"author":[{"embeddable":true,"href":"https:\/\/ilfoglio.info\/new\/wp-json\/wp\/v2\/users\/17"}],"replies":[{"embeddable":true,"href":"https:\/\/ilfoglio.info\/new\/wp-json\/wp\/v2\/comments?post=3856"}],"version-history":[{"count":2,"href":"https:\/\/ilfoglio.info\/new\/wp-json\/wp\/v2\/posts\/3856\/revisions"}],"predecessor-version":[{"id":3862,"href":"https:\/\/ilfoglio.info\/new\/wp-json\/wp\/v2\/posts\/3856\/revisions\/3862"}],"wp:featuredmedia":[{"embeddable":true,"href":"https:\/\/ilfoglio.info\/new\/wp-json\/wp\/v2\/media\/3857"}],"wp:attachment":[{"href":"https:\/\/ilfoglio.info\/new\/wp-json\/wp\/v2\/media?parent=3856"}],"wp:term":[{"taxonomy":"category","embeddable":true,"href":"https:\/\/ilfoglio.info\/new\/wp-json\/wp\/v2\/categories?post=3856"},{"taxonomy":"post_tag","embeddable":true,"href":"https:\/\/ilfoglio.info\/new\/wp-json\/wp\/v2\/tags?post=3856"}],"curies":[{"name":"wp","href":"https:\/\/api.w.org\/{rel}","templated":true}]}}