{"id":4024,"date":"2026-08-31T09:00:00","date_gmt":"2026-08-31T07:00:00","guid":{"rendered":"https:\/\/ilfoglio.info\/new\/?p=4024"},"modified":"2026-07-21T22:03:39","modified_gmt":"2026-07-21T20:03:39","slug":"fede-patria-scienza-quel-che-resta-di-un-motto-giovanile","status":"publish","type":"post","link":"https:\/\/ilfoglio.info\/new\/fede-patria-scienza-quel-che-resta-di-un-motto-giovanile\/","title":{"rendered":"Fede, scienza, patria: quel che resta di un motto giovanile"},"content":{"rendered":"\n<p class=\"wp-block-paragraph\">Fede, Scienza, Patria. Era il motto della Federazione Universitaria Cattolica Italiana (Fuci) La fede \u00e8 evaporata tra le durezze della vita. Alla patria non ho mai creduto, forse anche per il discredito della versione fascista. La mia patria, ammesso che sia necessario averne una, \u00e8 l\u2019Europa, purtroppo in questi tempi paralizzata dal ritorno prepotente e infausto dei nazionalismi. Sono tuttavia in grado di distinguere tra l\u2019arcigna <em>Vaterland<\/em> (neutro) e la dolce <em>Heimat<\/em> (femminile). Mentre la prima, traduzione letterale di patria, \u00e8 legata all\u2019ambiguo concetto di sangue (<em>Blut<\/em>), <em>Die Heimat<\/em> ci riporta all\u2019insostituibile legame col luogo (<em>Boden<\/em>), fosse anche il pi\u00f9 squallido, in cui abbiamo avuto la casuale ventura di nascere. Siano paesi o citt\u00e0, siano soprattutto campagne, l\u2019alternarsi delle stagioni, il greto di un fiume dove giocammo bambini, le strade polverose affrontate con la prima bicicletta. E l\u2019affetto dei grandi che ci educavano. Ho sempre trovato originale e anche un po\u2019 curioso che la lingua tedesca, pi\u00f9 di altre, ci fornisca queste raffinate differenze. Del resto anche il neutro <em>Land<\/em> non impedisce di fare grande poesia. Per tutti Goethe: \u00ab<em>Das Land, wo die Zitronen bl\u00fchen<\/em>\u00bb (\u00abla terra dove fioriscono i limoni\u00bb). Uno dei pi\u00f9 bei versi riferiti all\u2019Italia.<\/p>\n\n\n\n<p class=\"wp-block-paragraph\">In entrata tengo una grande bandiera dell\u2019Unione Europea, le 12 stelle gialle in campo blu. Spesso mi sorprendo a guardarla come si osserva con affetto la foto di un parente caro. Invece di puntare alla Federazione, sta facendo pericolosi passi indietro. Paralizzata, tra l\u2019altro, dalle decisioni all\u2019unanimit\u00e0 sempre pi\u00f9 complesse. E comunque la cultura europea va oltre l\u2019Unione e non pu\u00f2 prescindere da Gran Bretagna e Russia e neppure dai Balcani. Queste sono le nostre molteplici e profonde radici.<\/p>\n\n\n\n<p class=\"wp-block-paragraph\">Resta la scienza, che non va assolutizzata n\u00e9 idolatrata, ma a cui dobbiamo molto, In primis il merito di aver superato le barriere della paura e dell\u2019ignoranza .<\/p>\n\n\n\n<p class=\"wp-block-paragraph\">Durante l\u2019estate riemergono antiche passioni. Per me, l\u2019astronomia, che coltivo a sprazzi dilettanteschi, fin dall\u2019infanzia. Da quando, in una polverosa soffitta dei nonni, scoprii <em>L\u2019astronomia popolare<\/em> di Camille Flammarion, prima edizione , Parigi 1880. Pi\u00f9 tardi, ero forse in terza media, i miei vollero farmi un gran regalo per Natale. <em>La conquista dello spazio<\/em> del tedesco-americano Willy Ley, un libro costosissimo per le pregevoli tavole a colori, ovviamente a quei tempi, quasi del tutto fantasiose.<\/p>\n\n\n\n<p class=\"wp-block-paragraph\">Paolo Ferri \u00e8 un fisico teorico che ha lavorato 37 anni all\u2019Agenzia Spaziale Europea di Darmstadt. Nel suo ultimo recentissimo libro (febbraio 2026) <em>Ai confini dell\u2019Universo<\/em> delinea con linguaggio chiaro e coinvolgente, un percorso che dalle sfere celesti di Eudosso di Cnido e di Aristotele giunge alle pi\u00f9 recenti esplorazioni spaziali.<\/p>\n\n\n\n<p class=\"wp-block-paragraph\">\u00abIl 14 febbraio 1990, la sonda Voyager 1, a circa 6 miliardi di km dal sole fu riorientata\u2026 per scattare un\u2019ultima cartolina. Una foto d\u2019addio a tutti i pianeti, visibili come puntini, con il sole unico disco brillante\u00bb (p. 157). Immagini che si possono trovare su un sito della Nasa e che lasciano senza fiato. Un sistema nato con Galileo e che segna l\u2019ingresso nella modernit\u00e0. Non pi\u00f9 tavole fantasiose, ma la realt\u00e0 dell\u2019universo. Il pianeta azzurro appare come \u00abun puntino minuscolo e isolato nella vastit\u00e0 dello spazio\u00bb, l\u2019aiuola che ci fa tanto feroci e che cerchiamo con impegno di distruggere con le guerre e il cambiamento climatico. Ecco la scienza: per ogni problema risolto, ne apre altri. L\u2019umanit\u00e0 \u00e8 la sola forma di vita nello spazio? Probabilmente no. In 13 miliardi di anni dal Big Bang pu\u00f2 essere accaduto di tutto, per evoluzione. Sono stati osservati, per ora indirettamente, data la grande distanza, pianeti di altre stelle, alcuni dei quali potrebbero avere caratteristiche simili alla Terra. Potremmo poi anche avere forme di vita cosciente molto diverse da quella che conosciamo\u2026 Mi sembra di tornare bambino quando sfogliavo il \u00abFlammarion\u00bb, con tavole che ricordavano lo stile di Gustavo Dor\u00e9 o di Francesco Gonin e, parafrasando un altro grande: \u00abIl naufragar m\u2019era dolce in questo mare\u00bb\u2026 di spazio infinito.<\/p>\n","protected":false},"excerpt":{"rendered":"<p>Fede, Scienza, Patria. Era il motto della Federazione Universitaria Cattolica Italiana (Fuci) La fede \u00e8 evaporata tra le durezze della vita. Alla patria non ho mai creduto, forse anche per il discredito della versione fascista. La mia patria, ammesso che sia necessario averne una, \u00e8 l\u2019Europa, purtroppo in questi tempi paralizzata dal ritorno prepotente e [&hellip;]<\/p>\n","protected":false},"author":25,"featured_media":4025,"comment_status":"open","ping_status":"open","sticky":false,"template":"","format":"standard","meta":{"_et_pb_use_builder":"off","_et_pb_old_content":"","_et_gb_content_width":"","footnotes":""},"categories":[1,222,228],"tags":[],"class_list":["post-4024","post","type-post","status-publish","format-standard","has-post-thumbnail","hentry","category-news","category-societa","category-zibaldone"],"yoast_head":"<!-- This site is optimized with the Yoast SEO plugin v26.4 - https:\/\/yoast.com\/wordpress\/plugins\/seo\/ -->\n<title>Fede, scienza, patria: quel che resta di un motto giovanile - Il Foglio<\/title>\n<meta name=\"robots\" content=\"index, follow, max-snippet:-1, max-image-preview:large, max-video-preview:-1\" \/>\n<link rel=\"canonical\" href=\"https:\/\/ilfoglio.info\/new\/fede-patria-scienza-quel-che-resta-di-un-motto-giovanile\/\" \/>\n<meta property=\"og:locale\" content=\"it_IT\" \/>\n<meta property=\"og:type\" content=\"article\" \/>\n<meta property=\"og:title\" content=\"Fede, scienza, patria: quel che resta di un motto giovanile - Il Foglio\" \/>\n<meta property=\"og:description\" content=\"Fede, Scienza, Patria. Era il motto della Federazione Universitaria Cattolica Italiana (Fuci) La fede \u00e8 evaporata tra le durezze della vita. Alla patria non ho mai creduto, forse anche per il discredito della versione fascista. La mia patria, ammesso che sia necessario averne una, \u00e8 l\u2019Europa, purtroppo in questi tempi paralizzata dal ritorno prepotente e [&hellip;]\" \/>\n<meta property=\"og:url\" content=\"https:\/\/ilfoglio.info\/new\/fede-patria-scienza-quel-che-resta-di-un-motto-giovanile\/\" \/>\n<meta property=\"og:site_name\" content=\"Il Foglio\" \/>\n<meta property=\"article:publisher\" content=\"https:\/\/www.facebook.com\/Francescane-Elisabettine-Pastorale-Giovanile-Vocazionale-403083793120929\" \/>\n<meta property=\"article:published_time\" content=\"2026-08-31T07:00:00+00:00\" \/>\n<meta property=\"og:image\" content=\"https:\/\/ilfoglio.info\/new\/wp-content\/uploads\/2026\/07\/Flammarion_Colored.jpg\" \/>\n\t<meta property=\"og:image:width\" content=\"960\" \/>\n\t<meta property=\"og:image:height\" content=\"804\" \/>\n\t<meta property=\"og:image:type\" content=\"image\/jpeg\" \/>\n<meta name=\"author\" content=\"Pier Luigi Quaregna\" \/>\n<meta name=\"twitter:card\" content=\"summary_large_image\" \/>\n<meta name=\"twitter:label1\" content=\"Scritto da\" \/>\n\t<meta name=\"twitter:data1\" content=\"Pier Luigi Quaregna\" \/>\n\t<meta name=\"twitter:label2\" content=\"Tempo di lettura stimato\" \/>\n\t<meta name=\"twitter:data2\" content=\"4 minuti\" \/>\n<script type=\"application\/ld+json\" class=\"yoast-schema-graph\">{\"@context\":\"https:\/\/schema.org\",\"@graph\":[{\"@type\":\"Article\",\"@id\":\"https:\/\/ilfoglio.info\/new\/fede-patria-scienza-quel-che-resta-di-un-motto-giovanile\/#article\",\"isPartOf\":{\"@id\":\"https:\/\/ilfoglio.info\/new\/fede-patria-scienza-quel-che-resta-di-un-motto-giovanile\/\"},\"author\":{\"name\":\"Pier Luigi Quaregna\",\"@id\":\"https:\/\/ilfoglio.info\/new\/#\/schema\/person\/59aee1d473ff27c0c862adf40779f196\"},\"headline\":\"Fede, scienza, patria: quel che resta di un motto giovanile\",\"datePublished\":\"2026-08-31T07:00:00+00:00\",\"mainEntityOfPage\":{\"@id\":\"https:\/\/ilfoglio.info\/new\/fede-patria-scienza-quel-che-resta-di-un-motto-giovanile\/\"},\"wordCount\":668,\"commentCount\":0,\"publisher\":{\"@id\":\"https:\/\/ilfoglio.info\/new\/#organization\"},\"image\":{\"@id\":\"https:\/\/ilfoglio.info\/new\/fede-patria-scienza-quel-che-resta-di-un-motto-giovanile\/#primaryimage\"},\"thumbnailUrl\":\"https:\/\/ilfoglio.info\/new\/wp-content\/uploads\/2026\/07\/Flammarion_Colored.jpg\",\"articleSection\":[\"News\",\"Societ\u00e0\",\"Zibaldone\"],\"inLanguage\":\"it-IT\",\"potentialAction\":[{\"@type\":\"CommentAction\",\"name\":\"Comment\",\"target\":[\"https:\/\/ilfoglio.info\/new\/fede-patria-scienza-quel-che-resta-di-un-motto-giovanile\/#respond\"]}]},{\"@type\":\"WebPage\",\"@id\":\"https:\/\/ilfoglio.info\/new\/fede-patria-scienza-quel-che-resta-di-un-motto-giovanile\/\",\"url\":\"https:\/\/ilfoglio.info\/new\/fede-patria-scienza-quel-che-resta-di-un-motto-giovanile\/\",\"name\":\"Fede, scienza, patria: quel che resta di un motto giovanile - Il Foglio\",\"isPartOf\":{\"@id\":\"https:\/\/ilfoglio.info\/new\/#website\"},\"primaryImageOfPage\":{\"@id\":\"https:\/\/ilfoglio.info\/new\/fede-patria-scienza-quel-che-resta-di-un-motto-giovanile\/#primaryimage\"},\"image\":{\"@id\":\"https:\/\/ilfoglio.info\/new\/fede-patria-scienza-quel-che-resta-di-un-motto-giovanile\/#primaryimage\"},\"thumbnailUrl\":\"https:\/\/ilfoglio.info\/new\/wp-content\/uploads\/2026\/07\/Flammarion_Colored.jpg\",\"datePublished\":\"2026-08-31T07:00:00+00:00\",\"breadcrumb\":{\"@id\":\"https:\/\/ilfoglio.info\/new\/fede-patria-scienza-quel-che-resta-di-un-motto-giovanile\/#breadcrumb\"},\"inLanguage\":\"it-IT\",\"potentialAction\":[{\"@type\":\"ReadAction\",\"target\":[\"https:\/\/ilfoglio.info\/new\/fede-patria-scienza-quel-che-resta-di-un-motto-giovanile\/\"]}]},{\"@type\":\"ImageObject\",\"inLanguage\":\"it-IT\",\"@id\":\"https:\/\/ilfoglio.info\/new\/fede-patria-scienza-quel-che-resta-di-un-motto-giovanile\/#primaryimage\",\"url\":\"https:\/\/ilfoglio.info\/new\/wp-content\/uploads\/2026\/07\/Flammarion_Colored.jpg\",\"contentUrl\":\"https:\/\/ilfoglio.info\/new\/wp-content\/uploads\/2026\/07\/Flammarion_Colored.jpg\",\"width\":960,\"height\":804},{\"@type\":\"BreadcrumbList\",\"@id\":\"https:\/\/ilfoglio.info\/new\/fede-patria-scienza-quel-che-resta-di-un-motto-giovanile\/#breadcrumb\",\"itemListElement\":[{\"@type\":\"ListItem\",\"position\":1,\"name\":\"Home\",\"item\":\"https:\/\/ilfoglio.info\/new\/\"},{\"@type\":\"ListItem\",\"position\":2,\"name\":\"Fede, scienza, patria: quel che resta di un motto giovanile\"}]},{\"@type\":\"WebSite\",\"@id\":\"https:\/\/ilfoglio.info\/new\/#website\",\"url\":\"https:\/\/ilfoglio.info\/new\/\",\"name\":\"Il Foglio\",\"description\":\"\",\"publisher\":{\"@id\":\"https:\/\/ilfoglio.info\/new\/#organization\"},\"potentialAction\":[{\"@type\":\"SearchAction\",\"target\":{\"@type\":\"EntryPoint\",\"urlTemplate\":\"https:\/\/ilfoglio.info\/new\/?s={search_term_string}\"},\"query-input\":{\"@type\":\"PropertyValueSpecification\",\"valueRequired\":true,\"valueName\":\"search_term_string\"}}],\"inLanguage\":\"it-IT\"},{\"@type\":\"Organization\",\"@id\":\"https:\/\/ilfoglio.info\/new\/#organization\",\"name\":\"Istituto delle Suore Francescane Elisabettine\",\"url\":\"https:\/\/ilfoglio.info\/new\/\",\"logo\":{\"@type\":\"ImageObject\",\"inLanguage\":\"it-IT\",\"@id\":\"https:\/\/ilfoglio.info\/new\/#\/schema\/logo\/image\/\",\"url\":\"https:\/\/ilfoglio.info\/new\/wp-content\/uploads\/2022\/05\/logo-imm-profilo-fb-01.png\",\"contentUrl\":\"https:\/\/ilfoglio.info\/new\/wp-content\/uploads\/2022\/05\/logo-imm-profilo-fb-01.png\",\"width\":708,\"height\":708,\"caption\":\"Istituto delle Suore Francescane Elisabettine\"},\"image\":{\"@id\":\"https:\/\/ilfoglio.info\/new\/#\/schema\/logo\/image\/\"},\"sameAs\":[\"https:\/\/www.facebook.com\/Francescane-Elisabettine-Pastorale-Giovanile-Vocazionale-403083793120929\",\"https:\/\/www.instagram.com\/evocate__\/?hl=it\"]},{\"@type\":\"Person\",\"@id\":\"https:\/\/ilfoglio.info\/new\/#\/schema\/person\/59aee1d473ff27c0c862adf40779f196\",\"name\":\"Pier Luigi Quaregna\",\"image\":{\"@type\":\"ImageObject\",\"inLanguage\":\"it-IT\",\"@id\":\"https:\/\/ilfoglio.info\/new\/#\/schema\/person\/image\/\",\"url\":\"https:\/\/secure.gravatar.com\/avatar\/bdc9d2c77e66d31f6be6ed5a001518f8dac2136eb468019b0f07e8bcf389fae0?s=96&d=mm&r=g\",\"contentUrl\":\"https:\/\/secure.gravatar.com\/avatar\/bdc9d2c77e66d31f6be6ed5a001518f8dac2136eb468019b0f07e8bcf389fae0?s=96&d=mm&r=g\",\"caption\":\"Pier Luigi Quaregna\"},\"url\":\"https:\/\/ilfoglio.info\/new\/author\/pierluigi-quaregna\/\"}]}<\/script>\n<!-- \/ Yoast SEO plugin. -->","yoast_head_json":{"title":"Fede, scienza, patria: quel che resta di un motto giovanile - Il Foglio","robots":{"index":"index","follow":"follow","max-snippet":"max-snippet:-1","max-image-preview":"max-image-preview:large","max-video-preview":"max-video-preview:-1"},"canonical":"https:\/\/ilfoglio.info\/new\/fede-patria-scienza-quel-che-resta-di-un-motto-giovanile\/","og_locale":"it_IT","og_type":"article","og_title":"Fede, scienza, patria: quel che resta di un motto giovanile - Il Foglio","og_description":"Fede, Scienza, Patria. Era il motto della Federazione Universitaria Cattolica Italiana (Fuci) La fede \u00e8 evaporata tra le durezze della vita. Alla patria non ho mai creduto, forse anche per il discredito della versione fascista. La mia patria, ammesso che sia necessario averne una, \u00e8 l\u2019Europa, purtroppo in questi tempi paralizzata dal ritorno prepotente e [&hellip;]","og_url":"https:\/\/ilfoglio.info\/new\/fede-patria-scienza-quel-che-resta-di-un-motto-giovanile\/","og_site_name":"Il Foglio","article_publisher":"https:\/\/www.facebook.com\/Francescane-Elisabettine-Pastorale-Giovanile-Vocazionale-403083793120929","article_published_time":"2026-08-31T07:00:00+00:00","og_image":[{"width":960,"height":804,"url":"https:\/\/ilfoglio.info\/new\/wp-content\/uploads\/2026\/07\/Flammarion_Colored.jpg","type":"image\/jpeg"}],"author":"Pier Luigi Quaregna","twitter_card":"summary_large_image","twitter_misc":{"Scritto da":"Pier Luigi Quaregna","Tempo di lettura stimato":"4 minuti"},"schema":{"@context":"https:\/\/schema.org","@graph":[{"@type":"Article","@id":"https:\/\/ilfoglio.info\/new\/fede-patria-scienza-quel-che-resta-di-un-motto-giovanile\/#article","isPartOf":{"@id":"https:\/\/ilfoglio.info\/new\/fede-patria-scienza-quel-che-resta-di-un-motto-giovanile\/"},"author":{"name":"Pier Luigi Quaregna","@id":"https:\/\/ilfoglio.info\/new\/#\/schema\/person\/59aee1d473ff27c0c862adf40779f196"},"headline":"Fede, scienza, patria: quel che resta di un motto giovanile","datePublished":"2026-08-31T07:00:00+00:00","mainEntityOfPage":{"@id":"https:\/\/ilfoglio.info\/new\/fede-patria-scienza-quel-che-resta-di-un-motto-giovanile\/"},"wordCount":668,"commentCount":0,"publisher":{"@id":"https:\/\/ilfoglio.info\/new\/#organization"},"image":{"@id":"https:\/\/ilfoglio.info\/new\/fede-patria-scienza-quel-che-resta-di-un-motto-giovanile\/#primaryimage"},"thumbnailUrl":"https:\/\/ilfoglio.info\/new\/wp-content\/uploads\/2026\/07\/Flammarion_Colored.jpg","articleSection":["News","Societ\u00e0","Zibaldone"],"inLanguage":"it-IT","potentialAction":[{"@type":"CommentAction","name":"Comment","target":["https:\/\/ilfoglio.info\/new\/fede-patria-scienza-quel-che-resta-di-un-motto-giovanile\/#respond"]}]},{"@type":"WebPage","@id":"https:\/\/ilfoglio.info\/new\/fede-patria-scienza-quel-che-resta-di-un-motto-giovanile\/","url":"https:\/\/ilfoglio.info\/new\/fede-patria-scienza-quel-che-resta-di-un-motto-giovanile\/","name":"Fede, scienza, patria: quel che resta di un motto giovanile - Il Foglio","isPartOf":{"@id":"https:\/\/ilfoglio.info\/new\/#website"},"primaryImageOfPage":{"@id":"https:\/\/ilfoglio.info\/new\/fede-patria-scienza-quel-che-resta-di-un-motto-giovanile\/#primaryimage"},"image":{"@id":"https:\/\/ilfoglio.info\/new\/fede-patria-scienza-quel-che-resta-di-un-motto-giovanile\/#primaryimage"},"thumbnailUrl":"https:\/\/ilfoglio.info\/new\/wp-content\/uploads\/2026\/07\/Flammarion_Colored.jpg","datePublished":"2026-08-31T07:00:00+00:00","breadcrumb":{"@id":"https:\/\/ilfoglio.info\/new\/fede-patria-scienza-quel-che-resta-di-un-motto-giovanile\/#breadcrumb"},"inLanguage":"it-IT","potentialAction":[{"@type":"ReadAction","target":["https:\/\/ilfoglio.info\/new\/fede-patria-scienza-quel-che-resta-di-un-motto-giovanile\/"]}]},{"@type":"ImageObject","inLanguage":"it-IT","@id":"https:\/\/ilfoglio.info\/new\/fede-patria-scienza-quel-che-resta-di-un-motto-giovanile\/#primaryimage","url":"https:\/\/ilfoglio.info\/new\/wp-content\/uploads\/2026\/07\/Flammarion_Colored.jpg","contentUrl":"https:\/\/ilfoglio.info\/new\/wp-content\/uploads\/2026\/07\/Flammarion_Colored.jpg","width":960,"height":804},{"@type":"BreadcrumbList","@id":"https:\/\/ilfoglio.info\/new\/fede-patria-scienza-quel-che-resta-di-un-motto-giovanile\/#breadcrumb","itemListElement":[{"@type":"ListItem","position":1,"name":"Home","item":"https:\/\/ilfoglio.info\/new\/"},{"@type":"ListItem","position":2,"name":"Fede, scienza, patria: quel che resta di un motto giovanile"}]},{"@type":"WebSite","@id":"https:\/\/ilfoglio.info\/new\/#website","url":"https:\/\/ilfoglio.info\/new\/","name":"Il Foglio","description":"","publisher":{"@id":"https:\/\/ilfoglio.info\/new\/#organization"},"potentialAction":[{"@type":"SearchAction","target":{"@type":"EntryPoint","urlTemplate":"https:\/\/ilfoglio.info\/new\/?s={search_term_string}"},"query-input":{"@type":"PropertyValueSpecification","valueRequired":true,"valueName":"search_term_string"}}],"inLanguage":"it-IT"},{"@type":"Organization","@id":"https:\/\/ilfoglio.info\/new\/#organization","name":"Istituto delle Suore Francescane Elisabettine","url":"https:\/\/ilfoglio.info\/new\/","logo":{"@type":"ImageObject","inLanguage":"it-IT","@id":"https:\/\/ilfoglio.info\/new\/#\/schema\/logo\/image\/","url":"https:\/\/ilfoglio.info\/new\/wp-content\/uploads\/2022\/05\/logo-imm-profilo-fb-01.png","contentUrl":"https:\/\/ilfoglio.info\/new\/wp-content\/uploads\/2022\/05\/logo-imm-profilo-fb-01.png","width":708,"height":708,"caption":"Istituto delle Suore Francescane Elisabettine"},"image":{"@id":"https:\/\/ilfoglio.info\/new\/#\/schema\/logo\/image\/"},"sameAs":["https:\/\/www.facebook.com\/Francescane-Elisabettine-Pastorale-Giovanile-Vocazionale-403083793120929","https:\/\/www.instagram.com\/evocate__\/?hl=it"]},{"@type":"Person","@id":"https:\/\/ilfoglio.info\/new\/#\/schema\/person\/59aee1d473ff27c0c862adf40779f196","name":"Pier Luigi Quaregna","image":{"@type":"ImageObject","inLanguage":"it-IT","@id":"https:\/\/ilfoglio.info\/new\/#\/schema\/person\/image\/","url":"https:\/\/secure.gravatar.com\/avatar\/bdc9d2c77e66d31f6be6ed5a001518f8dac2136eb468019b0f07e8bcf389fae0?s=96&d=mm&r=g","contentUrl":"https:\/\/secure.gravatar.com\/avatar\/bdc9d2c77e66d31f6be6ed5a001518f8dac2136eb468019b0f07e8bcf389fae0?s=96&d=mm&r=g","caption":"Pier Luigi Quaregna"},"url":"https:\/\/ilfoglio.info\/new\/author\/pierluigi-quaregna\/"}]}},"_links":{"self":[{"href":"https:\/\/ilfoglio.info\/new\/wp-json\/wp\/v2\/posts\/4024","targetHints":{"allow":["GET"]}}],"collection":[{"href":"https:\/\/ilfoglio.info\/new\/wp-json\/wp\/v2\/posts"}],"about":[{"href":"https:\/\/ilfoglio.info\/new\/wp-json\/wp\/v2\/types\/post"}],"author":[{"embeddable":true,"href":"https:\/\/ilfoglio.info\/new\/wp-json\/wp\/v2\/users\/25"}],"replies":[{"embeddable":true,"href":"https:\/\/ilfoglio.info\/new\/wp-json\/wp\/v2\/comments?post=4024"}],"version-history":[{"count":2,"href":"https:\/\/ilfoglio.info\/new\/wp-json\/wp\/v2\/posts\/4024\/revisions"}],"predecessor-version":[{"id":4042,"href":"https:\/\/ilfoglio.info\/new\/wp-json\/wp\/v2\/posts\/4024\/revisions\/4042"}],"wp:featuredmedia":[{"embeddable":true,"href":"https:\/\/ilfoglio.info\/new\/wp-json\/wp\/v2\/media\/4025"}],"wp:attachment":[{"href":"https:\/\/ilfoglio.info\/new\/wp-json\/wp\/v2\/media?parent=4024"}],"wp:term":[{"taxonomy":"category","embeddable":true,"href":"https:\/\/ilfoglio.info\/new\/wp-json\/wp\/v2\/categories?post=4024"},{"taxonomy":"post_tag","embeddable":true,"href":"https:\/\/ilfoglio.info\/new\/wp-json\/wp\/v2\/tags?post=4024"}],"curies":[{"name":"wp","href":"https:\/\/api.w.org\/{rel}","templated":true}]}}